{"id":54629,"date":"2023-05-12T08:26:16","date_gmt":"2023-05-12T11:26:16","guid":{"rendered":"https:\/\/mpiaui.com.br\/franze-rebate-gestao-de-dr-pessoa-e-manda-prefeito-estudar-para-cuidar-bem-de-teresina\/"},"modified":"2023-05-12T08:26:16","modified_gmt":"2023-05-12T11:26:16","slug":"franze-rebate-gestao-de-dr-pessoa-e-manda-prefeito-estudar-para-cuidar-bem-de-teresina","status":"publish","type":"post","link":"https:\/\/mpiaui.com.br\/antigo\/?p=54629","title":{"rendered":"Franz\u00e9 rebate gest\u00e3o de Dr. Pessoa e manda prefeito estudar para cuidar bem de Teresina"},"content":{"rendered":"<p> [ad_1]<br \/>\n<\/p>\n<div>\n<p>Nesta quinta-feira (11), O presidente da Assembleia Legislativa do Piau\u00ed, deputado estadual Franz\u00e9 Silva (PT-PI), se pronunciou sobre as declara\u00e7\u00f5es do prefeito de Teresina, Dr. Pessoa (Republicanos) que o chamou de \u201cpalanqueiro\u201d e o desafiou para um debate sobre a cidade ap\u00f3s cr\u00edticas feitas a administra\u00e7\u00e3o municipal.<\/p>\n<p>Franz\u00e9 falou que ficaria \u201cimensamente feliz\u201d se o prefeito realizasse um curso para cuidar da cidade e desse solu\u00e7\u00e3o as principais demandas dos teresinenses.<\/p>\n<p>Ficaria imensamente feliz se o prefeito de Teresina fizesse um curso intensivo de administra\u00e7\u00e3o p\u00fablica e come\u00e7asse a cuidar da Cidade. A \u00fanica pessoa que est\u00e1 agredindo a cidade \u00e9 ele. Essa n\u00e3o \u00e9 uma opini\u00e3o isolada minha\u201d, alfinetou o presidente da Alepi.<\/p>\n<p>Ainda de acordo com Franz\u00e9 Silva, a maioria dos teresinenses tem reclama\u00e7\u00f5es a fazer da administra\u00e7\u00e3o da capital. \u201cMais de 90% da popula\u00e7\u00e3o de Teresina desaprova a falta de gest\u00e3o do Dr. Pessoa. Ou ser\u00e1 que ele nunca viu uma pesquisa de opini\u00e3o realizada pelos diversos institutos de pesquisa?\u201d, questionou o presidente deputado \u00a0da Alepi .<\/p>\n<p>\u00a0<\/p>\n<p>Fonte teresinaemfoco<\/p>\n<\/p><\/div>\n","protected":false},"excerpt":{"rendered":"<p>[ad_1] Nesta quinta-feira (11), O presidente da Assembleia Legislativa do Piau\u00ed, deputado estadual Franz\u00e9 Silva (PT-PI), se pronunciou sobre as declara\u00e7\u00f5es do prefeito de Teresina, Dr. Pessoa (Republicanos) que o&hellip; <\/p>\n","protected":false},"author":1,"featured_media":54630,"comment_status":"open","ping_status":"open","sticky":false,"template":"","format":"standard","meta":{"footnotes":""},"categories":[22],"tags":[],"class_list":["post-54629","post","type-post","status-publish","format-standard","has-post-thumbnail","hentry","category-politica"],"_links":{"self":[{"href":"https:\/\/mpiaui.com.br\/antigo\/index.php?rest_route=\/wp\/v2\/posts\/54629","targetHints":{"allow":["GET"]}}],"collection":[{"href":"https:\/\/mpiaui.com.br\/antigo\/index.php?rest_route=\/wp\/v2\/posts"}],"about":[{"href":"https:\/\/mpiaui.com.br\/antigo\/index.php?rest_route=\/wp\/v2\/types\/post"}],"author":[{"embeddable":true,"href":"https:\/\/mpiaui.com.br\/antigo\/index.php?rest_route=\/wp\/v2\/users\/1"}],"replies":[{"embeddable":true,"href":"https:\/\/mpiaui.com.br\/antigo\/index.php?rest_route=%2Fwp%2Fv2%2Fcomments&post=54629"}],"version-history":[{"count":0,"href":"https:\/\/mpiaui.com.br\/antigo\/index.php?rest_route=\/wp\/v2\/posts\/54629\/revisions"}],"wp:featuredmedia":[{"embeddable":true,"href":"https:\/\/mpiaui.com.br\/antigo\/index.php?rest_route=\/wp\/v2\/media\/54630"}],"wp:attachment":[{"href":"https:\/\/mpiaui.com.br\/antigo\/index.php?rest_route=%2Fwp%2Fv2%2Fmedia&parent=54629"}],"wp:term":[{"taxonomy":"category","embeddable":true,"href":"https:\/\/mpiaui.com.br\/antigo\/index.php?rest_route=%2Fwp%2Fv2%2Fcategories&post=54629"},{"taxonomy":"post_tag","embeddable":true,"href":"https:\/\/mpiaui.com.br\/antigo\/index.php?rest_route=%2Fwp%2Fv2%2Ftags&post=54629"}],"curies":[{"name":"wp","href":"https:\/\/api.w.org\/{rel}","templated":true}]}}