{"id":54636,"date":"2023-05-12T10:13:32","date_gmt":"2023-05-12T13:13:32","guid":{"rendered":"https:\/\/mpiaui.com.br\/teresina-amplia-vacinacao-contra-gripe-para-professores-e-outros-grupos-confira\/"},"modified":"2023-05-12T10:13:32","modified_gmt":"2023-05-12T13:13:32","slug":"teresina-amplia-vacinacao-contra-gripe-para-professores-e-outros-grupos-confira","status":"publish","type":"post","link":"https:\/\/mpiaui.com.br\/antigo\/?p=54636","title":{"rendered":"Teresina amplia vacina\u00e7\u00e3o contra gripe para professores e outros grupos; confira"},"content":{"rendered":"<div>\n<p>\n                                                <img decoding=\"async\" src=\"https:\/\/piauihoje.com\/uploads\/imagens\/vacina-gripe\" alt=\"Vacina contra a gripe\" style=\"width: 100% !important;\"\/>\n                                                <\/p>\n<p>\n                                                    <span>Vacina contra a gripe<\/span><br \/>\n                                                    <span>Foto: Divulga\u00e7\u00e3o<\/span>\n                                                <\/p>\n<p>A partir da pr\u00f3xima segunda-feira (15), professores do ensino b\u00e1sico e superior, trabalhadores do transporte coletivo rodovi\u00e1rio para passageiros urbanos e de longo curso e trabalhadores portu\u00e1rios poder\u00e3o receber a vacina contra a gripe em Teresina. \u00a0Com isso, a Funda\u00e7\u00e3o Municipal de Sa\u00fade (FMS) passa a contemplar todos os grupos priorit\u00e1rios definidos pelo Minist\u00e9rio da Sa\u00fade.<\/p>\n<p>A partir de agora, todos os grupos podem tomar o imunizante tanto nas Unidades B\u00e1sicas de Sa\u00fade (UBS) como nos postos drive thru que ficam no Teresina Shopping (edif\u00edcio garagem estacionamento G1) e nos terminais Parque Piau\u00ed e Buenos Aires.\u00a0<\/p>\n<p><em>\u201cA exce\u00e7\u00e3o s\u00e3o crian\u00e7as de 6 meses a menores de 6 anos ou at\u00e9 12 anos que se enquadrem em outros grupos priorit\u00e1rios, que tomam a vacina exclusivamente nas UBS\u201d, informa Emanuelle Dias, coordenadora da campanha da FMS. O hor\u00e1rio de funcionamento das UBS \u00e9 das 8h \u00e0s 12h e 13h \u00e0s 17h, e os postos drive thru funcionam das 9h \u00e0s 17h.<\/em><\/p>\n<p><strong>Documentos necess\u00e1rios<\/strong><strong><br \/><\/strong>No momento da vacina\u00e7\u00e3o \u00e9 necess\u00e1rio apresentar um documento de identifica\u00e7\u00e3o com foto que comprove a idade, CPF ou cart\u00e3o do SUS e cart\u00e3o de vacina. Pessoas com comorbidades devem apresentar ainda um documento que comprove a sua condi\u00e7\u00e3o de sa\u00fade; trabalhadores da sa\u00fade, professores, caminhoneiros, trabalhadores rodovi\u00e1rios e portu\u00e1rios devem apresentar um comprovante de sua atividade profissional; e gestantes e pu\u00e9rperas devem apresentar seu cart\u00e3o da gestante ou certid\u00e3o de nascimento da crian\u00e7a.<\/p>\n<p><strong>Import\u00e2ncia da vacina<\/strong><br \/>A influenza, mais conhecida como gripe, \u00e9 uma infec\u00e7\u00e3o viral aguda que afeta o sistema respirat\u00f3rio, tem elevada transmissibilidade e com tend\u00eancia a se disseminar facilmente, podendo ocasionar quadros leves a graves. Em situa\u00e7\u00f5es onde ocorre agravamento dos casos, h\u00e1 necessidade de hospitaliza\u00e7\u00e3o.<\/p>\n<p>Emanuelle Dias, refor\u00e7a que, na oportunidade, a popula\u00e7\u00e3o que tamb\u00e9m t\u00eam direito \u00e0 vacina bivalente contra a covid-19 pode tomar os dois imunizantes. \u201c\u00c9 comprovadamente seguro tomar as vacinas da gripe e covid na mesma oportunidade, por isso estamos aplicando ambas nos mesmos locais\u201d, diz.<\/p>\n<p><strong>Vacina\u00e7\u00e3o contra a gripe<br \/><\/strong><br \/><strong>&#8211; Exclusivamente nas UBS<br \/><\/strong>Hor\u00e1rio de funcionamento: Segunda a sexta, 8h \u00e0s 12h e 13h \u00e0s 17h<br \/>P\u00fablico: Crian\u00e7as de 6 meses a menores de 6 anos (5 anos, 11 meses e 29 dias); crian\u00e7as de at\u00e9 12 anos que se enquadram em outros grupos priorit\u00e1rios<\/p>\n<p><strong>&#8211; UBS e drives Teresina Shopping G1, Terminal do Buenos Aires, Terminal do Parque Piau\u00ed<\/strong><br \/>Hor\u00e1rio de funcionamento: Segunda a sexta, 8h \u00e0s 12h e 13h \u00e0s 17h (UBS), 9h \u00e0s 17h (postos drive thru)<br \/>P\u00fablico: Trabalhadores da sa\u00fade; gestantes e pu\u00e9rperas; pessoas com defici\u00eancia permanente; idosos com 60 anos e mais; pessoas com doen\u00e7as cr\u00f4nicas n\u00e3o transmiss\u00edveis e outras condi\u00e7\u00f5es cl\u00ednicas especiais independentemente da idade; caminhoneiros; Professores do ensino b\u00e1sico e superior &#8211; rede p\u00fablica e privada; trabalhadores do transporte coletivo rodovi\u00e1rio para passageiros urbanos e de longo curso; trabalhadores portu\u00e1rios.<\/p>\n<p style=\"margin: 0px;\"><em>Fonte: Com informa\u00e7\u00f5es da FMS<\/em><\/p>\n<\/p><\/div>\n","protected":false},"excerpt":{"rendered":"<p>Vacina contra a gripe Foto: Divulga\u00e7\u00e3o A partir da pr\u00f3xima segunda-feira (15), professores do ensino b\u00e1sico e superior, trabalhadores do transporte coletivo rodovi\u00e1rio para passageiros urbanos e de longo curso&hellip; <\/p>\n","protected":false},"author":1,"featured_media":0,"comment_status":"open","ping_status":"open","sticky":false,"template":"","format":"standard","meta":{"footnotes":""},"categories":[78],"tags":[],"class_list":["post-54636","post","type-post","status-publish","format-standard","hentry","category-teresina"],"_links":{"self":[{"href":"https:\/\/mpiaui.com.br\/antigo\/index.php?rest_route=\/wp\/v2\/posts\/54636","targetHints":{"allow":["GET"]}}],"collection":[{"href":"https:\/\/mpiaui.com.br\/antigo\/index.php?rest_route=\/wp\/v2\/posts"}],"about":[{"href":"https:\/\/mpiaui.com.br\/antigo\/index.php?rest_route=\/wp\/v2\/types\/post"}],"author":[{"embeddable":true,"href":"https:\/\/mpiaui.com.br\/antigo\/index.php?rest_route=\/wp\/v2\/users\/1"}],"replies":[{"embeddable":true,"href":"https:\/\/mpiaui.com.br\/antigo\/index.php?rest_route=%2Fwp%2Fv2%2Fcomments&post=54636"}],"version-history":[{"count":0,"href":"https:\/\/mpiaui.com.br\/antigo\/index.php?rest_route=\/wp\/v2\/posts\/54636\/revisions"}],"wp:attachment":[{"href":"https:\/\/mpiaui.com.br\/antigo\/index.php?rest_route=%2Fwp%2Fv2%2Fmedia&parent=54636"}],"wp:term":[{"taxonomy":"category","embeddable":true,"href":"https:\/\/mpiaui.com.br\/antigo\/index.php?rest_route=%2Fwp%2Fv2%2Fcategories&post=54636"},{"taxonomy":"post_tag","embeddable":true,"href":"https:\/\/mpiaui.com.br\/antigo\/index.php?rest_route=%2Fwp%2Fv2%2Ftags&post=54636"}],"curies":[{"name":"wp","href":"https:\/\/api.w.org\/{rel}","templated":true}]}}