{"id":54640,"date":"2023-05-12T10:55:42","date_gmt":"2023-05-12T13:55:42","guid":{"rendered":"https:\/\/mpiaui.com.br\/motoristas-por-aplicativos-paralisam-em-teresina-e-todo-o-brasil-dia-15-05\/"},"modified":"2023-05-12T10:55:42","modified_gmt":"2023-05-12T13:55:42","slug":"motoristas-por-aplicativos-paralisam-em-teresina-e-todo-o-brasil-dia-15-05","status":"publish","type":"post","link":"https:\/\/mpiaui.com.br\/antigo\/?p=54640","title":{"rendered":"Motoristas por aplicativos paralisam em Teresina e todo o Brasil dia 15\/05"},"content":{"rendered":"<div>\n<p>\n                                                <img decoding=\"async\" src=\"https:\/\/piauihoje.com\/uploads\/imagens\/sem-titulo7\" alt=\"Uber\" style=\"width: 100% !important;\"\/>\n                                                <\/p>\n<p>\n                                                    <span>Uber<\/span><br \/>\n                                                    <span>Foto: Prefeitura de Parnamirim<\/span>\n                                                <\/p>\n<p>Trabalhadores do <strong>transporte por aplicativos<\/strong> de Teresina e de todo o Brasil decidem paralisar dia 15 de maio para reivindicar a\u00e7\u00f5es do <strong>Poder P\u00fablico<\/strong> contra a <strong>explora\u00e7\u00e3o dos trabalhadores <\/strong>imposta pelos aplicativos.<\/p>\n<blockquote>\n<p>\u201cN\u00f3s trabalhadores do transporte por aplicativo do estado do Piau\u00ed, motivados pela in\u00e9rcia do poder p\u00fablico o qual vem sendo provocado ao longo de toda nossa trajet\u00f3ria de luta, pelas institui\u00e7\u00f5es representativas e movimentos de base dos trabalhadores, por meio desta carta aberta comunicamos toda a sociedade piauiense sobre a realiza\u00e7\u00e3o de um grande ato de mobiliza\u00e7\u00e3o e paraliza\u00e7\u00e3o nacional de nossa categoria para denunciar a explora\u00e7\u00e3o do nosso trabalho pelas plataformas\u201d, diz um trecho da carta aberta da Comiss\u00e3o eleita de trabalhados do transporte por aplicativos do estado do Piau\u00ed.<\/p>\n<\/blockquote>\n<p>A iniciativa da paralisa\u00e7\u00e3o partiu de alguns motoristas por aplicativos que tamb\u00e9m atuam como influenciadores digitais. Eles alegam que as plataformas internacionais prometem ganhos satisfat\u00f3rios, mas, ap\u00f3s alguns meses de trabalho, esses benef\u00edcios deixam de ser oferecidos.<\/p>\n<p>A paralisa\u00e7\u00e3o tamb\u00e9m visa chamar a aten\u00e7\u00e3o do Poder P\u00fablico, pois enquanto v\u00e1rios outros estados e prefeituras j\u00e1 anunciaram incentivos e legisla\u00e7\u00e3o para os trabalhadores por aplicativos, em Teresina, desde o in\u00edcio das atividades em 2016, os trabalhadores n\u00e3o receberam nenhum benef\u00edcio.<\/p>\n<p>Os trabalhadores planejam implementar in\u00fameros pontos de paralisa\u00e7\u00e3o em toda a cidade, com a obstru\u00e7\u00e3o de uma via, deixando a outra via livre, avisando as autoridades, com a orienta\u00e7\u00e3o para que a manifesta\u00e7\u00e3o seja pac\u00edfica e dentro da legalidade.<\/p>\n<p>As pautas de reivindica\u00e7\u00f5es denunciam ao Minist\u00e9rio P\u00fablico do Trabalho a explora\u00e7\u00e3o dos aplicativos, e solicitam que os aplicativos sejam intimados a atualizarem o valor m\u00ednimo do km rodado para R$ 2,50, bem como, ter uma tarifa m\u00e1xima de 15%. Ao governador, os motoristas por aplicativos reivindicam o IPVA isento, bem como zonas de embarque e desembarque, ao prefeito de Teresina.<\/p>\n<\/p><\/div>\n","protected":false},"excerpt":{"rendered":"<p>Uber Foto: Prefeitura de Parnamirim Trabalhadores do transporte por aplicativos de Teresina e de todo o Brasil decidem paralisar dia 15 de maio para reivindicar a\u00e7\u00f5es do Poder P\u00fablico contra&hellip; <\/p>\n","protected":false},"author":1,"featured_media":0,"comment_status":"open","ping_status":"open","sticky":false,"template":"","format":"standard","meta":{"footnotes":""},"categories":[78],"tags":[],"class_list":["post-54640","post","type-post","status-publish","format-standard","hentry","category-teresina"],"_links":{"self":[{"href":"https:\/\/mpiaui.com.br\/antigo\/index.php?rest_route=\/wp\/v2\/posts\/54640","targetHints":{"allow":["GET"]}}],"collection":[{"href":"https:\/\/mpiaui.com.br\/antigo\/index.php?rest_route=\/wp\/v2\/posts"}],"about":[{"href":"https:\/\/mpiaui.com.br\/antigo\/index.php?rest_route=\/wp\/v2\/types\/post"}],"author":[{"embeddable":true,"href":"https:\/\/mpiaui.com.br\/antigo\/index.php?rest_route=\/wp\/v2\/users\/1"}],"replies":[{"embeddable":true,"href":"https:\/\/mpiaui.com.br\/antigo\/index.php?rest_route=%2Fwp%2Fv2%2Fcomments&post=54640"}],"version-history":[{"count":0,"href":"https:\/\/mpiaui.com.br\/antigo\/index.php?rest_route=\/wp\/v2\/posts\/54640\/revisions"}],"wp:attachment":[{"href":"https:\/\/mpiaui.com.br\/antigo\/index.php?rest_route=%2Fwp%2Fv2%2Fmedia&parent=54640"}],"wp:term":[{"taxonomy":"category","embeddable":true,"href":"https:\/\/mpiaui.com.br\/antigo\/index.php?rest_route=%2Fwp%2Fv2%2Fcategories&post=54640"},{"taxonomy":"post_tag","embeddable":true,"href":"https:\/\/mpiaui.com.br\/antigo\/index.php?rest_route=%2Fwp%2Fv2%2Ftags&post=54640"}],"curies":[{"name":"wp","href":"https:\/\/api.w.org\/{rel}","templated":true}]}}