{"id":54641,"date":"2023-05-12T11:17:04","date_gmt":"2023-05-12T14:17:04","guid":{"rendered":"https:\/\/mpiaui.com.br\/rafael-fonteles-lamenta-morte-do-jornalista-e-escritor-kenard-kruel\/"},"modified":"2023-05-12T11:17:04","modified_gmt":"2023-05-12T14:17:04","slug":"rafael-fonteles-lamenta-morte-do-jornalista-e-escritor-kenard-kruel","status":"publish","type":"post","link":"https:\/\/mpiaui.com.br\/antigo\/?p=54641","title":{"rendered":"Rafael Fonteles lamenta morte do jornalista e escritor Kenard Kruel"},"content":{"rendered":"<div>\n<p>\n                                                <img decoding=\"async\" src=\"https:\/\/piauihoje.com\/uploads\/imagens\/sem-titulo-1683725547.png\" alt=\"Kenard Kruel\" style=\"width: 100% !important;\"\/>\n                                                <\/p>\n<p>\n                                                    <span>Kenard Kruel<\/span><br \/>\n                                                    <span>Foto: Arquivo pessoal<\/span>\n                                                <\/p>\n<p>O estado do Piau\u00ed perdeu nesta quinta-feira, 11, um grande nome da literatura e do jornalismo. O poeta, escritor, jornalista e influencer Kenard Kruel faleceu aos 63 anos, ap\u00f3s uma batalha de cinco anos contra um c\u00e2ncer. Ele estava em tratamento contra a doen\u00e7a no Hospital S\u00e3o Marcos, em Teresina, e deixa um legado importante na cultura e na imprensa piauiense.<\/p>\n<p>Kenard Kruel foi ex-presidente do Sindicato dos Jornalistas do Piau\u00ed e se destacou por seu trabalho como profissional da imprensa, al\u00e9m de ter escrito diversos livros sobre o estado e personalidades piauienses. Sua partida \u00e9 sentida por toda a comunidade liter\u00e1ria e jornal\u00edstica do Piau\u00ed.<\/p>\n<p>O governador do Piau\u00ed, Rafael Fonteles (PT), lamentou a morte de Kenard Kruel em suas redes sociais, manifestando seus sentimentos \u00e0 fam\u00edlia e aos amigos. &#8220;Ex-presidente do Sindicato dos Jornalistas do Piau\u00ed, era reconhecido pelo trabalho como profissional de imprensa e pelos livros sobre nosso estado e personalidades piauienses. Que Deus conforte o cora\u00e7\u00e3o da fam\u00edlia e dos amigos, e o tenha em bom lugar&#8221;, escreveu o governador.<\/p>\n<p>Kenard Kruel deixa um legado importante na literatura e no jornalismo do Piau\u00ed, com sua produ\u00e7\u00e3o liter\u00e1ria e seu trabalho como jornalista, sempre buscando destacar a cultura e as personalidades do estado. Sua partida deixa uma lacuna na cultura piauiense, mas seu trabalho continuar\u00e1 sendo lembrado e valorizado por todos aqueles que o conheceram e admiraram.<\/p>\n<\/p><\/div>\n","protected":false},"excerpt":{"rendered":"<p>Kenard Kruel Foto: Arquivo pessoal O estado do Piau\u00ed perdeu nesta quinta-feira, 11, um grande nome da literatura e do jornalismo. O poeta, escritor, jornalista e influencer Kenard Kruel faleceu&hellip; <\/p>\n","protected":false},"author":1,"featured_media":54585,"comment_status":"open","ping_status":"open","sticky":false,"template":"","format":"standard","meta":{"footnotes":""},"categories":[78],"tags":[],"class_list":["post-54641","post","type-post","status-publish","format-standard","has-post-thumbnail","hentry","category-teresina"],"_links":{"self":[{"href":"https:\/\/mpiaui.com.br\/antigo\/index.php?rest_route=\/wp\/v2\/posts\/54641","targetHints":{"allow":["GET"]}}],"collection":[{"href":"https:\/\/mpiaui.com.br\/antigo\/index.php?rest_route=\/wp\/v2\/posts"}],"about":[{"href":"https:\/\/mpiaui.com.br\/antigo\/index.php?rest_route=\/wp\/v2\/types\/post"}],"author":[{"embeddable":true,"href":"https:\/\/mpiaui.com.br\/antigo\/index.php?rest_route=\/wp\/v2\/users\/1"}],"replies":[{"embeddable":true,"href":"https:\/\/mpiaui.com.br\/antigo\/index.php?rest_route=%2Fwp%2Fv2%2Fcomments&post=54641"}],"version-history":[{"count":0,"href":"https:\/\/mpiaui.com.br\/antigo\/index.php?rest_route=\/wp\/v2\/posts\/54641\/revisions"}],"wp:featuredmedia":[{"embeddable":true,"href":"https:\/\/mpiaui.com.br\/antigo\/index.php?rest_route=\/wp\/v2\/media\/54585"}],"wp:attachment":[{"href":"https:\/\/mpiaui.com.br\/antigo\/index.php?rest_route=%2Fwp%2Fv2%2Fmedia&parent=54641"}],"wp:term":[{"taxonomy":"category","embeddable":true,"href":"https:\/\/mpiaui.com.br\/antigo\/index.php?rest_route=%2Fwp%2Fv2%2Fcategories&post=54641"},{"taxonomy":"post_tag","embeddable":true,"href":"https:\/\/mpiaui.com.br\/antigo\/index.php?rest_route=%2Fwp%2Fv2%2Ftags&post=54641"}],"curies":[{"name":"wp","href":"https:\/\/api.w.org\/{rel}","templated":true}]}}