{"id":54642,"date":"2023-05-12T11:25:18","date_gmt":"2023-05-12T14:25:18","guid":{"rendered":"https:\/\/mpiaui.com.br\/seminario-da-assistencia-social-traz-novidades-sobre-programas-federais\/"},"modified":"2023-05-12T11:25:18","modified_gmt":"2023-05-12T14:25:18","slug":"seminario-da-assistencia-social-traz-novidades-sobre-programas-federais","status":"publish","type":"post","link":"https:\/\/mpiaui.com.br\/antigo\/?p=54642","title":{"rendered":"Semin\u00e1rio da Assist\u00eancia Social traz novidades sobre programas federais"},"content":{"rendered":"<p> [ad_1]<br \/>\n<\/p>\n<div>\n<p>Novo cart\u00e3o do Bolsa Fam\u00edlia, novas condicionalidades para o recebimento de benef\u00edcios, Seguro Defeso, intersetorialidade, cruzamento de dados interestaduais e at\u00e9 desinforma\u00e7\u00e3o causada por not\u00edcias falsas foram alguns dos temas trabalhados no primeiro dia do Semin\u00e1rio Estadual da Assist\u00eancia Social: o Cadastro \u00danico e as Politicas Sociais, que foi realizado nessa quinta-feira (11) e sexta-feira (12) no Differencial Buffet, em Teresina.<\/p>\n<p>O semin\u00e1rio \u00e9 uma realiza\u00e7\u00e3o da Secretaria da Assist\u00eancia Social, Trabalho e Direitos Humanos (Sasc), por meio da superintend\u00eancia de Assist\u00eancia Social e conta com a participa\u00e7\u00e3o de representantes do Minist\u00e9rio do Desenvolvimento e Assist\u00eancia Social, Fam\u00edlia e Combate \u00e0 Fome, al\u00e9m de gestores e t\u00e9cnicos da Assist\u00eancia Social dos munic\u00edpios do Piau\u00ed.<\/p>\n<p>A superintendente da Sasc, Jana\u00edna Mapurunga avalia, que o evento est\u00e1 sendo muito positivo: \u201cN\u00f3s estamos muito contentes com a receptividade do evento que estamos fazendo aqui em Teresina, que trata do Cadastro \u00danico e programas sociais. Ontem (quinta, dia 12), foi um dia muito produtivo, n\u00f3s tivemos aqui quinhentas pessoas dos mais diversos munic\u00edpios, do Cadastro \u00danico do Bolsa Fam\u00edlia e tamb\u00e9m tratar do co-financiamento\u201d, disse Janaina Mapurunga.<\/p>\n<p>A superintendente explicou tamb\u00e9m que o cofinanciamento regular e sistem\u00e1tico \u00e9 uma das metas do governador Rafael Fonteles para os quatro anos. O cofinanciamento \u00e9 o repasse que o Estado faz aos munic\u00edpios do Piau\u00ed para a manuten\u00e7\u00e3o de servi\u00e7os e de projetos na \u00e1rea da assist\u00eancia social.<\/p>\n<p>Maur\u00edcio Moreira, do munic\u00edpio de Dom Inoc\u00eancio Piau\u00ed, destaca a import\u00e2ncia do di\u00e1logo entre t\u00e9cnicos dos munic\u00edpios e Minist\u00e9rio: \u201cO semin\u00e1rio est\u00e1 sendo um evento \u00edmpar, porque nos possibilita esclarecer as d\u00favidas do novo Bolsa Fam\u00edlia, sobre as averigua\u00e7\u00f5es unipessoais, servi\u00e7os que s\u00e3o ofertados, nos trazendo esse di\u00e1logo e essas experi\u00eancias da pol\u00edtica de assist\u00eancia social no nosso estado\u201d, diz ele.<\/p>\n<p>Vera L\u00facia Maria de Oliveira, secret\u00e1ria da Assist\u00eancia Social de Domingos Mour\u00e3o, fala da import\u00e2ncia do evento: \u201cA gente est\u00e1 aprendendo mais sobre as modalidades do Bolsa Fam\u00edlia. E vai ajudar muito, em rela\u00e7\u00e3o, por exemplo, a coleta de dados, tudo isso vai ser muito \u00fatil para a gente ficar informado das novidades\u201d, aponta ela.<\/p>\n<p>Neste \u00faltimo dia de evento teve uma mesa-redonda que abordou programas e a\u00e7\u00f5es voltados para a crian\u00e7a e o adolescente, Primeira Inf\u00e2ncia, Piau\u00ed Acolhe e Servi\u00e7os de Conviv\u00eancia e Fortalecimento de V\u00ednculos.<br \/>\u201cEsse \u00e9 o momento da gente estar dialogando com os munic\u00edpios, para que eles se organizem e que continuem atendendo a popula\u00e7\u00e3o desses programas\u201d, completou Janaina Mapurunga.<\/p>\n<p>\u00a0<\/p>\n<p>\u00a0<\/p>\n<p><img decoding=\"async\" loading=\"lazy\" class=\"alignnone size-medium wp-image-88370\" src=\"https:\/\/www.pi.gov.br\/wp-content\/uploads\/2023\/05\/05-730x485.jpg\" alt=\"\" width=\"730\" height=\"485\" srcset=\"https:\/\/www.pi.gov.br\/wp-content\/uploads\/2023\/05\/05-730x485.jpg 730w, https:\/\/www.pi.gov.br\/wp-content\/uploads\/2023\/05\/05-1070x711.jpg 1070w, https:\/\/www.pi.gov.br\/wp-content\/uploads\/2023\/05\/05-768x510.jpg 768w, https:\/\/www.pi.gov.br\/wp-content\/uploads\/2023\/05\/05-391x260.jpg 391w, https:\/\/www.pi.gov.br\/wp-content\/uploads\/2023\/05\/05-1536x1020.jpg 1536w, https:\/\/www.pi.gov.br\/wp-content\/uploads\/2023\/05\/05.jpg 1600w\" sizes=\"auto, (max-width: 730px) 100vw, 730px\"\/> <img decoding=\"async\" loading=\"lazy\" class=\"alignnone size-medium wp-image-88371\" src=\"https:\/\/www.pi.gov.br\/wp-content\/uploads\/2023\/05\/02-1-730x485.jpg\" alt=\"\" width=\"730\" height=\"485\" srcset=\"https:\/\/www.pi.gov.br\/wp-content\/uploads\/2023\/05\/02-1-730x485.jpg 730w, https:\/\/www.pi.gov.br\/wp-content\/uploads\/2023\/05\/02-1-1070x711.jpg 1070w, https:\/\/www.pi.gov.br\/wp-content\/uploads\/2023\/05\/02-1-768x510.jpg 768w, https:\/\/www.pi.gov.br\/wp-content\/uploads\/2023\/05\/02-1-391x260.jpg 391w, https:\/\/www.pi.gov.br\/wp-content\/uploads\/2023\/05\/02-1-1536x1020.jpg 1536w, https:\/\/www.pi.gov.br\/wp-content\/uploads\/2023\/05\/02-1.jpg 1600w\" sizes=\"auto, (max-width: 730px) 100vw, 730px\"\/><\/p>\n<p>Fonte: F\u00e1bia Adriana Vieira<\/p>\n<\/p><\/div>\n<p><script async=\"\" defer=\"\" crossorigin=\"anonymous\" src=\"https:\/\/connect.facebook.net\/pt_BR\/sdk.js#xfbml=1&#038;version=v3.3\"><\/script><br \/>\n<br \/>[ad_2]<\/p>\n","protected":false},"excerpt":{"rendered":"<p>[ad_1] Novo cart\u00e3o do Bolsa Fam\u00edlia, novas condicionalidades para o recebimento de benef\u00edcios, Seguro Defeso, intersetorialidade, cruzamento de dados interestaduais e at\u00e9 desinforma\u00e7\u00e3o causada por not\u00edcias falsas foram alguns dos&hellip; <\/p>\n","protected":false},"author":1,"featured_media":54643,"comment_status":"open","ping_status":"open","sticky":false,"template":"","format":"standard","meta":{"footnotes":""},"categories":[938],"tags":[],"class_list":["post-54642","post","type-post","status-publish","format-standard","has-post-thumbnail","hentry","category-governador"],"_links":{"self":[{"href":"https:\/\/mpiaui.com.br\/antigo\/index.php?rest_route=\/wp\/v2\/posts\/54642","targetHints":{"allow":["GET"]}}],"collection":[{"href":"https:\/\/mpiaui.com.br\/antigo\/index.php?rest_route=\/wp\/v2\/posts"}],"about":[{"href":"https:\/\/mpiaui.com.br\/antigo\/index.php?rest_route=\/wp\/v2\/types\/post"}],"author":[{"embeddable":true,"href":"https:\/\/mpiaui.com.br\/antigo\/index.php?rest_route=\/wp\/v2\/users\/1"}],"replies":[{"embeddable":true,"href":"https:\/\/mpiaui.com.br\/antigo\/index.php?rest_route=%2Fwp%2Fv2%2Fcomments&post=54642"}],"version-history":[{"count":0,"href":"https:\/\/mpiaui.com.br\/antigo\/index.php?rest_route=\/wp\/v2\/posts\/54642\/revisions"}],"wp:featuredmedia":[{"embeddable":true,"href":"https:\/\/mpiaui.com.br\/antigo\/index.php?rest_route=\/wp\/v2\/media\/54643"}],"wp:attachment":[{"href":"https:\/\/mpiaui.com.br\/antigo\/index.php?rest_route=%2Fwp%2Fv2%2Fmedia&parent=54642"}],"wp:term":[{"taxonomy":"category","embeddable":true,"href":"https:\/\/mpiaui.com.br\/antigo\/index.php?rest_route=%2Fwp%2Fv2%2Fcategories&post=54642"},{"taxonomy":"post_tag","embeddable":true,"href":"https:\/\/mpiaui.com.br\/antigo\/index.php?rest_route=%2Fwp%2Fv2%2Ftags&post=54642"}],"curies":[{"name":"wp","href":"https:\/\/api.w.org\/{rel}","templated":true}]}}