{"id":54646,"date":"2023-05-12T11:46:33","date_gmt":"2023-05-12T14:46:33","guid":{"rendered":"https:\/\/mpiaui.com.br\/presidente-da-fapepi-e-academico-enfatizam-a-valorizacao-da-caatinga-e-cerrado-como-patrimonios-naturais-do-estado\/"},"modified":"2023-05-12T11:46:33","modified_gmt":"2023-05-12T14:46:33","slug":"presidente-da-fapepi-e-academico-enfatizam-a-valorizacao-da-caatinga-e-cerrado-como-patrimonios-naturais-do-estado","status":"publish","type":"post","link":"https:\/\/mpiaui.com.br\/antigo\/?p=54646","title":{"rendered":"Presidente da Fapepi e acad\u00eamico enfatizam a valoriza\u00e7\u00e3o da Caatinga e Cerrado como patrim\u00f4nios naturais do estado"},"content":{"rendered":"<p> [ad_1]<br \/>\n<\/p>\n<div>\n<p>O presidente da Funda\u00e7\u00e3o de Amparo \u00e0 Pesquisa do Piau\u00ed (Fapepi), professor Jo\u00e3o Xavier, se reuniu com o professor Alberto Jorge Castro, membro da Academia de Ci\u00eancias do Piau\u00ed e da Academia Ipuense de Letras, Ci\u00eancias e Artes, na manh\u00e3 da \u00faltima quinta-feira (11). Durante a reuni\u00e3o, os dois discutiram a import\u00e2ncia de se valorizar a Caatinga e o Cerrado como patrim\u00f4nios naturais do Brasil, e como os verdadeiros biomas do Piau\u00ed.<\/p>\n<div id=\"attachment_88368\" style=\"width: 740px\" class=\"wp-caption aligncenter\"><img decoding=\"async\" aria-describedby=\"caption-attachment-88368\" loading=\"lazy\" class=\"size-medium wp-image-88368\" src=\"https:\/\/www.pi.gov.br\/wp-content\/uploads\/2023\/05\/WhatsApp-Image-2023-05-12-at-09.54.21-1-edited-730x456.jpeg\" alt=\"\" width=\"730\" height=\"456\" srcset=\"https:\/\/www.pi.gov.br\/wp-content\/uploads\/2023\/05\/WhatsApp-Image-2023-05-12-at-09.54.21-1-edited-730x456.jpeg 730w, https:\/\/www.pi.gov.br\/wp-content\/uploads\/2023\/05\/WhatsApp-Image-2023-05-12-at-09.54.21-1-edited-1070x669.jpeg 1070w, https:\/\/www.pi.gov.br\/wp-content\/uploads\/2023\/05\/WhatsApp-Image-2023-05-12-at-09.54.21-1-edited-768x480.jpeg 768w, https:\/\/www.pi.gov.br\/wp-content\/uploads\/2023\/05\/WhatsApp-Image-2023-05-12-at-09.54.21-1-edited.jpeg 1200w\" sizes=\"auto, (max-width: 730px) 100vw, 730px\"\/><\/p>\n<p id=\"caption-attachment-88368\" class=\"wp-caption-text\">Presidente da Fapepi, professor Jo\u00e3o Xavier, professor Alberto Jorge Castro, membro da Academia de Ci\u00eancias do Piau\u00ed e Ciro S\u00e1, diretor de Desenvolvimento Cient\u00edfico da Fapepi.<\/p>\n<\/div>\n<p>A ideia, segundo Alberto Jorge, \u00e9 buscar formas, por meio da Fapepi e outras entidades, para esclarecer e refor\u00e7ar os estudos sobre os biomas do Piau\u00ed, j\u00e1 que um dos preju\u00edzos relacionados \u00e0 quest\u00e3o pedag\u00f3gica \u00e9 a transmiss\u00e3o de informa\u00e7\u00f5es incompletas ou erradas sobre a interpreta\u00e7\u00e3o dos recursos naturais locais e regionais de qualquer espa\u00e7o geogr\u00e1fico. \u201cAlgumas defini\u00e7\u00f5es, como a que temos Mata Atl\u00e2ntica prejudica o Piau\u00ed quanto \u00e0 sua caracteriza\u00e7\u00e3o ecol\u00f3gica, j\u00e1 que se inclui como uma das riquezas intr\u00ednsecas piauienses \u00e0 exist\u00eancia natural de alguma Mata Atl\u00e2ntica, o que \u00e9 falso tanto em argumento quanto em base t\u00e9cnico-cient\u00edfica.<\/p>\n<p>De acordo com os especialistas, \u00e9 mais importante valorizar a Caatinga, o Cerrado e os extensos ec\u00f3tonos (setentrionais e meridionais) do Piau\u00ed, que se distribuem em todo o seu eixo longitudinal, configurando um dos tr\u00eas mais importantes tr\u00f3picos ecotonais do Brasil. \u201cEssas \u00e1reas de tens\u00e3o ecol\u00f3gica contribuem para a biodiversidade de tipo, de forma e de fun\u00e7\u00e3o e s\u00e3o centros de evolu\u00e7\u00e3o biol\u00f3gica, \u00fanicos, para a forma\u00e7\u00e3o de novas esp\u00e9cies\u201d, afirmou o professor.<\/p>\n<div id=\"attachment_88372\" style=\"width: 740px\" class=\"wp-caption aligncenter\"><img decoding=\"async\" aria-describedby=\"caption-attachment-88372\" loading=\"lazy\" class=\"size-medium wp-image-88372\" src=\"https:\/\/www.pi.gov.br\/wp-content\/uploads\/2023\/05\/WhatsApp-Image-2023-05-12-at-09.54.22-edited-1-730x456.jpeg\" alt=\"\" width=\"730\" height=\"456\" srcset=\"https:\/\/www.pi.gov.br\/wp-content\/uploads\/2023\/05\/WhatsApp-Image-2023-05-12-at-09.54.22-edited-1-730x456.jpeg 730w, https:\/\/www.pi.gov.br\/wp-content\/uploads\/2023\/05\/WhatsApp-Image-2023-05-12-at-09.54.22-edited-1-1070x669.jpeg 1070w, https:\/\/www.pi.gov.br\/wp-content\/uploads\/2023\/05\/WhatsApp-Image-2023-05-12-at-09.54.22-edited-1-768x480.jpeg 768w, https:\/\/www.pi.gov.br\/wp-content\/uploads\/2023\/05\/WhatsApp-Image-2023-05-12-at-09.54.22-edited-1.jpeg 1200w\" sizes=\"auto, (max-width: 730px) 100vw, 730px\"\/><\/p>\n<p id=\"caption-attachment-88372\" class=\"wp-caption-text\">Para os estudiosos, o Cerrado e a Caatinga s\u00e3o t\u00e3o importantes quanto \u00e0 Amaz\u00f4nia, \u00e0 Mata Atl\u00e2ntica e o Pantanal.<\/p>\n<\/div>\n<p>Os estudiosos apontam que o Cerrado e a Caatinga s\u00e3o t\u00e3o importantes quanto \u00e0 Amaz\u00f4nia, \u00e0 Mata Atl\u00e2ntica e o Pantanal, por exemplo, mas ainda n\u00e3o s\u00e3o considerados patrim\u00f4nio nacional do Brasil. Isso fortalece a ideia de que essas \u00e1reas devem continuar sendo utilizadas como \u201ccapitais naturais\u201d para todo tipo de desenvolvimento econ\u00f4mico, o que \u00e9 pouco social e absolutamente n\u00e3o sustent\u00e1vel a longo prazo.<\/p>\n<p>Os estudos realizados at\u00e9 agora mostram que as florestas do Piau\u00ed apresentam uma mistura de esp\u00e9cies de v\u00e1rios dom\u00ednios flor\u00edsticos, ou seja, plantas da Amaz\u00f4nia, do Cerrado, da Caatinga, do Pantanal e da Mata Atl\u00e2ntica. \u201cOu seja, o que temos s\u00e3o legitimamente florestas de transi\u00e7\u00e3o\u201d, considera Alberto.<\/p>\n<\/p><\/div>\n<p><script async=\"\" defer=\"\" crossorigin=\"anonymous\" src=\"https:\/\/connect.facebook.net\/pt_BR\/sdk.js#xfbml=1&#038;version=v3.3\"><\/script><br \/>\n<br \/>[ad_2]<\/p>\n","protected":false},"excerpt":{"rendered":"<p>[ad_1] O presidente da Funda\u00e7\u00e3o de Amparo \u00e0 Pesquisa do Piau\u00ed (Fapepi), professor Jo\u00e3o Xavier, se reuniu com o professor Alberto Jorge Castro, membro da Academia de Ci\u00eancias do Piau\u00ed&hellip; <\/p>\n","protected":false},"author":1,"featured_media":54647,"comment_status":"open","ping_status":"open","sticky":false,"template":"","format":"standard","meta":{"footnotes":""},"categories":[938],"tags":[],"class_list":["post-54646","post","type-post","status-publish","format-standard","has-post-thumbnail","hentry","category-governador"],"_links":{"self":[{"href":"https:\/\/mpiaui.com.br\/antigo\/index.php?rest_route=\/wp\/v2\/posts\/54646","targetHints":{"allow":["GET"]}}],"collection":[{"href":"https:\/\/mpiaui.com.br\/antigo\/index.php?rest_route=\/wp\/v2\/posts"}],"about":[{"href":"https:\/\/mpiaui.com.br\/antigo\/index.php?rest_route=\/wp\/v2\/types\/post"}],"author":[{"embeddable":true,"href":"https:\/\/mpiaui.com.br\/antigo\/index.php?rest_route=\/wp\/v2\/users\/1"}],"replies":[{"embeddable":true,"href":"https:\/\/mpiaui.com.br\/antigo\/index.php?rest_route=%2Fwp%2Fv2%2Fcomments&post=54646"}],"version-history":[{"count":0,"href":"https:\/\/mpiaui.com.br\/antigo\/index.php?rest_route=\/wp\/v2\/posts\/54646\/revisions"}],"wp:featuredmedia":[{"embeddable":true,"href":"https:\/\/mpiaui.com.br\/antigo\/index.php?rest_route=\/wp\/v2\/media\/54647"}],"wp:attachment":[{"href":"https:\/\/mpiaui.com.br\/antigo\/index.php?rest_route=%2Fwp%2Fv2%2Fmedia&parent=54646"}],"wp:term":[{"taxonomy":"category","embeddable":true,"href":"https:\/\/mpiaui.com.br\/antigo\/index.php?rest_route=%2Fwp%2Fv2%2Fcategories&post=54646"},{"taxonomy":"post_tag","embeddable":true,"href":"https:\/\/mpiaui.com.br\/antigo\/index.php?rest_route=%2Fwp%2Fv2%2Ftags&post=54646"}],"curies":[{"name":"wp","href":"https:\/\/api.w.org\/{rel}","templated":true}]}}