{"id":54648,"date":"2023-05-12T11:53:30","date_gmt":"2023-05-12T14:53:30","guid":{"rendered":"https:\/\/mpiaui.com.br\/termina-hoje-campanha-para-regularizar-documentos-de-graca\/"},"modified":"2023-05-12T11:53:30","modified_gmt":"2023-05-12T14:53:30","slug":"termina-hoje-campanha-para-regularizar-documentos-de-graca","status":"publish","type":"post","link":"https:\/\/mpiaui.com.br\/antigo\/?p=54648","title":{"rendered":"Termina hoje campanha para regularizar documentos de gra\u00e7a"},"content":{"rendered":"<p><\/p>\n<div>\n<p>Hoje (12), \u00e9 o \u00faltimo dia para quem ainda n\u00e3o possui nenhum documento obter todos os registros em m\u00e3os de uma s\u00f3 vez, incluindo certid\u00e3o de nascimento, registro geral (RG) e Cadastro \u00danico. Para isso, \u00e9 preciso comparecer aos locais &#8211; montados em todas as 27 capitais &#8211; da campanha Registre-se, organizada pelo Conselho Nacional de Justi\u00e7a (CNJ).\u00a0<\/p>\n<p>Este ano foi lan\u00e7ada a campanha de uma semana de esfor\u00e7o concentrado para tentar reduzir o n\u00famero de brasileiros que nunca tiveram nenhum documento, um contingente de 2,7 milh\u00f5es de pessoas, segundo informa\u00e7\u00f5es do Censo 2022, realizado pelo Instituto Brasileiro de Geografia e Estat\u00edstica (IBGE).\u00a0<\/p>\n<p>Os endere\u00e7os para emiss\u00e3o dos documentos podem ser conferidos no <a href=\"http:\/\/www.cnj.jus.br\/corregedoriacnj\/semana-nacional-de-registro-civil-registre-se\/1-a-semana-nacional-do-registro-civil\" target=\"_blank\" rel=\"noopener\">portal do CNJ<\/a>, que fechou parceria com a Associa\u00e7\u00e3o Nacional dos Registradores de Pessoas Naturais (Arpen-Brasil) e o Minist\u00e9rio do Desenvolvimento Social (MDS).\u00a0<\/p>\n<h2>Acesso a programas<\/h2>\n<p>Nos estados, parcerias foram celebradas tamb\u00e9m com a Justi\u00e7a Eleitoral e a Pol\u00edcia Civil, por exemplo. A ideia \u00e9 que a pessoa que se registrar pela primeira vez j\u00e1 saia com diversos documentos em m\u00e3os, tendo assim acesso aos diferentes programas e servi\u00e7os p\u00fablicos que isso proporciona.\u00a0<\/p>\n<p>De acordo com o CNJ, a procura tem sido grande. Em algumas cidades que anteciparam resultados da iniciativa, quatro mil pessoas j\u00e1 foram atendidas, como em Manaus, por exemplo. O \u00f3rg\u00e3o compartilhou hist\u00f3rias como a do agricultor Manoel Mour\u00e3o, de 71 anos, que somente agora recebeu sua primeira certid\u00e3o de nascimento, em Macap\u00e1.\u00a0\u00a0<\/p>\n<p>Neste ano, um dos principais focos da campanha abrange pessoas em situa\u00e7\u00e3o de rua, grupo que aumentou 211% entre 2012 e 2022, segundo levantamento do Instituto de Pesquisas Econ\u00f4micas e Aplicadas (Ipea). Segundo o estudo, h\u00e1 no Brasil mais de 230 mil pessoas nessa condi\u00e7\u00e3o.<\/p>\n<p>Para que a iniciativa alcance esse p\u00fablico alvo, o CNJ tem mobilizado institui\u00e7\u00f5es e pessoas que j\u00e1 trabalham com essa tem\u00e1tica, como o padre J\u00falio Lancelotti, que presta aux\u00edlio \u00e0 popula\u00e7\u00e3o de rua de S\u00e3o Paulo e \u00e9 porta-voz da campanha nacional.\u00a0<\/p>\n<h2>Ind\u00edgenas<\/h2>\n<p>Outras popula\u00e7\u00f5es socialmente vulner\u00e1veis tamb\u00e9m s\u00e3o alvo da iniciativa, como os povos ind\u00edgenas, ribeirinhos, refugiados e popula\u00e7\u00e3o carcer\u00e1ria. O mutir\u00e3o deve se repetir ao menos uma vez por ano.\u00a0<\/p>\n<p>A 1\u00aa Semana Nacional de Registro Civil &#8211; Registre-se! faz parte do Programa de Enfrentamento ao Sub-Registro Civil e de Amplia\u00e7\u00e3o ao Acesso \u00e0 Documenta\u00e7\u00e3o B\u00e1sica por Pessoas Vulner\u00e1veis, criado este ano pela Corregedoria Nacional de Justi\u00e7a, um dos bra\u00e7os do CNJ.\u00a0<\/p>\n<p>Defensorias p\u00fablicas e o Minist\u00e9rio P\u00fablico tamb\u00e9m s\u00e3o parceiros da iniciativa, auxiliando com a presen\u00e7a de registradores em pra\u00e7as p\u00fablicas, por exemplo. As corregedorias gerais dos tribunais de cada estado ficaram a cargo de fiscalizar e apresentar os resultados do mutir\u00e3o.<\/p>\n<\/p><\/div>\n","protected":false},"excerpt":{"rendered":"<p>Hoje (12), \u00e9 o \u00faltimo dia para quem ainda n\u00e3o possui nenhum documento obter todos os registros em m\u00e3os de uma s\u00f3 vez, incluindo certid\u00e3o de nascimento, registro geral (RG)&hellip; <\/p>\n","protected":false},"author":1,"featured_media":54645,"comment_status":"open","ping_status":"open","sticky":false,"template":"","format":"standard","meta":{"footnotes":""},"categories":[802],"tags":[],"class_list":["post-54648","post","type-post","status-publish","format-standard","has-post-thumbnail","hentry","category-nacional"],"_links":{"self":[{"href":"https:\/\/mpiaui.com.br\/antigo\/index.php?rest_route=\/wp\/v2\/posts\/54648","targetHints":{"allow":["GET"]}}],"collection":[{"href":"https:\/\/mpiaui.com.br\/antigo\/index.php?rest_route=\/wp\/v2\/posts"}],"about":[{"href":"https:\/\/mpiaui.com.br\/antigo\/index.php?rest_route=\/wp\/v2\/types\/post"}],"author":[{"embeddable":true,"href":"https:\/\/mpiaui.com.br\/antigo\/index.php?rest_route=\/wp\/v2\/users\/1"}],"replies":[{"embeddable":true,"href":"https:\/\/mpiaui.com.br\/antigo\/index.php?rest_route=%2Fwp%2Fv2%2Fcomments&post=54648"}],"version-history":[{"count":0,"href":"https:\/\/mpiaui.com.br\/antigo\/index.php?rest_route=\/wp\/v2\/posts\/54648\/revisions"}],"wp:featuredmedia":[{"embeddable":true,"href":"https:\/\/mpiaui.com.br\/antigo\/index.php?rest_route=\/wp\/v2\/media\/54645"}],"wp:attachment":[{"href":"https:\/\/mpiaui.com.br\/antigo\/index.php?rest_route=%2Fwp%2Fv2%2Fmedia&parent=54648"}],"wp:term":[{"taxonomy":"category","embeddable":true,"href":"https:\/\/mpiaui.com.br\/antigo\/index.php?rest_route=%2Fwp%2Fv2%2Fcategories&post=54648"},{"taxonomy":"post_tag","embeddable":true,"href":"https:\/\/mpiaui.com.br\/antigo\/index.php?rest_route=%2Fwp%2Fv2%2Ftags&post=54648"}],"curies":[{"name":"wp","href":"https:\/\/api.w.org\/{rel}","templated":true}]}}