{"id":54659,"date":"2023-05-12T13:53:10","date_gmt":"2023-05-12T16:53:10","guid":{"rendered":"https:\/\/mpiaui.com.br\/coordenacao-de-assistencia-religiosa-realiza-culto-na-penitenciaria-irmao-guido\/"},"modified":"2023-05-12T13:53:10","modified_gmt":"2023-05-12T16:53:10","slug":"coordenacao-de-assistencia-religiosa-realiza-culto-na-penitenciaria-irmao-guido","status":"publish","type":"post","link":"https:\/\/mpiaui.com.br\/antigo\/?p=54659","title":{"rendered":"Coordena\u00e7\u00e3o de Assist\u00eancia Religiosa realiza culto na Penitenci\u00e1ria Irm\u00e3o Guido"},"content":{"rendered":"<p> [ad_1]<br \/>\n<\/p>\n<div>\n<p>A diretoria de Humaniza\u00e7\u00e3o e Reintegra\u00e7\u00e3o Social atrav\u00e9s da Coordena\u00e7\u00e3o de Assist\u00eancia Religiosa da Secretaria de Justi\u00e7a(Sejus) realizou na manh\u00e3 desta quinta (12) na Penitenci\u00e1ria Irm\u00e3o Guido um culto no pavilh\u00e3o da unidade.<\/p>\n<p>Um momento espiritual oferecido aos internos com louvor, ora\u00e7\u00e3o e ministra\u00e7\u00e3o da palavra pelo pastor Carlos Eduardo; e ainda uma apresenta\u00e7\u00e3o de teatro de fantoches com o pastor Natan.<\/p>\n<p><img decoding=\"async\" loading=\"lazy\" class=\"size-medium wp-image-88423 aligncenter\" src=\"https:\/\/www.pi.gov.br\/wp-content\/uploads\/2023\/05\/DSC04616-730x548.jpg\" alt=\"\" width=\"730\" height=\"548\" srcset=\"https:\/\/www.pi.gov.br\/wp-content\/uploads\/2023\/05\/DSC04616-730x548.jpg 730w, https:\/\/www.pi.gov.br\/wp-content\/uploads\/2023\/05\/DSC04616-1070x803.jpg 1070w, https:\/\/www.pi.gov.br\/wp-content\/uploads\/2023\/05\/DSC04616-768x576.jpg 768w, https:\/\/www.pi.gov.br\/wp-content\/uploads\/2023\/05\/DSC04616-1536x1152.jpg 1536w, https:\/\/www.pi.gov.br\/wp-content\/uploads\/2023\/05\/DSC04616-2048x1536.jpg 2048w\" sizes=\"auto, (max-width: 730px) 100vw, 730px\"\/><\/p>\n<p>Segundo a coordenadora de Assist\u00eancia Religiosa, Rosil\u00e2ndia Silva, o objetivo \u00e9 fortalecer e ampliar o trabalho das igrejas de v\u00e1rias denomina\u00e7\u00f5es em todas as unidades penais. \u201cTodas tem espa\u00e7o, as igrejas que gostariam de trabalhar nas unidades, devem seguir as diretrizes que regulamentam essas atividades. Entendemos a import\u00e2ncia e a necessidade de desenvolver a espiritualidade, ferramenta importante para ressocializa\u00e7\u00e3o\u201d, ressaltou a coordenadora.<\/p>\n<\/p><\/div>\n<p><script async=\"\" defer=\"\" crossorigin=\"anonymous\" src=\"https:\/\/connect.facebook.net\/pt_BR\/sdk.js#xfbml=1&#038;version=v3.3\"><\/script><br \/>\n<br \/>[ad_2]<\/p>\n","protected":false},"excerpt":{"rendered":"<p>[ad_1] A diretoria de Humaniza\u00e7\u00e3o e Reintegra\u00e7\u00e3o Social atrav\u00e9s da Coordena\u00e7\u00e3o de Assist\u00eancia Religiosa da Secretaria de Justi\u00e7a(Sejus) realizou na manh\u00e3 desta quinta (12) na Penitenci\u00e1ria Irm\u00e3o Guido um culto&hellip; <\/p>\n","protected":false},"author":1,"featured_media":54660,"comment_status":"open","ping_status":"open","sticky":false,"template":"","format":"standard","meta":{"footnotes":""},"categories":[938],"tags":[],"class_list":["post-54659","post","type-post","status-publish","format-standard","has-post-thumbnail","hentry","category-governador"],"_links":{"self":[{"href":"https:\/\/mpiaui.com.br\/antigo\/index.php?rest_route=\/wp\/v2\/posts\/54659","targetHints":{"allow":["GET"]}}],"collection":[{"href":"https:\/\/mpiaui.com.br\/antigo\/index.php?rest_route=\/wp\/v2\/posts"}],"about":[{"href":"https:\/\/mpiaui.com.br\/antigo\/index.php?rest_route=\/wp\/v2\/types\/post"}],"author":[{"embeddable":true,"href":"https:\/\/mpiaui.com.br\/antigo\/index.php?rest_route=\/wp\/v2\/users\/1"}],"replies":[{"embeddable":true,"href":"https:\/\/mpiaui.com.br\/antigo\/index.php?rest_route=%2Fwp%2Fv2%2Fcomments&post=54659"}],"version-history":[{"count":0,"href":"https:\/\/mpiaui.com.br\/antigo\/index.php?rest_route=\/wp\/v2\/posts\/54659\/revisions"}],"wp:featuredmedia":[{"embeddable":true,"href":"https:\/\/mpiaui.com.br\/antigo\/index.php?rest_route=\/wp\/v2\/media\/54660"}],"wp:attachment":[{"href":"https:\/\/mpiaui.com.br\/antigo\/index.php?rest_route=%2Fwp%2Fv2%2Fmedia&parent=54659"}],"wp:term":[{"taxonomy":"category","embeddable":true,"href":"https:\/\/mpiaui.com.br\/antigo\/index.php?rest_route=%2Fwp%2Fv2%2Fcategories&post=54659"},{"taxonomy":"post_tag","embeddable":true,"href":"https:\/\/mpiaui.com.br\/antigo\/index.php?rest_route=%2Fwp%2Fv2%2Ftags&post=54659"}],"curies":[{"name":"wp","href":"https:\/\/api.w.org\/{rel}","templated":true}]}}