{"id":54661,"date":"2023-05-12T14:14:16","date_gmt":"2023-05-12T17:14:16","guid":{"rendered":"https:\/\/mpiaui.com.br\/revisoes-do-pre-saeb-ja-mobilizaram-quase-5-mil-estudantes-em-oito-municipios-piauienses\/"},"modified":"2023-05-12T14:14:16","modified_gmt":"2023-05-12T17:14:16","slug":"revisoes-do-pre-saeb-ja-mobilizaram-quase-5-mil-estudantes-em-oito-municipios-piauienses","status":"publish","type":"post","link":"https:\/\/mpiaui.com.br\/antigo\/?p=54661","title":{"rendered":"Revis\u00f5es do Pr\u00e9-Saeb j\u00e1 mobilizaram quase 5 mil estudantes em oito munic\u00edpios piauienses"},"content":{"rendered":"<p> [ad_1]<br \/>\n<\/p>\n<div>\n<p>Nesta sexta-feira (12), mais uma agenda do projeto Pr\u00e9-Saeb reuniu cerca de 600 estudantes para as revis\u00f5es nas \u00e1reas de L\u00edngua Portuguesa e Matem\u00e1tica. Desta vez, foram contemplados os alunos da 6\u00aa Ger\u00eancia Regional de Educa\u00e7\u00e3o (GRE), no Gin\u00e1sio Poliesportivo Gon\u00e7alo Nunes, no munic\u00edpio de Regenera\u00e7\u00e3o. Desde o in\u00edcio das revis\u00f5es at\u00e9 a presente data, aproximadamente 4.800 estudantes dos mais diversos munic\u00edpios piauienses j\u00e1 participaram das aulas.<\/p>\n<p>O p\u00fablico-alvo s\u00e3o estudantes do 9\u00ba ano do ensino fundamental e 3\u00aa s\u00e9rie do ensino m\u00e9dio e os eventos do projeto j\u00e1 passaram por Parna\u00edba, Corrente, Bom Jesus, Uru\u00e7u\u00ed, Floriano e Paulistana. O objetivo do Pr\u00e9-Saeb \u00e9 melhorar o desempenho nas provas do Sistema de Avalia\u00e7\u00e3o da Educa\u00e7\u00e3o B\u00e1sica (Saeb) e atingir a meta do 1\u00ba lugar no \u00cdndice de Desenvolvimento da Educa\u00e7\u00e3o B\u00e1sica (Ideb).<\/p>\n<p>A programa\u00e7\u00e3o contempla aulas presenciais de refor\u00e7o das disciplinas de L\u00edngua Portuguesa e Matem\u00e1tica, ministrada pela professora Hildalene Pinheiro, e Matem\u00e1tica, com o professor M\u00e1rcio Jean.\u00a0Os estudantes recebem material did\u00e1tico completo e um caderno com mais de 60 quest\u00f5es para levarem para casa e praticarem seus conhecimentos.<\/p>\n<p><img decoding=\"async\" loading=\"lazy\" class=\"size-medium wp-image-88415 aligncenter\" src=\"https:\/\/www.pi.gov.br\/wp-content\/uploads\/2023\/05\/WhatsApp-Image-2023-05-12-at-13.00.11-1-730x548.jpeg\" alt=\"\" width=\"730\" height=\"548\" srcset=\"https:\/\/www.pi.gov.br\/wp-content\/uploads\/2023\/05\/WhatsApp-Image-2023-05-12-at-13.00.11-1-730x548.jpeg 730w, https:\/\/www.pi.gov.br\/wp-content\/uploads\/2023\/05\/WhatsApp-Image-2023-05-12-at-13.00.11-1-768x576.jpeg 768w, https:\/\/www.pi.gov.br\/wp-content\/uploads\/2023\/05\/WhatsApp-Image-2023-05-12-at-13.00.11-1.jpeg 1024w\" sizes=\"auto, (max-width: 730px) 100vw, 730px\"\/><\/p>\n<p>A diretora da Unidade de Media\u00e7\u00e3o Tecnol\u00f3gica da Seduc, Karoline Mendes, explica que \u00e9 uma oportunidade de aprofundar os conhecimentos dos estudantes. \u201cEles contam tamb\u00e9m com o est\u00edmulo de motiva\u00e7\u00e3o e orienta\u00e7\u00e3o, quanto \u00e0 import\u00e2ncia dessa prova, mostrando um pouco sobre o seu impacto para a escola e para as pol\u00edticas educacionais de uma forma geral\u201d, enfatizou Karoline.<\/p>\n<p>De acordo com o secret\u00e1rio da Educa\u00e7\u00e3o Washington Bandeira, o projeto pretende levar a educa\u00e7\u00e3o do Piau\u00ed ao topo do pa\u00eds. \u201cA meta \u00e9 conquistar as primeiras posi\u00e7\u00f5es no Ideb, mas os resultados v\u00e3o al\u00e9m disso. A educa\u00e7\u00e3o de qualidade abre portas para o futuro. Transformar o mundo s\u00f3 \u00e9 poss\u00edvel por meio da educa\u00e7\u00e3o\u201d, afirmou o gestor.<\/p>\n<p>Em Regenera\u00e7\u00e3o, o evento reuniu estudantes da rede estadual dos munic\u00edpios jurisdicionados da 6\u00aa Ger\u00eancia Regional de Educa\u00e7\u00e3o, s\u00e3o eles: Agricol\u00e2ndia, \u00c1gua Branca, Amarante, Angical, Arraial, Francisco Ayres, Hugo Napole\u00e3o, Jardim do Mulato, Lagoinha do Piau\u00ed, Miguel Le\u00e3o, Olha D\u2019\u00c1gua do Piau\u00ed, Santo Ant\u00f4nio dos Milagres, S\u00e3o Gon\u00e7alo do Piau\u00ed, S\u00e3o Pedro do Piau\u00ed e da sede Regenera\u00e7\u00e3o.<\/p>\n<p><img decoding=\"async\" loading=\"lazy\" class=\"size-medium wp-image-88416 aligncenter\" src=\"https:\/\/www.pi.gov.br\/wp-content\/uploads\/2023\/05\/WhatsApp-Image-2023-05-12-at-13.00.10-2-730x411.jpeg\" alt=\"\" width=\"730\" height=\"411\" srcset=\"https:\/\/www.pi.gov.br\/wp-content\/uploads\/2023\/05\/WhatsApp-Image-2023-05-12-at-13.00.10-2-730x411.jpeg 730w, https:\/\/www.pi.gov.br\/wp-content\/uploads\/2023\/05\/WhatsApp-Image-2023-05-12-at-13.00.10-2-1070x602.jpeg 1070w, https:\/\/www.pi.gov.br\/wp-content\/uploads\/2023\/05\/WhatsApp-Image-2023-05-12-at-13.00.10-2-768x432.jpeg 768w, https:\/\/www.pi.gov.br\/wp-content\/uploads\/2023\/05\/WhatsApp-Image-2023-05-12-at-13.00.10-2-1536x864.jpeg 1536w, https:\/\/www.pi.gov.br\/wp-content\/uploads\/2023\/05\/WhatsApp-Image-2023-05-12-at-13.00.10-2.jpeg 1600w\" sizes=\"auto, (max-width: 730px) 100vw, 730px\"\/><\/p>\n<p><strong>Saeb\u00a0<\/strong><\/p>\n<p>O Sistema de Avalia\u00e7\u00e3o da Educa\u00e7\u00e3o B\u00e1sica (Saeb) \u00e9 um conjunto de avalia\u00e7\u00f5es externas em larga escala que permite ao Inep, realizar um diagn\u00f3stico da educa\u00e7\u00e3o b\u00e1sica brasileira e de fatores que podem interferir no desempenho do estudante.<\/p>\n<p>Por meio de testes e question\u00e1rios, aplicados a cada dois anos na rede p\u00fablica e em uma amostra da rede privada, o Saeb reflete os n\u00edveis de aprendizagem demonstrados pelos estudantes avaliados, explicando esses resultados a partir de uma s\u00e9rie de informa\u00e7\u00f5es contextuais.<\/p>\n<p><strong>Pr\u00f3ximas agendas Pr\u00e9-Saeb\u00a0<\/strong><\/p>\n<p>19\/05 \u2013 16\u00aa GRE \u2013 Fronteiras<\/p>\n<p>25\/05 \u2013 13\u00aa GRE \u2013 S\u00e3o Raimundo Nonato<\/p>\n<p>26\/05 \u2013 12\u00aa GRE \u2013 S\u00e3o Jo\u00e3o do Piau\u00ed<\/p>\n<p>31\/05 \u2013 4 \u00aa, 18 \u00aa, 19 \u00aa, 20\u00aa e 21\u00aa GRE- Teresina<\/p>\n<\/p><\/div>\n<p><script async=\"\" defer=\"\" crossorigin=\"anonymous\" src=\"https:\/\/connect.facebook.net\/pt_BR\/sdk.js#xfbml=1&#038;version=v3.3\"><\/script><br \/>\n<br \/>[ad_2]<\/p>\n","protected":false},"excerpt":{"rendered":"<p>[ad_1] Nesta sexta-feira (12), mais uma agenda do projeto Pr\u00e9-Saeb reuniu cerca de 600 estudantes para as revis\u00f5es nas \u00e1reas de L\u00edngua Portuguesa e Matem\u00e1tica. Desta vez, foram contemplados os&hellip; <\/p>\n","protected":false},"author":1,"featured_media":54662,"comment_status":"open","ping_status":"open","sticky":false,"template":"","format":"standard","meta":{"footnotes":""},"categories":[938],"tags":[],"class_list":["post-54661","post","type-post","status-publish","format-standard","has-post-thumbnail","hentry","category-governador"],"_links":{"self":[{"href":"https:\/\/mpiaui.com.br\/antigo\/index.php?rest_route=\/wp\/v2\/posts\/54661","targetHints":{"allow":["GET"]}}],"collection":[{"href":"https:\/\/mpiaui.com.br\/antigo\/index.php?rest_route=\/wp\/v2\/posts"}],"about":[{"href":"https:\/\/mpiaui.com.br\/antigo\/index.php?rest_route=\/wp\/v2\/types\/post"}],"author":[{"embeddable":true,"href":"https:\/\/mpiaui.com.br\/antigo\/index.php?rest_route=\/wp\/v2\/users\/1"}],"replies":[{"embeddable":true,"href":"https:\/\/mpiaui.com.br\/antigo\/index.php?rest_route=%2Fwp%2Fv2%2Fcomments&post=54661"}],"version-history":[{"count":0,"href":"https:\/\/mpiaui.com.br\/antigo\/index.php?rest_route=\/wp\/v2\/posts\/54661\/revisions"}],"wp:featuredmedia":[{"embeddable":true,"href":"https:\/\/mpiaui.com.br\/antigo\/index.php?rest_route=\/wp\/v2\/media\/54662"}],"wp:attachment":[{"href":"https:\/\/mpiaui.com.br\/antigo\/index.php?rest_route=%2Fwp%2Fv2%2Fmedia&parent=54661"}],"wp:term":[{"taxonomy":"category","embeddable":true,"href":"https:\/\/mpiaui.com.br\/antigo\/index.php?rest_route=%2Fwp%2Fv2%2Fcategories&post=54661"},{"taxonomy":"post_tag","embeddable":true,"href":"https:\/\/mpiaui.com.br\/antigo\/index.php?rest_route=%2Fwp%2Fv2%2Ftags&post=54661"}],"curies":[{"name":"wp","href":"https:\/\/api.w.org\/{rel}","templated":true}]}}