{"id":54667,"date":"2023-05-12T15:22:16","date_gmt":"2023-05-12T18:22:16","guid":{"rendered":"https:\/\/mpiaui.com.br\/ze-raimundo-empossa-agentes-municipais-de-transito-da-sutran-em-oeiras\/"},"modified":"2023-05-12T15:22:16","modified_gmt":"2023-05-12T18:22:16","slug":"ze-raimundo-empossa-agentes-municipais-de-transito-da-sutran-em-oeiras","status":"publish","type":"post","link":"https:\/\/mpiaui.com.br\/antigo\/?p=54667","title":{"rendered":"Z\u00e9 Raimundo empossa agentes municipais de tr\u00e2nsito da SUTRAN em Oeiras"},"content":{"rendered":"<p><\/p>\n<div>\n<p>O bom comportamento e a seguran\u00e7a no tr\u00e2nsito t\u00eam reflexos diretos na conviv\u00eancia comunit\u00e1ria e na sa\u00fade p\u00fablica. Com a cria\u00e7\u00e3o da Superintend\u00eancia Municipal de Transportes e Tr\u00e2nsito (SUTRAN), a Prefeitura de Oeiras avan\u00e7a no desenvolvimento de pol\u00edticas p\u00fablicas fundamentais para reduzir o n\u00famero de ocorr\u00eancias de acidentes e valorizar a vida no tr\u00e2nsito.<\/p>\n<p><a href=\"http:\/\/oeiras.pi.gov.br\/wp-content\/uploads\/2023\/05\/sutr1.jpg\"><img loading=\"lazy\" decoding=\"async\" class=\"alignnone wp-image-33525 size-full\" src=\"http:\/\/oeiras.pi.gov.br\/wp-content\/uploads\/2023\/05\/sutr1.jpg\" alt=\"\" width=\"1440\" height=\"1080\" srcset=\"https:\/\/oeiras.pi.gov.br\/wp-content\/uploads\/2023\/05\/sutr1.jpg 1440w, https:\/\/oeiras.pi.gov.br\/wp-content\/uploads\/2023\/05\/sutr1-300x225.jpg 300w, https:\/\/oeiras.pi.gov.br\/wp-content\/uploads\/2023\/05\/sutr1-768x576.jpg 768w, https:\/\/oeiras.pi.gov.br\/wp-content\/uploads\/2023\/05\/sutr1-1024x768.jpg 1024w, https:\/\/oeiras.pi.gov.br\/wp-content\/uploads\/2023\/05\/sutr1-80x60.jpg 80w, https:\/\/oeiras.pi.gov.br\/wp-content\/uploads\/2023\/05\/sutr1-265x198.jpg 265w, https:\/\/oeiras.pi.gov.br\/wp-content\/uploads\/2023\/05\/sutr1-696x522.jpg 696w, https:\/\/oeiras.pi.gov.br\/wp-content\/uploads\/2023\/05\/sutr1-1068x801.jpg 1068w, https:\/\/oeiras.pi.gov.br\/wp-content\/uploads\/2023\/05\/sutr1-560x420.jpg 560w\" sizes=\"auto, (max-width: 1440px) 100vw, 1440px\"\/><\/a><\/p>\n<p>Na manh\u00e3 desta sexta-feira, 12, o prefeito Jos\u00e9 Raimundo e o superintendente da SUTRAN, Paulo Fernandes Rom\u00e3o, deram posse \u00e0 equipe de agentes municipais de tr\u00e2nsito, aprovados no \u00faltimo concurso p\u00fablico. As equipes t\u00e9cnica e administrativa, que ir\u00e3o atuar no \u00f3rg\u00e3o, tamb\u00e9m participaram da solenidade que contou ainda com a presen\u00e7a do vice-prefeito Jos\u00e9 Alberto e de secret\u00e1rios municipais.<\/p>\n<p>Na oportunidade, o prefeito Z\u00e9 Raimundo destacou que j\u00e1 iniciou o di\u00e1logo com o Departamento Estadual de Tr\u00e2nsito do Piau\u00ed (Detran-PI) para a formaliza\u00e7\u00e3o do conv\u00eanio com a Prefeitura de Oeiras para treinamento e instru\u00e7\u00e3o das equipes.<\/p>\n<p>O gestor municipal tamb\u00e9m adiantou que, a estrutura\u00e7\u00e3o do espa\u00e7o onde funcionar\u00e1 o \u00f3rg\u00e3o \u2013 no Mercado Municipal Dona Lili \u2013 est\u00e1 sendo conclu\u00edda e, em breve, a SUTRAN estar\u00e1 em funcionamento, atuando em conjunto com toda a popula\u00e7\u00e3o \u2013 motoristas, ciclistas, motociclistas e pedestres \u2013 para garantir um tr\u00e2nsito seguro a todos os oeirenses.<\/p>\n<p><a href=\"http:\/\/oeiras.pi.gov.br\/wp-content\/uploads\/2023\/05\/sutr.jpg\"><img loading=\"lazy\" decoding=\"async\" class=\"alignnone size-full wp-image-33524\" src=\"http:\/\/oeiras.pi.gov.br\/wp-content\/uploads\/2023\/05\/sutr.jpg\" alt=\"\" width=\"1440\" height=\"1080\" srcset=\"https:\/\/oeiras.pi.gov.br\/wp-content\/uploads\/2023\/05\/sutr.jpg 1440w, https:\/\/oeiras.pi.gov.br\/wp-content\/uploads\/2023\/05\/sutr-300x225.jpg 300w, https:\/\/oeiras.pi.gov.br\/wp-content\/uploads\/2023\/05\/sutr-768x576.jpg 768w, https:\/\/oeiras.pi.gov.br\/wp-content\/uploads\/2023\/05\/sutr-1024x768.jpg 1024w, https:\/\/oeiras.pi.gov.br\/wp-content\/uploads\/2023\/05\/sutr-80x60.jpg 80w, https:\/\/oeiras.pi.gov.br\/wp-content\/uploads\/2023\/05\/sutr-265x198.jpg 265w, https:\/\/oeiras.pi.gov.br\/wp-content\/uploads\/2023\/05\/sutr-696x522.jpg 696w, https:\/\/oeiras.pi.gov.br\/wp-content\/uploads\/2023\/05\/sutr-1068x801.jpg 1068w, https:\/\/oeiras.pi.gov.br\/wp-content\/uploads\/2023\/05\/sutr-560x420.jpg 560w\" sizes=\"auto, (max-width: 1440px) 100vw, 1440px\"\/><\/a><\/p>\n<p>\u00a0<\/p>\n<p><a href=\"http:\/\/oeiras.pi.gov.br\/wp-content\/uploads\/2023\/05\/sutr2.jpg\"><img loading=\"lazy\" decoding=\"async\" class=\"alignnone size-full wp-image-33526\" src=\"http:\/\/oeiras.pi.gov.br\/wp-content\/uploads\/2023\/05\/sutr2.jpg\" alt=\"\" width=\"1440\" height=\"1080\" srcset=\"https:\/\/oeiras.pi.gov.br\/wp-content\/uploads\/2023\/05\/sutr2.jpg 1440w, https:\/\/oeiras.pi.gov.br\/wp-content\/uploads\/2023\/05\/sutr2-300x225.jpg 300w, https:\/\/oeiras.pi.gov.br\/wp-content\/uploads\/2023\/05\/sutr2-768x576.jpg 768w, https:\/\/oeiras.pi.gov.br\/wp-content\/uploads\/2023\/05\/sutr2-1024x768.jpg 1024w, https:\/\/oeiras.pi.gov.br\/wp-content\/uploads\/2023\/05\/sutr2-80x60.jpg 80w, https:\/\/oeiras.pi.gov.br\/wp-content\/uploads\/2023\/05\/sutr2-265x198.jpg 265w, https:\/\/oeiras.pi.gov.br\/wp-content\/uploads\/2023\/05\/sutr2-696x522.jpg 696w, https:\/\/oeiras.pi.gov.br\/wp-content\/uploads\/2023\/05\/sutr2-1068x801.jpg 1068w, https:\/\/oeiras.pi.gov.br\/wp-content\/uploads\/2023\/05\/sutr2-560x420.jpg 560w\" sizes=\"auto, (max-width: 1440px) 100vw, 1440px\"\/><\/a><\/p>\n<p><a href=\"http:\/\/oeiras.pi.gov.br\/wp-content\/uploads\/2023\/05\/sutr3.jpg\"><img loading=\"lazy\" decoding=\"async\" class=\"alignnone size-full wp-image-33527\" src=\"http:\/\/oeiras.pi.gov.br\/wp-content\/uploads\/2023\/05\/sutr3.jpg\" alt=\"\" width=\"1440\" height=\"1080\" srcset=\"https:\/\/oeiras.pi.gov.br\/wp-content\/uploads\/2023\/05\/sutr3.jpg 1440w, https:\/\/oeiras.pi.gov.br\/wp-content\/uploads\/2023\/05\/sutr3-300x225.jpg 300w, https:\/\/oeiras.pi.gov.br\/wp-content\/uploads\/2023\/05\/sutr3-768x576.jpg 768w, https:\/\/oeiras.pi.gov.br\/wp-content\/uploads\/2023\/05\/sutr3-1024x768.jpg 1024w, https:\/\/oeiras.pi.gov.br\/wp-content\/uploads\/2023\/05\/sutr3-80x60.jpg 80w, https:\/\/oeiras.pi.gov.br\/wp-content\/uploads\/2023\/05\/sutr3-265x198.jpg 265w, https:\/\/oeiras.pi.gov.br\/wp-content\/uploads\/2023\/05\/sutr3-696x522.jpg 696w, https:\/\/oeiras.pi.gov.br\/wp-content\/uploads\/2023\/05\/sutr3-1068x801.jpg 1068w, https:\/\/oeiras.pi.gov.br\/wp-content\/uploads\/2023\/05\/sutr3-560x420.jpg 560w\" sizes=\"auto, (max-width: 1440px) 100vw, 1440px\"\/><\/a><\/p>\n<p><a href=\"http:\/\/oeiras.pi.gov.br\/wp-content\/uploads\/2023\/05\/sutr4.jpg\"><img loading=\"lazy\" decoding=\"async\" class=\"alignnone size-full wp-image-33528\" src=\"http:\/\/oeiras.pi.gov.br\/wp-content\/uploads\/2023\/05\/sutr4.jpg\" alt=\"\" width=\"1440\" height=\"1080\" srcset=\"https:\/\/oeiras.pi.gov.br\/wp-content\/uploads\/2023\/05\/sutr4.jpg 1440w, https:\/\/oeiras.pi.gov.br\/wp-content\/uploads\/2023\/05\/sutr4-300x225.jpg 300w, https:\/\/oeiras.pi.gov.br\/wp-content\/uploads\/2023\/05\/sutr4-768x576.jpg 768w, https:\/\/oeiras.pi.gov.br\/wp-content\/uploads\/2023\/05\/sutr4-1024x768.jpg 1024w, https:\/\/oeiras.pi.gov.br\/wp-content\/uploads\/2023\/05\/sutr4-80x60.jpg 80w, https:\/\/oeiras.pi.gov.br\/wp-content\/uploads\/2023\/05\/sutr4-265x198.jpg 265w, https:\/\/oeiras.pi.gov.br\/wp-content\/uploads\/2023\/05\/sutr4-696x522.jpg 696w, https:\/\/oeiras.pi.gov.br\/wp-content\/uploads\/2023\/05\/sutr4-1068x801.jpg 1068w, https:\/\/oeiras.pi.gov.br\/wp-content\/uploads\/2023\/05\/sutr4-560x420.jpg 560w\" sizes=\"auto, (max-width: 1440px) 100vw, 1440px\"\/><\/a><\/p>\n<p><a href=\"http:\/\/oeiras.pi.gov.br\/wp-content\/uploads\/2023\/05\/sutr5.jpg\"><img loading=\"lazy\" decoding=\"async\" class=\"alignnone size-full wp-image-33529\" src=\"http:\/\/oeiras.pi.gov.br\/wp-content\/uploads\/2023\/05\/sutr5.jpg\" alt=\"\" width=\"1440\" height=\"1080\" srcset=\"https:\/\/oeiras.pi.gov.br\/wp-content\/uploads\/2023\/05\/sutr5.jpg 1440w, https:\/\/oeiras.pi.gov.br\/wp-content\/uploads\/2023\/05\/sutr5-300x225.jpg 300w, https:\/\/oeiras.pi.gov.br\/wp-content\/uploads\/2023\/05\/sutr5-768x576.jpg 768w, https:\/\/oeiras.pi.gov.br\/wp-content\/uploads\/2023\/05\/sutr5-1024x768.jpg 1024w, https:\/\/oeiras.pi.gov.br\/wp-content\/uploads\/2023\/05\/sutr5-80x60.jpg 80w, https:\/\/oeiras.pi.gov.br\/wp-content\/uploads\/2023\/05\/sutr5-265x198.jpg 265w, https:\/\/oeiras.pi.gov.br\/wp-content\/uploads\/2023\/05\/sutr5-696x522.jpg 696w, https:\/\/oeiras.pi.gov.br\/wp-content\/uploads\/2023\/05\/sutr5-1068x801.jpg 1068w, https:\/\/oeiras.pi.gov.br\/wp-content\/uploads\/2023\/05\/sutr5-560x420.jpg 560w\" sizes=\"auto, (max-width: 1440px) 100vw, 1440px\"\/><\/a><\/p>\n<p><a href=\"http:\/\/oeiras.pi.gov.br\/wp-content\/uploads\/2023\/05\/sutr7.jpg\"><img loading=\"lazy\" decoding=\"async\" class=\"alignnone size-full wp-image-33531\" src=\"http:\/\/oeiras.pi.gov.br\/wp-content\/uploads\/2023\/05\/sutr7.jpg\" alt=\"\" width=\"1440\" height=\"1080\" srcset=\"https:\/\/oeiras.pi.gov.br\/wp-content\/uploads\/2023\/05\/sutr7.jpg 1440w, https:\/\/oeiras.pi.gov.br\/wp-content\/uploads\/2023\/05\/sutr7-300x225.jpg 300w, https:\/\/oeiras.pi.gov.br\/wp-content\/uploads\/2023\/05\/sutr7-768x576.jpg 768w, https:\/\/oeiras.pi.gov.br\/wp-content\/uploads\/2023\/05\/sutr7-1024x768.jpg 1024w, https:\/\/oeiras.pi.gov.br\/wp-content\/uploads\/2023\/05\/sutr7-80x60.jpg 80w, https:\/\/oeiras.pi.gov.br\/wp-content\/uploads\/2023\/05\/sutr7-265x198.jpg 265w, https:\/\/oeiras.pi.gov.br\/wp-content\/uploads\/2023\/05\/sutr7-696x522.jpg 696w, https:\/\/oeiras.pi.gov.br\/wp-content\/uploads\/2023\/05\/sutr7-1068x801.jpg 1068w, https:\/\/oeiras.pi.gov.br\/wp-content\/uploads\/2023\/05\/sutr7-560x420.jpg 560w\" sizes=\"auto, (max-width: 1440px) 100vw, 1440px\"\/><\/a><\/p>\n<p><a href=\"http:\/\/oeiras.pi.gov.br\/wp-content\/uploads\/2023\/05\/sutr8.jpg\"><img loading=\"lazy\" decoding=\"async\" class=\"alignnone wp-image-33532 size-full\" src=\"http:\/\/oeiras.pi.gov.br\/wp-content\/uploads\/2023\/05\/sutr8.jpg\" alt=\"\" width=\"1440\" height=\"1080\" srcset=\"https:\/\/oeiras.pi.gov.br\/wp-content\/uploads\/2023\/05\/sutr8.jpg 1440w, https:\/\/oeiras.pi.gov.br\/wp-content\/uploads\/2023\/05\/sutr8-300x225.jpg 300w, https:\/\/oeiras.pi.gov.br\/wp-content\/uploads\/2023\/05\/sutr8-768x576.jpg 768w, https:\/\/oeiras.pi.gov.br\/wp-content\/uploads\/2023\/05\/sutr8-1024x768.jpg 1024w, https:\/\/oeiras.pi.gov.br\/wp-content\/uploads\/2023\/05\/sutr8-80x60.jpg 80w, https:\/\/oeiras.pi.gov.br\/wp-content\/uploads\/2023\/05\/sutr8-265x198.jpg 265w, https:\/\/oeiras.pi.gov.br\/wp-content\/uploads\/2023\/05\/sutr8-696x522.jpg 696w, https:\/\/oeiras.pi.gov.br\/wp-content\/uploads\/2023\/05\/sutr8-1068x801.jpg 1068w, https:\/\/oeiras.pi.gov.br\/wp-content\/uploads\/2023\/05\/sutr8-560x420.jpg 560w\" sizes=\"auto, (max-width: 1440px) 100vw, 1440px\"\/><\/a><\/p>\n<p><a href=\"http:\/\/oeiras.pi.gov.br\/wp-content\/uploads\/2023\/05\/sutr9.jpg\"><img loading=\"lazy\" decoding=\"async\" class=\"alignnone size-full wp-image-33533\" src=\"http:\/\/oeiras.pi.gov.br\/wp-content\/uploads\/2023\/05\/sutr9.jpg\" alt=\"\" width=\"1440\" height=\"1080\" srcset=\"https:\/\/oeiras.pi.gov.br\/wp-content\/uploads\/2023\/05\/sutr9.jpg 1440w, https:\/\/oeiras.pi.gov.br\/wp-content\/uploads\/2023\/05\/sutr9-300x225.jpg 300w, https:\/\/oeiras.pi.gov.br\/wp-content\/uploads\/2023\/05\/sutr9-768x576.jpg 768w, https:\/\/oeiras.pi.gov.br\/wp-content\/uploads\/2023\/05\/sutr9-1024x768.jpg 1024w, https:\/\/oeiras.pi.gov.br\/wp-content\/uploads\/2023\/05\/sutr9-80x60.jpg 80w, https:\/\/oeiras.pi.gov.br\/wp-content\/uploads\/2023\/05\/sutr9-265x198.jpg 265w, https:\/\/oeiras.pi.gov.br\/wp-content\/uploads\/2023\/05\/sutr9-696x522.jpg 696w, https:\/\/oeiras.pi.gov.br\/wp-content\/uploads\/2023\/05\/sutr9-1068x801.jpg 1068w, https:\/\/oeiras.pi.gov.br\/wp-content\/uploads\/2023\/05\/sutr9-560x420.jpg 560w\" sizes=\"auto, (max-width: 1440px) 100vw, 1440px\"\/><\/a><\/p>\n<\/p><\/div>\n","protected":false},"excerpt":{"rendered":"<p>O bom comportamento e a seguran\u00e7a no tr\u00e2nsito t\u00eam reflexos diretos na conviv\u00eancia comunit\u00e1ria e na sa\u00fade p\u00fablica. Com a cria\u00e7\u00e3o da Superintend\u00eancia Municipal de Transportes e Tr\u00e2nsito (SUTRAN), a&hellip; <\/p>\n","protected":false},"author":1,"featured_media":54668,"comment_status":"open","ping_status":"open","sticky":false,"template":"","format":"standard","meta":{"footnotes":""},"categories":[52],"tags":[],"class_list":["post-54667","post","type-post","status-publish","format-standard","has-post-thumbnail","hentry","category-oeiras"],"_links":{"self":[{"href":"https:\/\/mpiaui.com.br\/antigo\/index.php?rest_route=\/wp\/v2\/posts\/54667","targetHints":{"allow":["GET"]}}],"collection":[{"href":"https:\/\/mpiaui.com.br\/antigo\/index.php?rest_route=\/wp\/v2\/posts"}],"about":[{"href":"https:\/\/mpiaui.com.br\/antigo\/index.php?rest_route=\/wp\/v2\/types\/post"}],"author":[{"embeddable":true,"href":"https:\/\/mpiaui.com.br\/antigo\/index.php?rest_route=\/wp\/v2\/users\/1"}],"replies":[{"embeddable":true,"href":"https:\/\/mpiaui.com.br\/antigo\/index.php?rest_route=%2Fwp%2Fv2%2Fcomments&post=54667"}],"version-history":[{"count":0,"href":"https:\/\/mpiaui.com.br\/antigo\/index.php?rest_route=\/wp\/v2\/posts\/54667\/revisions"}],"wp:featuredmedia":[{"embeddable":true,"href":"https:\/\/mpiaui.com.br\/antigo\/index.php?rest_route=\/wp\/v2\/media\/54668"}],"wp:attachment":[{"href":"https:\/\/mpiaui.com.br\/antigo\/index.php?rest_route=%2Fwp%2Fv2%2Fmedia&parent=54667"}],"wp:term":[{"taxonomy":"category","embeddable":true,"href":"https:\/\/mpiaui.com.br\/antigo\/index.php?rest_route=%2Fwp%2Fv2%2Fcategories&post=54667"},{"taxonomy":"post_tag","embeddable":true,"href":"https:\/\/mpiaui.com.br\/antigo\/index.php?rest_route=%2Fwp%2Fv2%2Ftags&post=54667"}],"curies":[{"name":"wp","href":"https:\/\/api.w.org\/{rel}","templated":true}]}}