{"id":54669,"date":"2023-05-12T15:31:19","date_gmt":"2023-05-12T18:31:19","guid":{"rendered":"https:\/\/mpiaui.com.br\/deputado-jeova-alencar-tem-alta-e-deve-retornar-ao-trabalho-em-10-dias\/"},"modified":"2023-05-12T15:31:19","modified_gmt":"2023-05-12T18:31:19","slug":"deputado-jeova-alencar-tem-alta-e-deve-retornar-ao-trabalho-em-10-dias","status":"publish","type":"post","link":"https:\/\/mpiaui.com.br\/antigo\/?p=54669","title":{"rendered":"Deputado Jeov\u00e1 Alencar tem alta e deve retornar ao trabalho em 10 dias"},"content":{"rendered":"<div>\n<p>\n                                                <img decoding=\"async\" src=\"https:\/\/piauihoje.com\/uploads\/imagens\/sem-titulo-1683826563.png\" alt=\"Jeov\u00e1 Alencar\" style=\"width: 100% !important;\"\/>\n                                                <\/p>\n<p>\n                                                    <span>Jeov\u00e1 Alencar<\/span><br \/>\n                                                    <span>Foto: Reprodu\u00e7\u00e3o\/Redes sociais<\/span>\n                                                <\/p>\n<p>O superintendente da SAAD Sul, <a href=\"https:\/\/piauihoje.com\/noticias\/politica\/jeova-alencar-sofre-infarto-e-e-levado-as-pressas-para-hospital-em-teresina-415388.html\">Jeov\u00e1 Alencar<\/a>, recebeu alta m\u00e9dica, nesta sexta-feira (12), ap\u00f3s ter sido submetido a uma <a href=\"https:\/\/piauihoje.com\/noticias\/geral\/jeova-alencar-faz-cateterismo-e-deve-ficar-na-uti-por-alguns-dias-415393.html\">segunda cirurgia<\/a> card\u00edaca devido a um infarto, na semana passada. Ele deve retornar \u00e0s atividades normais em at\u00e9 uma semana.\u00a0<\/p>\n<p>Segundo o cardiologista Paulo M\u00e1rcio, da equipe m\u00e9dica, ele n\u00e3o ter\u00e1 sequelas.\u00a0<\/p>\n<p>O r\u00e1pido diagn\u00f3stico dos sintomas do infarto foram fundamentais para o tratamento de Jeov\u00e1 Alencar que foi ao hospital assim que sentiu os primeiros sintomas.\u00a0<\/p>\n<\/p><\/div>\n","protected":false},"excerpt":{"rendered":"<p>Jeov\u00e1 Alencar Foto: Reprodu\u00e7\u00e3o\/Redes sociais O superintendente da SAAD Sul, Jeov\u00e1 Alencar, recebeu alta m\u00e9dica, nesta sexta-feira (12), ap\u00f3s ter sido submetido a uma segunda cirurgia card\u00edaca devido a um&hellip; <\/p>\n","protected":false},"author":1,"featured_media":54573,"comment_status":"open","ping_status":"open","sticky":false,"template":"","format":"standard","meta":{"footnotes":""},"categories":[78],"tags":[],"class_list":["post-54669","post","type-post","status-publish","format-standard","has-post-thumbnail","hentry","category-teresina"],"_links":{"self":[{"href":"https:\/\/mpiaui.com.br\/antigo\/index.php?rest_route=\/wp\/v2\/posts\/54669","targetHints":{"allow":["GET"]}}],"collection":[{"href":"https:\/\/mpiaui.com.br\/antigo\/index.php?rest_route=\/wp\/v2\/posts"}],"about":[{"href":"https:\/\/mpiaui.com.br\/antigo\/index.php?rest_route=\/wp\/v2\/types\/post"}],"author":[{"embeddable":true,"href":"https:\/\/mpiaui.com.br\/antigo\/index.php?rest_route=\/wp\/v2\/users\/1"}],"replies":[{"embeddable":true,"href":"https:\/\/mpiaui.com.br\/antigo\/index.php?rest_route=%2Fwp%2Fv2%2Fcomments&post=54669"}],"version-history":[{"count":0,"href":"https:\/\/mpiaui.com.br\/antigo\/index.php?rest_route=\/wp\/v2\/posts\/54669\/revisions"}],"wp:featuredmedia":[{"embeddable":true,"href":"https:\/\/mpiaui.com.br\/antigo\/index.php?rest_route=\/wp\/v2\/media\/54573"}],"wp:attachment":[{"href":"https:\/\/mpiaui.com.br\/antigo\/index.php?rest_route=%2Fwp%2Fv2%2Fmedia&parent=54669"}],"wp:term":[{"taxonomy":"category","embeddable":true,"href":"https:\/\/mpiaui.com.br\/antigo\/index.php?rest_route=%2Fwp%2Fv2%2Fcategories&post=54669"},{"taxonomy":"post_tag","embeddable":true,"href":"https:\/\/mpiaui.com.br\/antigo\/index.php?rest_route=%2Fwp%2Fv2%2Ftags&post=54669"}],"curies":[{"name":"wp","href":"https:\/\/api.w.org\/{rel}","templated":true}]}}