{"id":54670,"date":"2023-05-12T16:11:20","date_gmt":"2023-05-12T19:11:20","guid":{"rendered":"https:\/\/mpiaui.com.br\/com-adesao-de-helber-guimaraes-dinair-forma-bancada-de-15-vereadores-na-camara-de-timon\/"},"modified":"2023-05-12T16:11:20","modified_gmt":"2023-05-12T19:11:20","slug":"com-adesao-de-helber-guimaraes-dinair-forma-bancada-de-15-vereadores-na-camara-de-timon","status":"publish","type":"post","link":"https:\/\/mpiaui.com.br\/antigo\/?p=54670","title":{"rendered":"Com ades\u00e3o de Helber Guimar\u00e3es, Dinair forma bancada de 15 vereadores na C\u00e2mara de Timon"},"content":{"rendered":"<p><\/p>\n<div>\n<p><em><strong><img loading=\"lazy\" data-attachment-id=\"41463\" data-permalink=\"https:\/\/vejatimon.com\/geral\/com-adesao-de-helber-guimaraes-dinair-forma-bancada-de-15-vereadores\/attachment\/img-20230512-wa0245\/\" data-orig-file=\"https:\/\/vejatimon.com\/wp-content\/uploads\/2023\/05\/IMG-20230512-WA0245.jpg\" data-orig-size=\"1600,1200\" data-comments-opened=\"1\" data-image-meta=\"{&quot;aperture&quot;:&quot;0&quot;,&quot;credit&quot;:&quot;&quot;,&quot;camera&quot;:&quot;&quot;,&quot;caption&quot;:&quot;&quot;,&quot;created_timestamp&quot;:&quot;0&quot;,&quot;copyright&quot;:&quot;&quot;,&quot;focal_length&quot;:&quot;0&quot;,&quot;iso&quot;:&quot;0&quot;,&quot;shutter_speed&quot;:&quot;0&quot;,&quot;title&quot;:&quot;&quot;,&quot;orientation&quot;:&quot;0&quot;}\" data-image-title=\"IMG-20230512-WA0245\" data-image-description=\"\" data-image-caption=\"\" data-medium-file=\"https:\/\/vejatimon.com\/wp-content\/uploads\/2023\/05\/IMG-20230512-WA0245-300x225.jpg\" data-large-file=\"https:\/\/vejatimon.com\/wp-content\/uploads\/2023\/05\/IMG-20230512-WA0245-1024x768.jpg\" decoding=\"async\" class=\"alignnone size-full wp-image-41463\" src=\"https:\/\/vejatimon.com\/wp-content\/uploads\/2023\/05\/IMG-20230512-WA0245.jpg\" alt=\"\" width=\"1600\" height=\"1200\" srcset=\"https:\/\/vejatimon.com\/wp-content\/uploads\/2023\/05\/IMG-20230512-WA0245.jpg 1600w, https:\/\/vejatimon.com\/wp-content\/uploads\/2023\/05\/xIMG-20230512-WA0245-300x225.jpg.pagespeed.ic.sbtMjuRXSv.jpg 300w, https:\/\/vejatimon.com\/wp-content\/uploads\/2023\/05\/IMG-20230512-WA0245-1024x768.jpg 1024w, https:\/\/vejatimon.com\/wp-content\/uploads\/2023\/05\/IMG-20230512-WA0245-768x576.jpg 768w, https:\/\/vejatimon.com\/wp-content\/uploads\/2023\/05\/IMG-20230512-WA0245-1536x1152.jpg 1536w, https:\/\/vejatimon.com\/wp-content\/uploads\/2023\/05\/IMG-20230512-WA0245-696x522.jpg 696w, https:\/\/vejatimon.com\/wp-content\/uploads\/2023\/05\/IMG-20230512-WA0245-1068x801.jpg 1068w\" sizes=\"auto, (max-width: 1600px) 100vw, 1600px\" data-pagespeed-url-hash=\"1945585151\" onload=\"pagespeed.CriticalImages.checkImageForCriticality(this);\"\/>Na C\u00e2mara, as bancadas est\u00e3o definidas entre Dinar com a maioria e o Deputado Rafael com a minoria.<\/strong><\/em><\/p>\n<p>\u00a0<\/p>\n<p>\u00a0<\/p>\n<p>A ida do terceiro vereador da oposi\u00e7\u00e3o de Timon para os bra\u00e7os do governo Dinair Veloso define que, na C\u00e2mara de Timon, agora, existem dois grupos e duas vertentes: os aliados de Dinair com uma maioria absoluta de 15 vereadores e o grupo do Deputado Rafael Leitoa com 5 e, isolado o vereador Ulysses Waquim, que apesar de ser o l\u00edder de oposi\u00e7\u00e3o, n\u00e3o fede nem cheira, como diz o dito popular.<\/p>\n<p>Dos nomes que disputavam as elei\u00e7\u00f5es em 2020, entre os advers\u00e1rios de Dinair Veloso, o Coronel Schnneyder e o advogado Jaconias Morais foram os que mais perderam vereadores eleitos. Al\u00e9m de Helber Guimar\u00e3es, Republicanos, que anunciou hoje seu apoio a Dinair, Irm\u00e3o Francisco, tamb\u00e9m do Republicanos, deixaram o Coronel e a Professora Vanda, do Pros est\u00e1 agora com o Deputado Rafael. Jorge Passos e Jeremias eleitos pelo PSC, partido de Jaconias na disputa de 2020, deixaram o advogado.<\/p>\n<p>Com cinco vereadores: Uilma Resende, Neto Pe\u00e7as, Alynne Macedo, Doutor Torquato e Professora Vanda, o Deputado Rafael define-se como a bancada que mais cresceu, pois desde o rompimento com seu grupo pol\u00edtico, o deputado que contava apenas com Uilma Resende ganhou 4 ades\u00f5es importantes.<\/p>\n<p>Mas mesmo estabelecendo a maioria dos vereadores na C\u00e2mara, a prefeita Dinair Veloso sabe que numericamente isso n\u00e3o \u00e9 sin\u00f4nimo de tranquila vit\u00f3ria.<\/p>\n<p>A ades\u00e3o de Helber Guimar\u00e3es, ex-presidente da C\u00e2mara e um vereador com chances de se eleger para um terceiro mandato, cria mais do que um desgaste na oposi\u00e7\u00e3o e tamb\u00e9m renova e fortalece a expectativa do grupo, mas deixa muita preocupa\u00e7\u00e3o aos vereadores que l\u00e1 est\u00e3o, pois dentro do governo a luta, todos sabem, \u00e9 de tit\u00e3s para a renova\u00e7\u00e3o dos mandatos.<\/p>\n<p>\u00c9 isso!\n<\/p>\n<p><h3 class=\"jp-relatedposts-headline\"><em>Relacionado<\/em><\/h3>\n<\/p>\n<\/div>\n","protected":false},"excerpt":{"rendered":"<p>Na C\u00e2mara, as bancadas est\u00e3o definidas entre Dinar com a maioria e o Deputado Rafael com a minoria. \u00a0 \u00a0 A ida do terceiro vereador da oposi\u00e7\u00e3o de Timon para&hellip; <\/p>\n","protected":false},"author":1,"featured_media":54671,"comment_status":"open","ping_status":"open","sticky":false,"template":"","format":"standard","meta":{"footnotes":""},"categories":[534],"tags":[],"class_list":["post-54670","post","type-post","status-publish","format-standard","has-post-thumbnail","hentry","category-timon-ma"],"_links":{"self":[{"href":"https:\/\/mpiaui.com.br\/antigo\/index.php?rest_route=\/wp\/v2\/posts\/54670","targetHints":{"allow":["GET"]}}],"collection":[{"href":"https:\/\/mpiaui.com.br\/antigo\/index.php?rest_route=\/wp\/v2\/posts"}],"about":[{"href":"https:\/\/mpiaui.com.br\/antigo\/index.php?rest_route=\/wp\/v2\/types\/post"}],"author":[{"embeddable":true,"href":"https:\/\/mpiaui.com.br\/antigo\/index.php?rest_route=\/wp\/v2\/users\/1"}],"replies":[{"embeddable":true,"href":"https:\/\/mpiaui.com.br\/antigo\/index.php?rest_route=%2Fwp%2Fv2%2Fcomments&post=54670"}],"version-history":[{"count":0,"href":"https:\/\/mpiaui.com.br\/antigo\/index.php?rest_route=\/wp\/v2\/posts\/54670\/revisions"}],"wp:featuredmedia":[{"embeddable":true,"href":"https:\/\/mpiaui.com.br\/antigo\/index.php?rest_route=\/wp\/v2\/media\/54671"}],"wp:attachment":[{"href":"https:\/\/mpiaui.com.br\/antigo\/index.php?rest_route=%2Fwp%2Fv2%2Fmedia&parent=54670"}],"wp:term":[{"taxonomy":"category","embeddable":true,"href":"https:\/\/mpiaui.com.br\/antigo\/index.php?rest_route=%2Fwp%2Fv2%2Fcategories&post=54670"},{"taxonomy":"post_tag","embeddable":true,"href":"https:\/\/mpiaui.com.br\/antigo\/index.php?rest_route=%2Fwp%2Fv2%2Ftags&post=54670"}],"curies":[{"name":"wp","href":"https:\/\/api.w.org\/{rel}","templated":true}]}}