{"id":54672,"date":"2023-05-12T16:34:40","date_gmt":"2023-05-12T19:34:40","guid":{"rendered":"https:\/\/mpiaui.com.br\/vacina-bivalente-esta-disponivel-para-populacao-acima-de-40-anos-na-segunda-15\/"},"modified":"2023-05-12T16:34:40","modified_gmt":"2023-05-12T19:34:40","slug":"vacina-bivalente-esta-disponivel-para-populacao-acima-de-40-anos-na-segunda-15","status":"publish","type":"post","link":"https:\/\/mpiaui.com.br\/antigo\/?p=54672","title":{"rendered":"Vacina bivalente est\u00e1 dispon\u00edvel para popula\u00e7\u00e3o acima de 40 anos na segunda (15)"},"content":{"rendered":"<div>\n<p>\n                                                <img decoding=\"async\" src=\"https:\/\/piauihoje.com\/uploads\/imagens\/vacina-1683920022.jpg\" alt=\"Vacina covid-19\" style=\"width: 100% !important;\"\/>\n                                                <\/p>\n<p>\n                                                    <span>Vacina covid-19<\/span><br \/>\n                                                    <span>Foto: Divulga\u00e7\u00e3o<\/span>\n                                                <\/p>\n<p>A Funda\u00e7\u00e3o Municipal de Sa\u00fade inicia a amplia\u00e7\u00e3o da vacina contra a covid-19 para a popula\u00e7\u00e3o em geral. A partir de segunda-feira (15), todos os teresinenses com 40 anos e mais j\u00e1 podem ter acesso ao imunizante, que protege tamb\u00e9m contra a variante \u00f4micron da doen\u00e7a.<\/p>\n<p>A vacina bivalente est\u00e1 dispon\u00edvel nos terminais do Buenos Aires e Parque Piau\u00ed, al\u00e9m do Teresina Shopping (edif\u00edcio garagem G1 e G3). O hor\u00e1rio de funcionamento \u00e9 de segunda a sexta das 9h \u00e0s 17h. Outros p\u00fablicos contemplados s\u00e3o pessoas com comorbidades, imunocomprometidas, gestantes, pu\u00e9rperas e pessoas com defici\u00eancia permanente na faixa dos 12 anos e mais, al\u00e9m de trabalhadores da sa\u00fade com 18 anos e mais.<\/p>\n<p>Os outros pontos de vacina\u00e7\u00e3o disponibilizados pela FMS seguem em funcionamento na pr\u00f3xima semana. \u00c0s ter\u00e7as e quintas tem vacina\u00e7\u00e3o em todas as Unidades B\u00e1sicas de Sa\u00fade (UBS), destinada a todos os p\u00fablicos de 12 anos e mais (exceto pela bivalente). Nestes mesmos dias, as UBS Buenos Aires, Santa Maria da Codipi, Parque Brasil, Saci, Monte Castelo, Irm\u00e3 Dulce, Porto Alegre, Cidade Jardim, Sat\u00e9lite, Santa Isabel, Parque Poti, Renascen\u00e7a, Alto da Ressurrei\u00e7\u00e3o estar\u00e3o aplicando primeira, segunda dose e refor\u00e7o para crian\u00e7as de 5 a 11 anos.<\/p>\n<p>\u00c0s segundas, quartas e sextas-feiras, os beb\u00eas de 6 meses a menores de 3 anos que v\u00e3o tomar primeira, segunda e terceira dose, al\u00e9m das crian\u00e7as de 3 e 4 anos vacinadas com coronavac que v\u00e3o tomar dose de refor\u00e7o, podem se dirigir \u00e0s UBS Planalto Uruguai, Santa Isabel, Betinho, Cristo Rei, S\u00e3o Pedro, Poti Velho, Monte Verde, Nossa Senhora da Guia e Carlos Alberto Cordeiro. Os locais funcionam das 8h \u00e0s 12h e 13h \u00e0s 17h.<\/p>\n<p>Al\u00e9m disso, de segunda a sexta-feira, das 9h \u00e0s 17h, o Teresina Shopping recebe ainda os seguintes p\u00fablicos: primeira e segunda dose para o p\u00fablico de 6 meses e mais, terceira dose para crian\u00e7as de 6 meses a menores de 5 anos, primeiro refor\u00e7o para 3 anos e mais, segundo refor\u00e7o para 18 anos e mais e o terceiro refor\u00e7o para vacinados com a Janssen no primeiro esquema prim\u00e1rio \u2013 dose \u00fanica.<\/p>\n<p>No momento da vacina\u00e7\u00e3o, \u00e9 preciso apresentar os seguintes documentos: identifica\u00e7\u00e3o com foto, CPF ou cart\u00e3o do SUS e o cart\u00e3o de vacina\u00e7\u00e3o com registro das doses anteriores. Pessoas com comorbidades, imunossuprimidas ou com defici\u00eancia devem portar ainda um documento de comprova\u00e7\u00e3o do seu estado de sa\u00fade; as gestantes e pu\u00e9rperas devem apresentar o cart\u00e3o da gestante ou certid\u00e3o de nascimento do beb\u00ea; e trabalhadores da sa\u00fade devem apresentar um documento que comprove a atividade em servi\u00e7o de sa\u00fade de at\u00e9 3 meses.<\/p>\n<p><strong>Programa\u00e7\u00e3o vacina\u00e7\u00e3o \u2013 15 a 19 de maio<\/strong><\/p>\n<p><strong>15\/05 a 19\/05 \u2013 Segunda a sexta-feira \u2013 9h \u00e0s 17h<\/strong><\/p>\n<p>Drive thru: Teresina Shopping (Edif\u00edcio garagem G1), Terminal Buenos Aires, Terminal Parque Piau\u00ed<\/p>\n<p>\u2013 Vacina Bivalente: Popula\u00e7\u00e3o em geral 40 anos e mais;<\/p>\n<p>\u2013 Vacina Bivalente: Comorbidade 12 anos e mais.<\/p>\n<p>\u2013 Vacina Bivalente: Imunocomprometidos 12 anos e mais<\/p>\n<p>\u2013 Vacina Bivalente: Pessoas com defici\u00eancia permanente 12 anos e mais<\/p>\n<p>\u2013 Vacina Bivalente: Gestantes e pu\u00e9rperas 12 anos e mais<\/p>\n<p>\u2013 Vacina Bivalente: Trabalhadores da sa\u00fade 18 anos e mais<\/p>\n<p><strong>15\/05 a 19\/05 \u2013 Segunda a sexta-feira \u2013 9h \u00e0s 17h<\/strong><\/p>\n<p>Teresina Shopping (Edif\u00edcio Garagem G3)<\/p>\n<p>\u2013 1\u00aa dose crian\u00e7as de 6 meses a 11 anos<\/p>\n<p>\u2013 2\u00aa dose crian\u00e7as de 6 meses a 11 anos<\/p>\n<p>\u2013 3\u00aa dose crian\u00e7as de 6 meses a menores de 5 anos<\/p>\n<p>\u2013 1\u00aa dose 12 anos e mais<\/p>\n<p>\u2013 2\u00aa dose com a vacina respectiva da primeira dose aplicada (12 anos ou mais);<\/p>\n<p>\u2013 1\u00ba Refor\u00e7o (3 anos ou mais)<\/p>\n<p>\u2013 2\u00ba Refor\u00e7o (18 anos ou mais)<\/p>\n<p>\u2013 Vacina bivalente: 40 anos e mais<\/p>\n<p><strong>16\/05 e 18\/05 \u2013 Ter\u00e7a e quinta-feira \u2013 8h \u00e0s 12h e 13h \u00e0s 17h<\/strong><\/p>\n<p>Todas as UBS<\/p>\n<p>\u2013 1\u00aa dose 12 anos e mais<\/p>\n<p>\u2013 2\u00aa dose com a vacina respectiva da primeira dose aplicada (12 anos ou mais)<\/p>\n<p>\u2013 1\u00ba Refor\u00e7o (12 anos ou mais)<\/p>\n<p>\u2013 2\u00ba Refor\u00e7o (18 anos ou mais)<\/p>\n<p><strong>16\/05 e 18\/05 \u2013 Ter\u00e7a e quinta-feira \u2013 8h \u00e0s 12h e 13h \u00e0s 17h<\/strong><\/p>\n<p>UBS Buenos Aires, UBS Santa Maria da Codipi, UBS Parque Brasil, UBS Saci, UBS Monte Castelo, UBS Irm\u00e3 Dulce, UBS Porto Alegre, UBS Cidade Jardim, UBS Sat\u00e9lite, UBS Santa Isabel, UBS Parque Poti, UBS Renascen\u00e7a, UBS Alto da Ressurrei\u00e7\u00e3o<\/p>\n<p>\u2013 1\u00aa dose 5 a 11 anos<\/p>\n<p>\u2013 2\u00aa dose 5 a 11 anos<\/p>\n<p>\u2013 Refor\u00e7o 5 a 11 anos<\/p>\n<p><strong>15\/05, 17\/05 e 19\/05 \u2013 Segunda, quarta e sexta-feira \u2013 8h \u00e0s 12h e 13h \u00e0s 17h<\/strong><\/p>\n<p>UBS Planalto Uruguai, UBS Santa Isabel, UBS Betinho, UBS Cristo Rei, UBS S\u00e3o Pedro, UBS Poti Velho, UBS Monte Verde, UBS Nossa Senhora da Guia, UBS Carlos Alberto Cordeiro<\/p>\n<p>\u2013 1\u00aa dose (6 meses a menores de 5 anos \u2013 4 anos, 11 meses e 29 dias)<\/p>\n<p>\u2013 2\u00aa dose (6 meses a menores de 5 anos \u2013 4 anos, 11 meses e 29 dias)<\/p>\n<p>\u2013 3\u00aa dose (6 meses a menores de 5 anos \u2013 4 anos, 11 meses e 29 dias)<\/p>\n<p>\u2013 Refor\u00e7o (3 e 4 anos vacinadas com coronavac)<\/p>\n<\/p><\/div>\n","protected":false},"excerpt":{"rendered":"<p>Vacina covid-19 Foto: Divulga\u00e7\u00e3o A Funda\u00e7\u00e3o Municipal de Sa\u00fade inicia a amplia\u00e7\u00e3o da vacina contra a covid-19 para a popula\u00e7\u00e3o em geral. A partir de segunda-feira (15), todos os teresinenses&hellip; <\/p>\n","protected":false},"author":1,"featured_media":54673,"comment_status":"open","ping_status":"open","sticky":false,"template":"","format":"standard","meta":{"footnotes":""},"categories":[78],"tags":[],"class_list":["post-54672","post","type-post","status-publish","format-standard","has-post-thumbnail","hentry","category-teresina"],"_links":{"self":[{"href":"https:\/\/mpiaui.com.br\/antigo\/index.php?rest_route=\/wp\/v2\/posts\/54672","targetHints":{"allow":["GET"]}}],"collection":[{"href":"https:\/\/mpiaui.com.br\/antigo\/index.php?rest_route=\/wp\/v2\/posts"}],"about":[{"href":"https:\/\/mpiaui.com.br\/antigo\/index.php?rest_route=\/wp\/v2\/types\/post"}],"author":[{"embeddable":true,"href":"https:\/\/mpiaui.com.br\/antigo\/index.php?rest_route=\/wp\/v2\/users\/1"}],"replies":[{"embeddable":true,"href":"https:\/\/mpiaui.com.br\/antigo\/index.php?rest_route=%2Fwp%2Fv2%2Fcomments&post=54672"}],"version-history":[{"count":0,"href":"https:\/\/mpiaui.com.br\/antigo\/index.php?rest_route=\/wp\/v2\/posts\/54672\/revisions"}],"wp:featuredmedia":[{"embeddable":true,"href":"https:\/\/mpiaui.com.br\/antigo\/index.php?rest_route=\/wp\/v2\/media\/54673"}],"wp:attachment":[{"href":"https:\/\/mpiaui.com.br\/antigo\/index.php?rest_route=%2Fwp%2Fv2%2Fmedia&parent=54672"}],"wp:term":[{"taxonomy":"category","embeddable":true,"href":"https:\/\/mpiaui.com.br\/antigo\/index.php?rest_route=%2Fwp%2Fv2%2Fcategories&post=54672"},{"taxonomy":"post_tag","embeddable":true,"href":"https:\/\/mpiaui.com.br\/antigo\/index.php?rest_route=%2Fwp%2Fv2%2Ftags&post=54672"}],"curies":[{"name":"wp","href":"https:\/\/api.w.org\/{rel}","templated":true}]}}