{"id":54674,"date":"2023-05-12T16:41:37","date_gmt":"2023-05-12T19:41:37","guid":{"rendered":"https:\/\/mpiaui.com.br\/secretaria-de-justica-monitora-pessoas-com-tornozeleira-eletronica-e-medidas-protetivas\/"},"modified":"2023-05-12T16:41:37","modified_gmt":"2023-05-12T19:41:37","slug":"secretaria-de-justica-monitora-pessoas-com-tornozeleira-eletronica-e-medidas-protetivas","status":"publish","type":"post","link":"https:\/\/mpiaui.com.br\/antigo\/?p=54674","title":{"rendered":"Secretaria de Justi\u00e7a monitora pessoas com tornozeleira eletr\u00f4nica e medidas protetivas"},"content":{"rendered":"<p> [ad_1]<br \/>\n<\/p>\n<div>\n<p>Em face do m\u00eas de maio, em que \u00e9 comemorado o Dia das M\u00e3es, a Secretaria de Justi\u00e7a realizou na noite dessa quinta-feira (11), mais uma etapa da Opera\u00e7\u00e3o Monitorados. A miss\u00e3o teve como objetivo fiscalizar, in loco, pessoas que usam tornozeleiras eletr\u00f4nicas com medidas protetivas de urg\u00eancia da Lei Maria da Penha.<\/p>\n<div id=\"attachment_88443\" style=\"width: 740px\" class=\"wp-caption aligncenter\"><img decoding=\"async\" aria-describedby=\"caption-attachment-88443\" loading=\"lazy\" class=\"size-medium wp-image-88443\" src=\"https:\/\/www.pi.gov.br\/wp-content\/uploads\/2023\/05\/WhatsApp-Image-2023-05-12-at-11.34.59-730x487.jpeg\" alt=\"Pol\u00edcia Penal do Piau\u00ed realiza Opera\u00e7\u00e3o Monitorados \" width=\"730\" height=\"487\" srcset=\"https:\/\/www.pi.gov.br\/wp-content\/uploads\/2023\/05\/WhatsApp-Image-2023-05-12-at-11.34.59-730x487.jpeg 730w, https:\/\/www.pi.gov.br\/wp-content\/uploads\/2023\/05\/WhatsApp-Image-2023-05-12-at-11.34.59-1070x713.jpeg 1070w, https:\/\/www.pi.gov.br\/wp-content\/uploads\/2023\/05\/WhatsApp-Image-2023-05-12-at-11.34.59-768x512.jpeg 768w, https:\/\/www.pi.gov.br\/wp-content\/uploads\/2023\/05\/WhatsApp-Image-2023-05-12-at-11.34.59-391x260.jpeg 391w, https:\/\/www.pi.gov.br\/wp-content\/uploads\/2023\/05\/WhatsApp-Image-2023-05-12-at-11.34.59-1536x1024.jpeg 1536w, https:\/\/www.pi.gov.br\/wp-content\/uploads\/2023\/05\/WhatsApp-Image-2023-05-12-at-11.34.59.jpeg 1599w\" sizes=\"auto, (max-width: 730px) 100vw, 730px\"\/><\/p>\n<p id=\"caption-attachment-88443\" class=\"wp-caption-text\">Pol\u00edcia Penal do Piau\u00ed realiza Opera\u00e7\u00e3o Monitorados<\/p>\n<\/div>\n<p>Na opera\u00e7\u00e3o desta semana, estiveram presentes policiais penais e civis e, ainda, a Patrulha Maria da Penha, da Pol\u00edcia Militar. O foco foi aumentar o n\u00edvel de seguran\u00e7a e acolhimento de mulheres v\u00edtimas de viol\u00eancia por parte da Sejus e da seguran\u00e7a p\u00fablica como um todo.<\/p>\n<div id=\"attachment_88445\" style=\"width: 740px\" class=\"wp-caption aligncenter\"><img decoding=\"async\" aria-describedby=\"caption-attachment-88445\" loading=\"lazy\" class=\"size-medium wp-image-88445\" src=\"https:\/\/www.pi.gov.br\/wp-content\/uploads\/2023\/05\/WhatsApp-Image-2023-05-12-at-11.34.48-730x487.jpeg\" alt=\"Pol\u00edcia Penal do Piau\u00ed realiza Opera\u00e7\u00e3o Monitorados\" width=\"730\" height=\"487\" srcset=\"https:\/\/www.pi.gov.br\/wp-content\/uploads\/2023\/05\/WhatsApp-Image-2023-05-12-at-11.34.48-730x487.jpeg 730w, https:\/\/www.pi.gov.br\/wp-content\/uploads\/2023\/05\/WhatsApp-Image-2023-05-12-at-11.34.48-1070x713.jpeg 1070w, https:\/\/www.pi.gov.br\/wp-content\/uploads\/2023\/05\/WhatsApp-Image-2023-05-12-at-11.34.48-768x512.jpeg 768w, https:\/\/www.pi.gov.br\/wp-content\/uploads\/2023\/05\/WhatsApp-Image-2023-05-12-at-11.34.48-391x260.jpeg 391w, https:\/\/www.pi.gov.br\/wp-content\/uploads\/2023\/05\/WhatsApp-Image-2023-05-12-at-11.34.48-1536x1024.jpeg 1536w, https:\/\/www.pi.gov.br\/wp-content\/uploads\/2023\/05\/WhatsApp-Image-2023-05-12-at-11.34.48.jpeg 1599w\" sizes=\"auto, (max-width: 730px) 100vw, 730px\"\/><\/p>\n<p id=\"caption-attachment-88445\" class=\"wp-caption-text\">Pol\u00edcia Penal do Piau\u00ed realiza Opera\u00e7\u00e3o Monitorados<\/p>\n<\/div>\n<p>Segundo a gerente de Monitoramento Eletr\u00f4nico da Sejus, a policial penal Keith Vit\u00f3rio, o saldo da opera\u00e7\u00e3o foi positivo.\u201cTerminamos com o resultado satisfat\u00f3rio, onde todos monitorados estavam cumprindo a determina\u00e7\u00e3o judicial de recolhimento domiciliar noturno, assim como tamb\u00e9m, estavam cumprindo a determina\u00e7\u00e3o de afastamento das v\u00edtimas\u201d, concluiu a policial.<\/p>\n<p>Equipes de policiais penais da Sejus fazem o monitoramento de pessoas que cumprem medidas cautelares impostas pelo Poder Judici\u00e1rio. Ao todo, mais de 600 pessoas cumprem medidas no Piaui.<\/p>\n<\/p><\/div>\n<p><script async=\"\" defer=\"\" crossorigin=\"anonymous\" src=\"https:\/\/connect.facebook.net\/pt_BR\/sdk.js#xfbml=1&#038;version=v3.3\"><\/script><br \/>\n<br \/>[ad_2]<\/p>\n","protected":false},"excerpt":{"rendered":"<p>[ad_1] Em face do m\u00eas de maio, em que \u00e9 comemorado o Dia das M\u00e3es, a Secretaria de Justi\u00e7a realizou na noite dessa quinta-feira (11), mais uma etapa da Opera\u00e7\u00e3o&hellip; <\/p>\n","protected":false},"author":1,"featured_media":54675,"comment_status":"open","ping_status":"open","sticky":false,"template":"","format":"standard","meta":{"footnotes":""},"categories":[938],"tags":[],"class_list":["post-54674","post","type-post","status-publish","format-standard","has-post-thumbnail","hentry","category-governador"],"_links":{"self":[{"href":"https:\/\/mpiaui.com.br\/antigo\/index.php?rest_route=\/wp\/v2\/posts\/54674","targetHints":{"allow":["GET"]}}],"collection":[{"href":"https:\/\/mpiaui.com.br\/antigo\/index.php?rest_route=\/wp\/v2\/posts"}],"about":[{"href":"https:\/\/mpiaui.com.br\/antigo\/index.php?rest_route=\/wp\/v2\/types\/post"}],"author":[{"embeddable":true,"href":"https:\/\/mpiaui.com.br\/antigo\/index.php?rest_route=\/wp\/v2\/users\/1"}],"replies":[{"embeddable":true,"href":"https:\/\/mpiaui.com.br\/antigo\/index.php?rest_route=%2Fwp%2Fv2%2Fcomments&post=54674"}],"version-history":[{"count":0,"href":"https:\/\/mpiaui.com.br\/antigo\/index.php?rest_route=\/wp\/v2\/posts\/54674\/revisions"}],"wp:featuredmedia":[{"embeddable":true,"href":"https:\/\/mpiaui.com.br\/antigo\/index.php?rest_route=\/wp\/v2\/media\/54675"}],"wp:attachment":[{"href":"https:\/\/mpiaui.com.br\/antigo\/index.php?rest_route=%2Fwp%2Fv2%2Fmedia&parent=54674"}],"wp:term":[{"taxonomy":"category","embeddable":true,"href":"https:\/\/mpiaui.com.br\/antigo\/index.php?rest_route=%2Fwp%2Fv2%2Fcategories&post=54674"},{"taxonomy":"post_tag","embeddable":true,"href":"https:\/\/mpiaui.com.br\/antigo\/index.php?rest_route=%2Fwp%2Fv2%2Ftags&post=54674"}],"curies":[{"name":"wp","href":"https:\/\/api.w.org\/{rel}","templated":true}]}}