{"id":54680,"date":"2023-05-12T17:45:11","date_gmt":"2023-05-12T20:45:11","guid":{"rendered":"https:\/\/mpiaui.com.br\/rafael-fonteles-anuncia-matriculas-para-novos-cursos-profissionalizantes-em-150-escolas-de-ensino-medio\/"},"modified":"2023-05-12T17:45:11","modified_gmt":"2023-05-12T20:45:11","slug":"rafael-fonteles-anuncia-matriculas-para-novos-cursos-profissionalizantes-em-150-escolas-de-ensino-medio","status":"publish","type":"post","link":"https:\/\/mpiaui.com.br\/antigo\/?p=54680","title":{"rendered":"Rafael Fonteles anuncia matr\u00edculas para novos cursos profissionalizantes em 150 escolas de ensino m\u00e9dio"},"content":{"rendered":"<p> [ad_1]<br \/>\n<\/p>\n<div>\n<p>O governador Rafael Fonteles anunciou, nesta sexta-feira (12), em suas redes sociais, que 150 escolas de ensino m\u00e9dio do Piau\u00ed v\u00e3o abrir matr\u00edculas para novos cursos profissionalizantes a partir de segunda-feira (15). A iniciativa faz parte de uma das metas para a educa\u00e7\u00e3o do Piau\u00ed, que \u00e9 a amplia\u00e7\u00e3o da oferta de cursos t\u00e9cnicos de n\u00edvel m\u00e9dio no \u00e2mbito do Programa Acelera Seduc. Cerca de 10 mil estudantes ser\u00e3o beneficiados.<\/p>\n<p>Para o governador, o ensino profissionalizante facilita o acesso do aluno ao mercado de trabalho e ao emprego. \u201c\u00c9 mais uma oportunidade de garantir a capacita\u00e7\u00e3o dos nossos jovens em \u00e1reas que est\u00e3o crescendo, para que eles consigam espa\u00e7o no mercado de trabalho e possam ajudar nosso estado a se desenvolver\u201d, disse Rafael.<\/p>\n<p>De acordo com o secret\u00e1rio de Educa\u00e7\u00e3o, Washington Bandeira, cinco cursos ser\u00e3o oferecidos nessas escolas: desenvolvimento de sistemas com \u00eanfase em intelig\u00eancia artificial, marketing digital, programa\u00e7\u00e3o de jogos, turismo com \u00eanfase em empreendedorismo e energias renov\u00e1veis. A partir de segunda-feira, os alunos j\u00e1 poder\u00e3o procurar as escolas para fazer a matr\u00edcula.<\/p>\n<p><img decoding=\"async\" loading=\"lazy\" class=\"size-medium wp-image-88449 aligncenter\" src=\"https:\/\/www.pi.gov.br\/wp-content\/uploads\/2023\/05\/WhatsApp-Image-2023-05-12-at-17.17.07-730x548.jpeg\" alt=\"\" width=\"730\" height=\"548\" srcset=\"https:\/\/www.pi.gov.br\/wp-content\/uploads\/2023\/05\/WhatsApp-Image-2023-05-12-at-17.17.07-730x548.jpeg 730w, https:\/\/www.pi.gov.br\/wp-content\/uploads\/2023\/05\/WhatsApp-Image-2023-05-12-at-17.17.07-1070x803.jpeg 1070w, https:\/\/www.pi.gov.br\/wp-content\/uploads\/2023\/05\/WhatsApp-Image-2023-05-12-at-17.17.07-768x576.jpeg 768w, https:\/\/www.pi.gov.br\/wp-content\/uploads\/2023\/05\/WhatsApp-Image-2023-05-12-at-17.17.07-1536x1152.jpeg 1536w, https:\/\/www.pi.gov.br\/wp-content\/uploads\/2023\/05\/WhatsApp-Image-2023-05-12-at-17.17.07.jpeg 1600w\" sizes=\"auto, (max-width: 730px) 100vw, 730px\"\/><\/p>\n<p>A declara\u00e7\u00e3o do governador aconteceu em Fortaleza (CE), ao participar do lan\u00e7amento, pelo presidente Lula, do Programa Escolas de Tempo Integral, que tem como o objetivo ampliar em 1 milh\u00e3o de matr\u00edculas a oferta de tempo integral nas escolas de educa\u00e7\u00e3o b\u00e1sica de todo o Brasil. O evento teve a presen\u00e7a do ministro da Educa\u00e7\u00e3o, Camilo Santana, e de v\u00e1rios governadores.<\/p>\n<p>Rafael destacou que o Piau\u00ed saiu na frente em rela\u00e7\u00e3o ao ensino em tempo integral, j\u00e1 que at\u00e9 2025 todas as escolas p\u00fablicas da rede estadual de ensino m\u00e9dio ser\u00e3o em tempo integral e ter\u00e3o tamb\u00e9m ensino profissional e t\u00e9cnico. \u201cTenho orgulho de dizer que o Piau\u00ed est\u00e1 em sintonia com as diretrizes nacionais e focando no que muda o nosso futuro: a educa\u00e7\u00e3o\u201d, afirmou o governador.<\/p>\n<p>Em janeiro deste ano, o Governo do Piau\u00ed ofertava ensino integral em 96 escolas de ensino m\u00e9dio, e vai expandir a modalidade para mais 104 at\u00e9 o final do ano, totalizando 200 unidades este ano. Destas 200, 150 ofertar\u00e3o cursos t\u00e9cnicos e profissionalizantes.<\/p>\n<p><img decoding=\"async\" loading=\"lazy\" class=\"size-medium wp-image-88450 aligncenter\" src=\"https:\/\/www.pi.gov.br\/wp-content\/uploads\/2023\/05\/WhatsApp-Image-2023-05-12-at-17.19.14-730x487.jpeg\" alt=\"\" width=\"730\" height=\"487\" srcset=\"https:\/\/www.pi.gov.br\/wp-content\/uploads\/2023\/05\/WhatsApp-Image-2023-05-12-at-17.19.14-730x487.jpeg 730w, https:\/\/www.pi.gov.br\/wp-content\/uploads\/2023\/05\/WhatsApp-Image-2023-05-12-at-17.19.14-1070x713.jpeg 1070w, https:\/\/www.pi.gov.br\/wp-content\/uploads\/2023\/05\/WhatsApp-Image-2023-05-12-at-17.19.14-768x512.jpeg 768w, https:\/\/www.pi.gov.br\/wp-content\/uploads\/2023\/05\/WhatsApp-Image-2023-05-12-at-17.19.14-391x260.jpeg 391w, https:\/\/www.pi.gov.br\/wp-content\/uploads\/2023\/05\/WhatsApp-Image-2023-05-12-at-17.19.14.jpeg 1200w\" sizes=\"auto, (max-width: 730px) 100vw, 730px\"\/><\/p>\n<p><strong>Tempo integral em n\u00edvel nacional<\/strong><\/p>\n<p>O Programa Escolas de Tempo Integral busca viabilizar a meta 6 do Plano Nacional de Educa\u00e7\u00e3o (PNE), que estabelece a oferta de educa\u00e7\u00e3o em tempo integral em, no m\u00ednimo, 50% das escolas p\u00fablicas, de forma a atender, pelo menos, 25% dos estudantes da educa\u00e7\u00e3o b\u00e1sica. O Relat\u00f3rio do 4\u00ba Ciclo de Monitoramento das Metas do PNE 2022 mostra que o percentual de matr\u00edculas em tempo integral na rede p\u00fablica brasileira caiu de 17,6%, em 2014, para 15,1% em 2021.<\/p>\n<p>Para ampliar a oferta de matr\u00edculas em tempo integral, o programa vai repassar R$ 4 bilh\u00f5es para que estados e munic\u00edpios possam expandir essas matr\u00edculas em suas redes. A a\u00e7\u00e3o \u00e9 destinada a todos os entes federados, que poder\u00e3o aderir e pactuar metas junto ao MEC, por meio do Sistema Integrado de Monitoramento Execu\u00e7\u00e3o e Controle (Simec).<\/p>\n<\/p><\/div>\n<p><script async=\"\" defer=\"\" crossorigin=\"anonymous\" src=\"https:\/\/connect.facebook.net\/pt_BR\/sdk.js#xfbml=1&#038;version=v3.3\"><\/script><br \/>\n<br \/>[ad_2]<\/p>\n","protected":false},"excerpt":{"rendered":"<p>[ad_1] O governador Rafael Fonteles anunciou, nesta sexta-feira (12), em suas redes sociais, que 150 escolas de ensino m\u00e9dio do Piau\u00ed v\u00e3o abrir matr\u00edculas para novos cursos profissionalizantes a partir&hellip; <\/p>\n","protected":false},"author":1,"featured_media":54681,"comment_status":"open","ping_status":"open","sticky":false,"template":"","format":"standard","meta":{"footnotes":""},"categories":[938],"tags":[],"class_list":["post-54680","post","type-post","status-publish","format-standard","has-post-thumbnail","hentry","category-governador"],"_links":{"self":[{"href":"https:\/\/mpiaui.com.br\/antigo\/index.php?rest_route=\/wp\/v2\/posts\/54680","targetHints":{"allow":["GET"]}}],"collection":[{"href":"https:\/\/mpiaui.com.br\/antigo\/index.php?rest_route=\/wp\/v2\/posts"}],"about":[{"href":"https:\/\/mpiaui.com.br\/antigo\/index.php?rest_route=\/wp\/v2\/types\/post"}],"author":[{"embeddable":true,"href":"https:\/\/mpiaui.com.br\/antigo\/index.php?rest_route=\/wp\/v2\/users\/1"}],"replies":[{"embeddable":true,"href":"https:\/\/mpiaui.com.br\/antigo\/index.php?rest_route=%2Fwp%2Fv2%2Fcomments&post=54680"}],"version-history":[{"count":0,"href":"https:\/\/mpiaui.com.br\/antigo\/index.php?rest_route=\/wp\/v2\/posts\/54680\/revisions"}],"wp:featuredmedia":[{"embeddable":true,"href":"https:\/\/mpiaui.com.br\/antigo\/index.php?rest_route=\/wp\/v2\/media\/54681"}],"wp:attachment":[{"href":"https:\/\/mpiaui.com.br\/antigo\/index.php?rest_route=%2Fwp%2Fv2%2Fmedia&parent=54680"}],"wp:term":[{"taxonomy":"category","embeddable":true,"href":"https:\/\/mpiaui.com.br\/antigo\/index.php?rest_route=%2Fwp%2Fv2%2Fcategories&post=54680"},{"taxonomy":"post_tag","embeddable":true,"href":"https:\/\/mpiaui.com.br\/antigo\/index.php?rest_route=%2Fwp%2Fv2%2Ftags&post=54680"}],"curies":[{"name":"wp","href":"https:\/\/api.w.org\/{rel}","templated":true}]}}