{"id":54682,"date":"2023-05-12T17:56:41","date_gmt":"2023-05-12T20:56:41","guid":{"rendered":"https:\/\/mpiaui.com.br\/sessao-solene-em-homenagem-ao-dia-do-zootecnista-reune-profissionais-em-timon\/"},"modified":"2023-05-12T17:56:41","modified_gmt":"2023-05-12T20:56:41","slug":"sessao-solene-em-homenagem-ao-dia-do-zootecnista-reune-profissionais-em-timon","status":"publish","type":"post","link":"https:\/\/mpiaui.com.br\/antigo\/?p=54682","title":{"rendered":"Sess\u00e3o solene em homenagem ao Dia do Zootecnista re\u00fane profissionais em Timon"},"content":{"rendered":"<p><\/p>\n<div data-td-block-uid=\"tdi_94\">\n<div class=\"tdb-block-inner td-fix-index\">\n<p><img loading=\"lazy\" data-attachment-id=\"41468\" data-permalink=\"https:\/\/vejatimon.com\/geral\/sessao-solene-em-homenagem-ao-dia-do-zootecnista-reune-profissionais-em-timon\/attachment\/img-20230512-wa06211\/\" data-orig-file=\"https:\/\/vejatimon.com\/wp-content\/uploads\/2023\/05\/IMG-20230512-WA06211.jpg\" data-orig-size=\"1600,900\" data-comments-opened=\"1\" data-image-meta=\"{&quot;aperture&quot;:&quot;0&quot;,&quot;credit&quot;:&quot;&quot;,&quot;camera&quot;:&quot;&quot;,&quot;caption&quot;:&quot;&quot;,&quot;created_timestamp&quot;:&quot;0&quot;,&quot;copyright&quot;:&quot;&quot;,&quot;focal_length&quot;:&quot;0&quot;,&quot;iso&quot;:&quot;0&quot;,&quot;shutter_speed&quot;:&quot;0&quot;,&quot;title&quot;:&quot;&quot;,&quot;orientation&quot;:&quot;0&quot;}\" data-image-title=\"IMG-20230512-WA0621(1)\" data-image-description=\"\" data-image-caption=\"\" data-medium-file=\"https:\/\/vejatimon.com\/wp-content\/uploads\/2023\/05\/IMG-20230512-WA06211-300x169.jpg\" data-large-file=\"https:\/\/vejatimon.com\/wp-content\/uploads\/2023\/05\/IMG-20230512-WA06211-1024x576.jpg\" decoding=\"async\" class=\"alignnone size-full wp-image-41468\" src=\"https:\/\/vejatimon.com\/wp-content\/uploads\/2023\/05\/IMG-20230512-WA06211.jpg\" alt=\"\" width=\"1600\" height=\"900\" srcset=\"https:\/\/vejatimon.com\/wp-content\/uploads\/2023\/05\/IMG-20230512-WA06211.jpg 1600w, https:\/\/vejatimon.com\/wp-content\/uploads\/2023\/05\/xIMG-20230512-WA06211-300x169.jpg.pagespeed.ic.glJeA_p382.jpg 300w, https:\/\/vejatimon.com\/wp-content\/uploads\/2023\/05\/IMG-20230512-WA06211-1024x576.jpg 1024w, https:\/\/vejatimon.com\/wp-content\/uploads\/2023\/05\/IMG-20230512-WA06211-768x432.jpg 768w, https:\/\/vejatimon.com\/wp-content\/uploads\/2023\/05\/IMG-20230512-WA06211-1536x864.jpg 1536w, https:\/\/vejatimon.com\/wp-content\/uploads\/2023\/05\/IMG-20230512-WA06211-696x392.jpg 696w, https:\/\/vejatimon.com\/wp-content\/uploads\/2023\/05\/IMG-20230512-WA06211-1068x601.jpg 1068w\" sizes=\"auto, (max-width: 1600px) 100vw, 1600px\" data-pagespeed-url-hash=\"172413334\" onload=\"pagespeed.CriticalImages.checkImageForCriticality(this);\"\/><\/p>\n<p>Nesta sexta-feira (12), a C\u00e2mara Municipal de Timon realizou uma sess\u00e3o solene em alus\u00e3o ao Dia do Zootecnista, presidida pelo vereador Uilma Resende e contou com a participa\u00e7\u00e3o de profissionais da \u00e1rea.<\/p>\n<p>Al\u00e9m das homenagens, a sess\u00e3o solene proporcionou um espa\u00e7o para os zootecnistas expressarem suas demandas e apresentarem sugest\u00f5es para o aprimoramento das pol\u00edticas p\u00fablicas relacionadas ao setor.<\/p>\n<p>A realiza\u00e7\u00e3o da sess\u00e3o solene em homenagem ao Dia do Zootecnista na C\u00e2mara Municipal de Timon demonstrou o reconhecimento da import\u00e2ncia dos profissionais dessa \u00e1rea para o desenvolvimento do munic\u00edpio. Fonte\/assessoria.\n<\/p>\n<p><h3 class=\"jp-relatedposts-headline\"><em>Relacionado<\/em><\/h3>\n<\/p>\n<\/div>\n<\/div>\n","protected":false},"excerpt":{"rendered":"<p>Nesta sexta-feira (12), a C\u00e2mara Municipal de Timon realizou uma sess\u00e3o solene em alus\u00e3o ao Dia do Zootecnista, presidida pelo vereador Uilma Resende e contou com a participa\u00e7\u00e3o de profissionais&hellip; <\/p>\n","protected":false},"author":1,"featured_media":54683,"comment_status":"open","ping_status":"open","sticky":false,"template":"","format":"standard","meta":{"footnotes":""},"categories":[534],"tags":[],"class_list":["post-54682","post","type-post","status-publish","format-standard","has-post-thumbnail","hentry","category-timon-ma"],"_links":{"self":[{"href":"https:\/\/mpiaui.com.br\/antigo\/index.php?rest_route=\/wp\/v2\/posts\/54682","targetHints":{"allow":["GET"]}}],"collection":[{"href":"https:\/\/mpiaui.com.br\/antigo\/index.php?rest_route=\/wp\/v2\/posts"}],"about":[{"href":"https:\/\/mpiaui.com.br\/antigo\/index.php?rest_route=\/wp\/v2\/types\/post"}],"author":[{"embeddable":true,"href":"https:\/\/mpiaui.com.br\/antigo\/index.php?rest_route=\/wp\/v2\/users\/1"}],"replies":[{"embeddable":true,"href":"https:\/\/mpiaui.com.br\/antigo\/index.php?rest_route=%2Fwp%2Fv2%2Fcomments&post=54682"}],"version-history":[{"count":0,"href":"https:\/\/mpiaui.com.br\/antigo\/index.php?rest_route=\/wp\/v2\/posts\/54682\/revisions"}],"wp:featuredmedia":[{"embeddable":true,"href":"https:\/\/mpiaui.com.br\/antigo\/index.php?rest_route=\/wp\/v2\/media\/54683"}],"wp:attachment":[{"href":"https:\/\/mpiaui.com.br\/antigo\/index.php?rest_route=%2Fwp%2Fv2%2Fmedia&parent=54682"}],"wp:term":[{"taxonomy":"category","embeddable":true,"href":"https:\/\/mpiaui.com.br\/antigo\/index.php?rest_route=%2Fwp%2Fv2%2Fcategories&post=54682"},{"taxonomy":"post_tag","embeddable":true,"href":"https:\/\/mpiaui.com.br\/antigo\/index.php?rest_route=%2Fwp%2Fv2%2Ftags&post=54682"}],"curies":[{"name":"wp","href":"https:\/\/api.w.org\/{rel}","templated":true}]}}