{"id":54688,"date":"2023-05-12T20:15:09","date_gmt":"2023-05-12T23:15:09","guid":{"rendered":"https:\/\/mpiaui.com.br\/alertas-de-desmatamento-na-amazonia-caem-68-em-abril\/"},"modified":"2023-05-12T20:15:09","modified_gmt":"2023-05-12T23:15:09","slug":"alertas-de-desmatamento-na-amazonia-caem-68-em-abril","status":"publish","type":"post","link":"https:\/\/mpiaui.com.br\/antigo\/?p=54688","title":{"rendered":"Alertas de desmatamento na Amaz\u00f4nia caem 68% em abril"},"content":{"rendered":"<p><\/p>\n<div>\n<p>Os alertas de desmatamento na Amaz\u00f4nia tiveram queda de 67,9% em abril deste ano em compara\u00e7\u00e3o ao mesmo m\u00eas de 2022, segundo dados do Instituto Nacional de Pesquisas Espaciais (Inpe) divulgados nesta sexta-feira (12).<\/p>\n<p>Foram identificados 329 quil\u00f4metros quadrados com ind\u00edcios de desmatamento, a menor taxa dos \u00faltimos tr\u00eas anos, de acordo com o Greenpeace. Em abril de 2022, os alertas ultrapassaram mil\u00a0quil\u00f4metros quadrados, de acordo com a organiza\u00e7\u00e3o.<\/p>\n<p>Em janeiro e fevereiro de 2023, <a href=\"https:\/\/agenciabrasil.ebc.com.br\/geral\/noticia\/2023-05\/inpe-desmatamento-aumenta-no-cerrado-e-cai-na-amazonia\" target=\"_blank\" rel=\"noopener\">os alertas somaram<\/a> 489 quil\u00f4metros quadrados, conforme o Inpe.<\/p>\n<p>Os estados com o maior n\u00famero de registros de desmatamento em abril foram o Amazonas, o Par\u00e1 e Mato Grosso.<\/p>\n<p>Para especialistas, o dado \u00e9 uma boa sinaliza\u00e7\u00e3o, por\u00e9m ainda n\u00e3o se pode afirmar que h\u00e1 uma tend\u00eancia de redu\u00e7\u00e3o da derrubada da floresta tropical.<\/p>\n<p>Entre os fatores que podem explicar a queda est\u00e3o a\u00e7\u00f5es adotadas pelo governo federal, como combate ao garimpo ilegal, explora\u00e7\u00e3o de madeira e aumento da\u00a0fiscaliza\u00e7\u00e3o, com aplica\u00e7\u00e3o de multas e embargo de \u00e1reas, e tamb\u00e9m a cobertura de nuvens .<\/p>\n<p>\u201c\u00c9 muito importante ter um trabalho integrado entre diversos \u00f3rg\u00e3os, atuando no comando e controle no ch\u00e3o da floresta. Mas \u00e9 preciso promover inova\u00e7\u00f5es tecnol\u00f3gicas, legais e infralegais, considerando que a destrui\u00e7\u00e3o da floresta hoje \u00e9 operacionalizada por meios tecnol\u00f3gicos inovadores. Al\u00e9m disso, \u00e9 preciso atuar diretamente na fiscaliza\u00e7\u00e3o de institui\u00e7\u00f5es financeiras que t\u00eam coparticipa\u00e7\u00e3o direta no aumento do desmatamento\u201d, ressalta o porta-voz de Amaz\u00f4nia do Greenpeace Brasil, R\u00f4mulo Batista.<\/p>\n<p>O Sistema de Detec\u00e7\u00e3o de Desmatamento em Tempo Real (Deter) do Inpe faz um levantamento r\u00e1pido de alertas que mostram indicativos de mudan\u00e7as na cobertura florestal na Amaz\u00f4nia desde 2004, a partir de imagens de sat\u00e9lite. O objetivo \u00e9 apontar onde est\u00e1 ocorrendo o desmatamento para apoiar os agentes de fiscaliza\u00e7\u00e3o. O tamanho da \u00e1rea desmatada \u00e9 medido por outro\u00a0sistema, o\u00a0Projeto de Monitoramento do Desmatamento na Amaz\u00f4nia Legal por Sat\u00e9lite (Prodes), com divulga\u00e7\u00e3o anual.<\/p>\n<\/p><\/div>\n","protected":false},"excerpt":{"rendered":"<p>Os alertas de desmatamento na Amaz\u00f4nia tiveram queda de 67,9% em abril deste ano em compara\u00e7\u00e3o ao mesmo m\u00eas de 2022, segundo dados do Instituto Nacional de Pesquisas Espaciais (Inpe)&hellip; <\/p>\n","protected":false},"author":1,"featured_media":54689,"comment_status":"open","ping_status":"open","sticky":false,"template":"","format":"standard","meta":{"footnotes":""},"categories":[802],"tags":[],"class_list":["post-54688","post","type-post","status-publish","format-standard","has-post-thumbnail","hentry","category-nacional"],"_links":{"self":[{"href":"https:\/\/mpiaui.com.br\/antigo\/index.php?rest_route=\/wp\/v2\/posts\/54688","targetHints":{"allow":["GET"]}}],"collection":[{"href":"https:\/\/mpiaui.com.br\/antigo\/index.php?rest_route=\/wp\/v2\/posts"}],"about":[{"href":"https:\/\/mpiaui.com.br\/antigo\/index.php?rest_route=\/wp\/v2\/types\/post"}],"author":[{"embeddable":true,"href":"https:\/\/mpiaui.com.br\/antigo\/index.php?rest_route=\/wp\/v2\/users\/1"}],"replies":[{"embeddable":true,"href":"https:\/\/mpiaui.com.br\/antigo\/index.php?rest_route=%2Fwp%2Fv2%2Fcomments&post=54688"}],"version-history":[{"count":0,"href":"https:\/\/mpiaui.com.br\/antigo\/index.php?rest_route=\/wp\/v2\/posts\/54688\/revisions"}],"wp:featuredmedia":[{"embeddable":true,"href":"https:\/\/mpiaui.com.br\/antigo\/index.php?rest_route=\/wp\/v2\/media\/54689"}],"wp:attachment":[{"href":"https:\/\/mpiaui.com.br\/antigo\/index.php?rest_route=%2Fwp%2Fv2%2Fmedia&parent=54688"}],"wp:term":[{"taxonomy":"category","embeddable":true,"href":"https:\/\/mpiaui.com.br\/antigo\/index.php?rest_route=%2Fwp%2Fv2%2Fcategories&post=54688"},{"taxonomy":"post_tag","embeddable":true,"href":"https:\/\/mpiaui.com.br\/antigo\/index.php?rest_route=%2Fwp%2Fv2%2Ftags&post=54688"}],"curies":[{"name":"wp","href":"https:\/\/api.w.org\/{rel}","templated":true}]}}