{"id":54692,"date":"2023-05-12T21:32:14","date_gmt":"2023-05-13T00:32:14","guid":{"rendered":"https:\/\/mpiaui.com.br\/pi-prorrogado-o-prazo-de-inscricoes-para-processo-de-escolha-dos-membros-do-conselho-tutelar-em-bom-principio\/"},"modified":"2023-05-12T21:32:14","modified_gmt":"2023-05-13T00:32:14","slug":"pi-prorrogado-o-prazo-de-inscricoes-para-processo-de-escolha-dos-membros-do-conselho-tutelar-em-bom-principio","status":"publish","type":"post","link":"https:\/\/mpiaui.com.br\/antigo\/?p=54692","title":{"rendered":"PI: Prorrogado o prazo de inscri\u00e7\u00f5es para processo de escolha dos membros do Conselho Tutelar em Bom Princ\u00edpio"},"content":{"rendered":"<p><\/p>\n<div id=\"post-body-8158249747093445027\" itemprop=\"description articleBody\">\n<div class=\"separator\" style=\"clear: both; text-align: center;\"><span style=\"font-family: verdana; margin-left: 1em; margin-right: 1em;\"><img decoding=\"async\" border=\"0\" src=\"https:\/\/blogger.googleusercontent.com\/img\/b\/R29vZ2xl\/AVvXsEiRqIxvqledntWm5uLeKXoiASFNLPeQUQtmnDM1SIDgUUY2kb9tcipWb8XmhS9nwNMiScDrnppdf6arS56RBz9n2G0EZZcW5DpVO26dYNAVJH-bFPb9hyfGqiLqPBnEIHh-fGs1GejHVDJhqcNTgJdnBB5_gN0tQYOgqecJ5PEi_G-B2k7XA1tlYiM\/w640-h640\/WhatsApp%20Image%202023-05-03%20at%2009.28.01.jpeg\"\/><\/span><\/div>\n<p><span style=\"font-family: verdana;\">O Conselho Municipal dos Direitos da Crian\u00e7a e do Adolescente (CMDCA) de Bom Princ\u00edpio do Piau\u00ed divulga a prorroga\u00e7\u00e3o do prazo de inscri\u00e7\u00f5es para o processo de escolha dos membros do Conselho Tutelar para o quadri\u00eanio 2024\/2028. Os interessados em se candidatar para a fun\u00e7\u00e3o ter\u00e3o at\u00e9 o dia 31 de maio deste ano para realizar a inscri\u00e7\u00e3o na sede do Centro de Refer\u00eancia da Assist\u00eancia Social (CRAS), localizado na Rua Francisco Ribeiro de Carvalho, centro de Bom Princ\u00edpio do Piau\u00ed, das 08h \u00e0s 12h.<\/span><\/p>\n<p><span style=\"font-family: verdana;\">O Conselho Tutelar \u00e9 um \u00f3rg\u00e3o municipal respons\u00e1vel por zelar pelos direitos da crian\u00e7a e do adolescente, atuando na prote\u00e7\u00e3o e defesa dos mesmos em casos de viola\u00e7\u00e3o. Sendo assim, \u00e9 uma fun\u00e7\u00e3o de extrema import\u00e2ncia para a sociedade, e os membros do Conselho s\u00e3o escolhidos por meio de um processo seletivo que visa garantir a escolha dos melhores candidatos para a fun\u00e7\u00e3o. Por isso, a prorroga\u00e7\u00e3o do prazo de inscri\u00e7\u00f5es \u00e9 uma oportunidade para que mais pessoas possam se candidatar e contribuir para a prote\u00e7\u00e3o dos direitos das crian\u00e7as e dos adolescentes de Bom Princ\u00edpio do Piau\u00ed.<\/span><\/p>\n<div class=\"separator\" style=\"clear: both; text-align: center;\"><span style=\"font-family: verdana; margin-left: 1em; margin-right: 1em;\"><img loading=\"lazy\" decoding=\"async\" border=\"0\" height=\"903\" src=\"https:\/\/blogger.googleusercontent.com\/img\/b\/R29vZ2xl\/AVvXsEgvqbdOnFq9NUs2G3NrlnQs_B0pqke8BPRzycm_cw58TUdVxmWzgSipSkfeIk5BVgYge9fhIxQ_pqwPL0gkcKG_euPdebQzRsB7z0cCpg4L9dZAKSZPewRgeT2V4Rd4sw8tYohkVlUqUyCVWqM1PRPqR5lhkv0Pwui2Jhk8qMCwxlNjeUiTTNWTtng\/w607-h903\/WhatsApp%20Image%202023-05-12%20at%2011.19.45.jpeg\" width=\"607\"\/><\/span><\/div>\n<div class=\"separator\" style=\"clear: both; text-align: center;\"><span style=\"font-family: verdana; margin-left: 1em; margin-right: 1em;\"><img loading=\"lazy\" decoding=\"async\" border=\"0\" height=\"882\" src=\"https:\/\/blogger.googleusercontent.com\/img\/b\/R29vZ2xl\/AVvXsEhBrCQNlNhZaIx9l5Bk1lOLv9idNbUk0oTVNlYAIK7xqkk9UPD5ieOB7v-XyUvrqaPdkPJ8LjnPXTP7TsmVOQIRSdFgNYthqmFQMmrAG14uPbcpmgShO6RGLb49cMjT9riVcydj65O55bFHzSB9yqzURZ97CjajW03oV7ClF7NqSmCTlOyydWVV_ho\/w622-h882\/WhatsApp%20Image%202023-05-12%20at%2011.19.48.jpeg\" width=\"622\"\/><\/span><\/div>\n<p><span style=\"font-family: verdana;\">\u00a0 \u00a0 FONTE: SECOM &#8211; PMBPP<\/span><\/p>\n<\/div>\n","protected":false},"excerpt":{"rendered":"<p>O Conselho Municipal dos Direitos da Crian\u00e7a e do Adolescente (CMDCA) de Bom Princ\u00edpio do Piau\u00ed divulga a prorroga\u00e7\u00e3o do prazo de inscri\u00e7\u00f5es para o processo de escolha dos membros&hellip; <\/p>\n","protected":false},"author":1,"featured_media":54693,"comment_status":"open","ping_status":"open","sticky":false,"template":"","format":"standard","meta":{"footnotes":""},"categories":[57],"tags":[],"class_list":["post-54692","post","type-post","status-publish","format-standard","has-post-thumbnail","hentry","category-parnaiba"],"_links":{"self":[{"href":"https:\/\/mpiaui.com.br\/antigo\/index.php?rest_route=\/wp\/v2\/posts\/54692","targetHints":{"allow":["GET"]}}],"collection":[{"href":"https:\/\/mpiaui.com.br\/antigo\/index.php?rest_route=\/wp\/v2\/posts"}],"about":[{"href":"https:\/\/mpiaui.com.br\/antigo\/index.php?rest_route=\/wp\/v2\/types\/post"}],"author":[{"embeddable":true,"href":"https:\/\/mpiaui.com.br\/antigo\/index.php?rest_route=\/wp\/v2\/users\/1"}],"replies":[{"embeddable":true,"href":"https:\/\/mpiaui.com.br\/antigo\/index.php?rest_route=%2Fwp%2Fv2%2Fcomments&post=54692"}],"version-history":[{"count":0,"href":"https:\/\/mpiaui.com.br\/antigo\/index.php?rest_route=\/wp\/v2\/posts\/54692\/revisions"}],"wp:featuredmedia":[{"embeddable":true,"href":"https:\/\/mpiaui.com.br\/antigo\/index.php?rest_route=\/wp\/v2\/media\/54693"}],"wp:attachment":[{"href":"https:\/\/mpiaui.com.br\/antigo\/index.php?rest_route=%2Fwp%2Fv2%2Fmedia&parent=54692"}],"wp:term":[{"taxonomy":"category","embeddable":true,"href":"https:\/\/mpiaui.com.br\/antigo\/index.php?rest_route=%2Fwp%2Fv2%2Fcategories&post=54692"},{"taxonomy":"post_tag","embeddable":true,"href":"https:\/\/mpiaui.com.br\/antigo\/index.php?rest_route=%2Fwp%2Fv2%2Ftags&post=54692"}],"curies":[{"name":"wp","href":"https:\/\/api.w.org\/{rel}","templated":true}]}}