{"id":54696,"date":"2023-05-12T21:53:30","date_gmt":"2023-05-13T00:53:30","guid":{"rendered":"https:\/\/mpiaui.com.br\/projeto-sobre-educacao-e-saude-mental-beneficiara-escolas-da-rede-municipal-de-ensino-de-parnaiba\/"},"modified":"2023-05-12T21:53:30","modified_gmt":"2023-05-13T00:53:30","slug":"projeto-sobre-educacao-e-saude-mental-beneficiara-escolas-da-rede-municipal-de-ensino-de-parnaiba","status":"publish","type":"post","link":"https:\/\/mpiaui.com.br\/antigo\/?p=54696","title":{"rendered":"Projeto sobre Educa\u00e7\u00e3o e Sa\u00fade Mental beneficiar\u00e1 escolas da Rede Municipal de Ensino de Parna\u00edba"},"content":{"rendered":"<p><\/p>\n<div id=\"post-body-4392547260537323879\" itemprop=\"description articleBody\">\n<div class=\"separator\" style=\"clear: both; text-align: center;\"><span style=\"font-family: verdana; margin-left: 1em; margin-right: 1em;\"><img loading=\"lazy\" decoding=\"async\" height=\"483\" src=\"https:\/\/parnaiba.pi.gov.br\/phb\/wp-content\/uploads\/2023\/05\/seducparnaiba7.jpg\" width=\"640\"\/><\/span><\/div>\n<p><span style=\"font-family: verdana;\">A Secretaria Municipal de Educa\u00e7\u00e3o de Parna\u00edba vai realizar o Projeto Educa\u00e7\u00e3o e Sa\u00fade Mental na Escola Municipal C\u00edvico-Militar Roland Jacob e em outras escolas do munic\u00edpio. A abertura do projeto ocorreu nesta sexta-feira, 12 de maio, com a apresenta\u00e7\u00e3o da iniciativa para o quadro de professores da Escola Municipal C\u00edvico-Militar Roland Jacob.<\/span><\/p>\n<div class=\"separator\" style=\"clear: both; text-align: center;\"><span style=\"font-family: verdana; margin-left: 1em; margin-right: 1em;\"><img loading=\"lazy\" decoding=\"async\" height=\"434\" src=\"https:\/\/parnaiba.pi.gov.br\/phb\/wp-content\/uploads\/2023\/05\/seducparnaiba6.jpg\" width=\"640\"\/><\/span><\/div>\n<p><span style=\"font-family: verdana;\">Participaram do encontro a Secret\u00e1ria Municipal de Educa\u00e7\u00e3o, F\u00e1tima Silveira; Diretora da Escola Municipal C\u00edvico-Militar Roland Jacob, Jaira Gard\u00eania, e coordenadoras da SEDUC.\u00a0<\/span><span style=\"font-family: verdana;\">O projeto visa acolher e escutar os alunos com demandas a serem trabalhadas, em rela\u00e7\u00e3o a sa\u00fade mental. A equipe de apoio psicol\u00f3gico est\u00e1 pronta para atender e ajudar esses adolescentes e suas demandas espec\u00edficas.<\/span><\/p>\n<p><span style=\"font-family: verdana;\"><b>Ascom PMP<\/b><\/span><\/p>\n<p><a href=\"http:\/\/www.facebook.com\/sharer.php?u=https:\/\/parnaiba.pi.gov.br\/phb\/projeto-sobre-educacao-e-saude-mental-beneficiara-escolas-da-rede-municipal-de-ensino-de-parnaiba\/\"> <\/a><a href=\"http:\/\/twitter.com\/share?url=https:\/\/parnaiba.pi.gov.br\/phb\/projeto-sobre-educacao-e-saude-mental-beneficiara-escolas-da-rede-municipal-de-ensino-de-parnaiba\/\"> <\/a><\/p>\n<\/div>\n<p><script async src=\"\/\/platform.twitter.com\/widgets.js\" charset=\"utf-8\"><\/script><\/p>\n","protected":false},"excerpt":{"rendered":"<p>A Secretaria Municipal de Educa\u00e7\u00e3o de Parna\u00edba vai realizar o Projeto Educa\u00e7\u00e3o e Sa\u00fade Mental na Escola Municipal C\u00edvico-Militar Roland Jacob e em outras escolas do munic\u00edpio. A abertura do&hellip; <\/p>\n","protected":false},"author":1,"featured_media":54697,"comment_status":"open","ping_status":"open","sticky":false,"template":"","format":"standard","meta":{"footnotes":""},"categories":[57],"tags":[],"class_list":["post-54696","post","type-post","status-publish","format-standard","has-post-thumbnail","hentry","category-parnaiba"],"_links":{"self":[{"href":"https:\/\/mpiaui.com.br\/antigo\/index.php?rest_route=\/wp\/v2\/posts\/54696","targetHints":{"allow":["GET"]}}],"collection":[{"href":"https:\/\/mpiaui.com.br\/antigo\/index.php?rest_route=\/wp\/v2\/posts"}],"about":[{"href":"https:\/\/mpiaui.com.br\/antigo\/index.php?rest_route=\/wp\/v2\/types\/post"}],"author":[{"embeddable":true,"href":"https:\/\/mpiaui.com.br\/antigo\/index.php?rest_route=\/wp\/v2\/users\/1"}],"replies":[{"embeddable":true,"href":"https:\/\/mpiaui.com.br\/antigo\/index.php?rest_route=%2Fwp%2Fv2%2Fcomments&post=54696"}],"version-history":[{"count":0,"href":"https:\/\/mpiaui.com.br\/antigo\/index.php?rest_route=\/wp\/v2\/posts\/54696\/revisions"}],"wp:featuredmedia":[{"embeddable":true,"href":"https:\/\/mpiaui.com.br\/antigo\/index.php?rest_route=\/wp\/v2\/media\/54697"}],"wp:attachment":[{"href":"https:\/\/mpiaui.com.br\/antigo\/index.php?rest_route=%2Fwp%2Fv2%2Fmedia&parent=54696"}],"wp:term":[{"taxonomy":"category","embeddable":true,"href":"https:\/\/mpiaui.com.br\/antigo\/index.php?rest_route=%2Fwp%2Fv2%2Fcategories&post=54696"},{"taxonomy":"post_tag","embeddable":true,"href":"https:\/\/mpiaui.com.br\/antigo\/index.php?rest_route=%2Fwp%2Fv2%2Ftags&post=54696"}],"curies":[{"name":"wp","href":"https:\/\/api.w.org\/{rel}","templated":true}]}}