{"id":54703,"date":"2023-05-12T23:40:14","date_gmt":"2023-05-13T02:40:14","guid":{"rendered":"https:\/\/mpiaui.com.br\/pi-suspeito-de-matar-esposa-e-preso-quase-20-anos-depois-e-a-4-meses-do-crime-prescrever\/"},"modified":"2023-05-12T23:40:14","modified_gmt":"2023-05-13T02:40:14","slug":"pi-suspeito-de-matar-esposa-e-preso-quase-20-anos-depois-e-a-4-meses-do-crime-prescrever","status":"publish","type":"post","link":"https:\/\/mpiaui.com.br\/antigo\/?p=54703","title":{"rendered":"PI: Suspeito de matar esposa \u00e9 preso quase 20 anos depois e a 4 meses do crime prescrever"},"content":{"rendered":"<p><\/p>\n<div id=\"post-body-936795568444833728\" itemprop=\"description articleBody\">\n<div class=\"separator\" style=\"clear: both; text-align: center;\"><a href=\"https:\/\/blogger.googleusercontent.com\/img\/b\/R29vZ2xl\/AVvXsEjJMxLsvqFnkMbLbAsR-IB1gVSFG3eIP2uMGpDmQ2tPF_qIOuJUt8CmK8pBaeTWsL5tDmQvUV937VGva7_ECZwWdArm8VZLkoCV3Obv1kQmTgiLu39vyFvGEMAshSx5kkhPWrcVlVIzvIiwpvwajVTx17NL1E_y5HEUeJXwVctsMzvz--FyWYLtqoRg\/s2663\/Sem%20t%C3%ADtulo1.jpg\" imageanchor=\"1\" style=\"margin-left: 1em; margin-right: 1em;\"><img loading=\"lazy\" decoding=\"async\" border=\"0\" data-original-height=\"2000\" data-original-width=\"2663\" height=\"481\" src=\"https:\/\/blogger.googleusercontent.com\/img\/b\/R29vZ2xl\/AVvXsEjJMxLsvqFnkMbLbAsR-IB1gVSFG3eIP2uMGpDmQ2tPF_qIOuJUt8CmK8pBaeTWsL5tDmQvUV937VGva7_ECZwWdArm8VZLkoCV3Obv1kQmTgiLu39vyFvGEMAshSx5kkhPWrcVlVIzvIiwpvwajVTx17NL1E_y5HEUeJXwVctsMzvz--FyWYLtqoRg\/w640-h481\/Sem%20t%C3%ADtulo1.jpg\" width=\"640\"\/><\/a><\/div>\n<p><span style=\"font-family: verdana;\"><b>\u00a0 \u00a0 \u00a0 \u00a0 \u00a0 \u00a0 \u00a0 \u00a0 \u00a0 \u00a0 \u00a0 \u00a0 \u00a0 \u00a0 \u00a0 \u00a0 \u00a0 \u00a0 \u00a0 \u00a0 \u00a0 \u00a0 \u00a0 \u00a0 \u00a0 \u00a0 \u00a0 \u00a0 \u00a0 \u00a0Foto: Pol\u00edcia Civil<\/b><\/span><\/p>\n<p><span style=\"font-family: verdana;\">Um homem foi preso nessa quinta-feira (11) suspeito de matar a pr\u00f3pria esposa, crime ocorrido em Inhuma, no Piau\u00ed, h\u00e1 quase 20 anos. Ele foi localizado na cidade de Capixaba, no Acre.<\/span><\/p>\n<p><span style=\"font-family: verdana;\">O crime aconteceu no dia 29 de setembro de 2003, em Inhuma. A pris\u00e3o ocorreu nessa quinta-feira (11), 19 anos, 7 meses e 18 dias depois do homic\u00eddio. Nesse caso, o crime prescreve ap\u00f3s 20 anos e faltavam 135 dias para que isso acontecesse nesse caso.<\/span><\/p>\n<p><span style=\"font-family: verdana;\">Segundo a den\u00fancia do Minist\u00e9rio P\u00fablico, o homem, que n\u00e3o teve o nome divulgado, matou a tiros a pr\u00f3pria esposa diante da enteada.\u00a0<\/span><span style=\"font-family: verdana;\">O homem teria ainda preparado a arma para atirar contra a filha da v\u00edtima, mas foi contido por vizinhos e, ap\u00f3s isso, fugiu.<\/span><\/p>\n<p><span style=\"font-family: verdana;\">Quase 20 anos depois, o homem estava na cidade de Capixaba, no estado do Acre, a mais de 3800 km de Inhuma, onde o crime ocorreu. Ele foi localizado pela investiga\u00e7\u00e3o da Delegacia de Inhuma, que teve apoio da Pol\u00edcia Civil do Acre para fazer a pris\u00e3o.<\/span><\/p>\n<p><span style=\"font-family: verdana;\"><b>Fonte: G1\/PI<\/b><\/span><\/p>\n<\/div>\n","protected":false},"excerpt":{"rendered":"<p>\u00a0 \u00a0 \u00a0 \u00a0 \u00a0 \u00a0 \u00a0 \u00a0 \u00a0 \u00a0 \u00a0 \u00a0 \u00a0 \u00a0 \u00a0 \u00a0 \u00a0 \u00a0 \u00a0 \u00a0 \u00a0 \u00a0 \u00a0 \u00a0 \u00a0 \u00a0 \u00a0 \u00a0 \u00a0 \u00a0Foto:&hellip; <\/p>\n","protected":false},"author":1,"featured_media":54704,"comment_status":"open","ping_status":"open","sticky":false,"template":"","format":"standard","meta":{"footnotes":""},"categories":[57],"tags":[],"class_list":["post-54703","post","type-post","status-publish","format-standard","has-post-thumbnail","hentry","category-parnaiba"],"_links":{"self":[{"href":"https:\/\/mpiaui.com.br\/antigo\/index.php?rest_route=\/wp\/v2\/posts\/54703","targetHints":{"allow":["GET"]}}],"collection":[{"href":"https:\/\/mpiaui.com.br\/antigo\/index.php?rest_route=\/wp\/v2\/posts"}],"about":[{"href":"https:\/\/mpiaui.com.br\/antigo\/index.php?rest_route=\/wp\/v2\/types\/post"}],"author":[{"embeddable":true,"href":"https:\/\/mpiaui.com.br\/antigo\/index.php?rest_route=\/wp\/v2\/users\/1"}],"replies":[{"embeddable":true,"href":"https:\/\/mpiaui.com.br\/antigo\/index.php?rest_route=%2Fwp%2Fv2%2Fcomments&post=54703"}],"version-history":[{"count":0,"href":"https:\/\/mpiaui.com.br\/antigo\/index.php?rest_route=\/wp\/v2\/posts\/54703\/revisions"}],"wp:featuredmedia":[{"embeddable":true,"href":"https:\/\/mpiaui.com.br\/antigo\/index.php?rest_route=\/wp\/v2\/media\/54704"}],"wp:attachment":[{"href":"https:\/\/mpiaui.com.br\/antigo\/index.php?rest_route=%2Fwp%2Fv2%2Fmedia&parent=54703"}],"wp:term":[{"taxonomy":"category","embeddable":true,"href":"https:\/\/mpiaui.com.br\/antigo\/index.php?rest_route=%2Fwp%2Fv2%2Fcategories&post=54703"},{"taxonomy":"post_tag","embeddable":true,"href":"https:\/\/mpiaui.com.br\/antigo\/index.php?rest_route=%2Fwp%2Fv2%2Ftags&post=54703"}],"curies":[{"name":"wp","href":"https:\/\/api.w.org\/{rel}","templated":true}]}}