{"id":54711,"date":"2023-05-13T09:26:07","date_gmt":"2023-05-13T12:26:07","guid":{"rendered":"https:\/\/mpiaui.com.br\/secretaria-de-justica-autoriza-reforma-de-duas-penitenciarias-do-piaui\/"},"modified":"2023-05-13T09:26:07","modified_gmt":"2023-05-13T12:26:07","slug":"secretaria-de-justica-autoriza-reforma-de-duas-penitenciarias-do-piaui","status":"publish","type":"post","link":"https:\/\/mpiaui.com.br\/antigo\/?p=54711","title":{"rendered":"Secretaria de Justi\u00e7a autoriza reforma de duas penitenci\u00e1rias do Piau\u00ed"},"content":{"rendered":"<p> [ad_1]<br \/>\n<\/p>\n<div>\n<p>O Secret\u00e1rio de Justi\u00e7a, coronel Carlos Augusto, assinou nessa semana as ordens de servi\u00e7o para a reforma de duas unidades penais do Estado: a Penitenci\u00e1ria Irm\u00e3o Guido, em Teresina, e a Penitenci\u00e1ria Jos\u00e9 de Deus Barros, em Picos.<\/p>\n<p>As unidades penais contar\u00e3o com novas estruturas de celas, sanit\u00e1rias, hidr\u00e1ulicas e el\u00e9tricas que garantir\u00e3o maior seguran\u00e7a e, ainda, possibilidades de efetivas pol\u00edticas p\u00fablicas voltadas para a reinser\u00e7\u00e3o social das pessoas privadas de liberdade, atrav\u00e9s do trabalho e da educa\u00e7\u00e3o. As obras ter\u00e3o prazo de conclus\u00e3o em 360 dias.<\/p>\n<p>Recentemente, Carlos Augusto tamb\u00e9m autorizou a reforma da Col\u00f4nia Agr\u00edcola Major C\u00e9sar e a constru\u00e7\u00e3o da Casa de Deten\u00e7\u00e3o de Buriti dos Lopes.<\/p>\n<div id=\"attachment_88463\" style=\"width: 740px\" class=\"wp-caption alignnone\"><img decoding=\"async\" aria-describedby=\"caption-attachment-88463\" loading=\"lazy\" class=\"size-medium wp-image-88463\" src=\"https:\/\/www.pi.gov.br\/wp-content\/uploads\/2023\/05\/WhatsApp-Image-2023-05-08-at-12.57.24-1-730x486.jpeg\" alt=\"Secret\u00e1rio de Justi\u00e7a, Coronel Carlos Augusto, assina ordem de servi\u00e7o para reforma de unidades penais\" width=\"730\" height=\"486\" srcset=\"https:\/\/www.pi.gov.br\/wp-content\/uploads\/2023\/05\/WhatsApp-Image-2023-05-08-at-12.57.24-1-730x486.jpeg 730w, https:\/\/www.pi.gov.br\/wp-content\/uploads\/2023\/05\/WhatsApp-Image-2023-05-08-at-12.57.24-1-1070x713.jpeg 1070w, https:\/\/www.pi.gov.br\/wp-content\/uploads\/2023\/05\/WhatsApp-Image-2023-05-08-at-12.57.24-1-768x512.jpeg 768w, https:\/\/www.pi.gov.br\/wp-content\/uploads\/2023\/05\/WhatsApp-Image-2023-05-08-at-12.57.24-1-391x260.jpeg 391w, https:\/\/www.pi.gov.br\/wp-content\/uploads\/2023\/05\/WhatsApp-Image-2023-05-08-at-12.57.24-1.jpeg 1280w\" sizes=\"auto, (max-width: 730px) 100vw, 730px\"\/><\/p>\n<p id=\"caption-attachment-88463\" class=\"wp-caption-text\">Secret\u00e1rio de Justi\u00e7a, Coronel Carlos Augusto, assina ordem de servi\u00e7o para reforma de unidades penais<\/p>\n<\/div><\/div>\n<p><script async=\"\" defer=\"\" crossorigin=\"anonymous\" src=\"https:\/\/connect.facebook.net\/pt_BR\/sdk.js#xfbml=1&#038;version=v3.3\"><\/script><br \/>\n<br \/>[ad_2]<\/p>\n","protected":false},"excerpt":{"rendered":"<p>[ad_1] O Secret\u00e1rio de Justi\u00e7a, coronel Carlos Augusto, assinou nessa semana as ordens de servi\u00e7o para a reforma de duas unidades penais do Estado: a Penitenci\u00e1ria Irm\u00e3o Guido, em Teresina,&hellip; <\/p>\n","protected":false},"author":1,"featured_media":54712,"comment_status":"open","ping_status":"open","sticky":false,"template":"","format":"standard","meta":{"footnotes":""},"categories":[938],"tags":[],"class_list":["post-54711","post","type-post","status-publish","format-standard","has-post-thumbnail","hentry","category-governador"],"_links":{"self":[{"href":"https:\/\/mpiaui.com.br\/antigo\/index.php?rest_route=\/wp\/v2\/posts\/54711","targetHints":{"allow":["GET"]}}],"collection":[{"href":"https:\/\/mpiaui.com.br\/antigo\/index.php?rest_route=\/wp\/v2\/posts"}],"about":[{"href":"https:\/\/mpiaui.com.br\/antigo\/index.php?rest_route=\/wp\/v2\/types\/post"}],"author":[{"embeddable":true,"href":"https:\/\/mpiaui.com.br\/antigo\/index.php?rest_route=\/wp\/v2\/users\/1"}],"replies":[{"embeddable":true,"href":"https:\/\/mpiaui.com.br\/antigo\/index.php?rest_route=%2Fwp%2Fv2%2Fcomments&post=54711"}],"version-history":[{"count":0,"href":"https:\/\/mpiaui.com.br\/antigo\/index.php?rest_route=\/wp\/v2\/posts\/54711\/revisions"}],"wp:featuredmedia":[{"embeddable":true,"href":"https:\/\/mpiaui.com.br\/antigo\/index.php?rest_route=\/wp\/v2\/media\/54712"}],"wp:attachment":[{"href":"https:\/\/mpiaui.com.br\/antigo\/index.php?rest_route=%2Fwp%2Fv2%2Fmedia&parent=54711"}],"wp:term":[{"taxonomy":"category","embeddable":true,"href":"https:\/\/mpiaui.com.br\/antigo\/index.php?rest_route=%2Fwp%2Fv2%2Fcategories&post=54711"},{"taxonomy":"post_tag","embeddable":true,"href":"https:\/\/mpiaui.com.br\/antigo\/index.php?rest_route=%2Fwp%2Fv2%2Ftags&post=54711"}],"curies":[{"name":"wp","href":"https:\/\/api.w.org\/{rel}","templated":true}]}}