{"id":54717,"date":"2023-05-13T10:47:07","date_gmt":"2023-05-13T13:47:07","guid":{"rendered":"https:\/\/mpiaui.com.br\/piaui-rally-cup-2023-tera-novidades-e-acontecera-em-conjunto-com-piaui-pop\/"},"modified":"2023-05-13T10:47:07","modified_gmt":"2023-05-13T13:47:07","slug":"piaui-rally-cup-2023-tera-novidades-e-acontecera-em-conjunto-com-piaui-pop","status":"publish","type":"post","link":"https:\/\/mpiaui.com.br\/antigo\/?p=54717","title":{"rendered":"Piau\u00ed Rally Cup 2023 ter\u00e1 novidades e acontecer\u00e1 em conjunto com Piau\u00ed Pop"},"content":{"rendered":"<div>\n<p>\n                                                <img decoding=\"async\" src=\"https:\/\/piauihoje.com\/uploads\/imagens\/72872012-3391-4c31-9aa8-acee12db695e-1667582877.jpg\" alt=\"Piau\u00ed Rally Cup\" style=\"width: 100% !important;\"\/>\n                                                <\/p>\n<p>\n                                                    <span>Piau\u00ed Rally Cup<\/span><br \/>\n                                                    <span>Foto: Divulga\u00e7\u00e3o<\/span>\n                                                <\/p>\n<p>Os organizadores do <strong>Piau\u00ed Rally Cup <\/strong>j\u00e1 conclu\u00edram a programa\u00e7\u00e3o da segunda edi\u00e7\u00e3o do evento, que acontecer\u00e1 nos dias 07 e 08 de julho, em Teresina. A competi\u00e7\u00e3o ter\u00e1 vagas para UTV, carro 4\u00d74, moto e quadriciclo, e ser\u00e1 realizada na Fazenda Meruoca, do grupo Olho D\u2019\u00c1gua.<\/p>\n<p>Em 2022, a competi\u00e7\u00e3o mudou seu formato de rally camp para a modalidade rally cup e teve sua primeira edi\u00e7\u00e3o realizada no Piau\u00ed. Na ocasi\u00e3o, competidores de quatro estados participaram da competi\u00e7\u00e3o, que contou com UTV, carro 4\u00d74 e motos.<\/p>\n<p>O Piau\u00ed Rally Cup ter\u00e1 a supervis\u00e3o da Confedera\u00e7\u00e3o Brasileira de Motociclismo (CBM) e Federa\u00e7\u00e3o de Motociclismo do Piau\u00ed (FMP), Federa\u00e7\u00e3o de Automobilismo do Estado do Piau\u00ed (FAEPI) e Confedera\u00e7\u00e3o Brasileira de Automobilismo (CBA).<\/p>\n<p>A competi\u00e7\u00e3o contar\u00e1 com tr\u00eas especiais de 50 km cada, a acontecer no dia 08 de julho, al\u00e9m do Pr\u00f3logo, que \u00e9 basicamente um mini rally cup, em uma pista de percurso curto, no qual os competidores inscritos no evento far\u00e3o voltas para a tomada de tempos que definir\u00e3o as ordens de largada para as especiais.<\/p>\n<p>Segundo os organizadores, a edi\u00e7\u00e3o deste ano estar\u00e1 cheia de novidades, como a inclus\u00e3o dos quadriciclos. O evento ter\u00e1 o apoio do <strong>Governo do Piau\u00ed<\/strong>, que busca aliar o esporte, o turismo e a economia do estado.<\/p>\n<p>A competi\u00e7\u00e3o acontecer\u00e1 em conjunto com o <strong>Piau\u00ed Pop<\/strong>, um grande evento musical que acontecer\u00e1 na capital. A inten\u00e7\u00e3o \u00e9 movimentar a cadeia econ\u00f4mica, de lazer e entretenimento da cidade. A Fazenda Meruoca, onde a competi\u00e7\u00e3o ser\u00e1 realizada, fica a cerca de 25 km do centro de Teresina e possui quase 500 km de estradas vicinais, al\u00e9m de ser uma regi\u00e3o bel\u00edssima de planta\u00e7\u00e3o de cana de a\u00e7\u00facar e reservas ambientais.<\/p>\n<\/p><\/div>\n","protected":false},"excerpt":{"rendered":"<p>Piau\u00ed Rally Cup Foto: Divulga\u00e7\u00e3o Os organizadores do Piau\u00ed Rally Cup j\u00e1 conclu\u00edram a programa\u00e7\u00e3o da segunda edi\u00e7\u00e3o do evento, que acontecer\u00e1 nos dias 07 e 08 de julho, em&hellip; <\/p>\n","protected":false},"author":1,"featured_media":54718,"comment_status":"open","ping_status":"open","sticky":false,"template":"","format":"standard","meta":{"footnotes":""},"categories":[78],"tags":[],"class_list":["post-54717","post","type-post","status-publish","format-standard","has-post-thumbnail","hentry","category-teresina"],"_links":{"self":[{"href":"https:\/\/mpiaui.com.br\/antigo\/index.php?rest_route=\/wp\/v2\/posts\/54717","targetHints":{"allow":["GET"]}}],"collection":[{"href":"https:\/\/mpiaui.com.br\/antigo\/index.php?rest_route=\/wp\/v2\/posts"}],"about":[{"href":"https:\/\/mpiaui.com.br\/antigo\/index.php?rest_route=\/wp\/v2\/types\/post"}],"author":[{"embeddable":true,"href":"https:\/\/mpiaui.com.br\/antigo\/index.php?rest_route=\/wp\/v2\/users\/1"}],"replies":[{"embeddable":true,"href":"https:\/\/mpiaui.com.br\/antigo\/index.php?rest_route=%2Fwp%2Fv2%2Fcomments&post=54717"}],"version-history":[{"count":0,"href":"https:\/\/mpiaui.com.br\/antigo\/index.php?rest_route=\/wp\/v2\/posts\/54717\/revisions"}],"wp:featuredmedia":[{"embeddable":true,"href":"https:\/\/mpiaui.com.br\/antigo\/index.php?rest_route=\/wp\/v2\/media\/54718"}],"wp:attachment":[{"href":"https:\/\/mpiaui.com.br\/antigo\/index.php?rest_route=%2Fwp%2Fv2%2Fmedia&parent=54717"}],"wp:term":[{"taxonomy":"category","embeddable":true,"href":"https:\/\/mpiaui.com.br\/antigo\/index.php?rest_route=%2Fwp%2Fv2%2Fcategories&post=54717"},{"taxonomy":"post_tag","embeddable":true,"href":"https:\/\/mpiaui.com.br\/antigo\/index.php?rest_route=%2Fwp%2Fv2%2Ftags&post=54717"}],"curies":[{"name":"wp","href":"https:\/\/api.w.org\/{rel}","templated":true}]}}