{"id":54719,"date":"2023-05-13T11:35:19","date_gmt":"2023-05-13T14:35:19","guid":{"rendered":"https:\/\/mpiaui.com.br\/secretario-do-turismo-visita-a-serra-da-capivara-com-empresarios\/"},"modified":"2023-05-13T11:35:19","modified_gmt":"2023-05-13T14:35:19","slug":"secretario-do-turismo-visita-a-serra-da-capivara-com-empresarios","status":"publish","type":"post","link":"https:\/\/mpiaui.com.br\/antigo\/?p=54719","title":{"rendered":"Secret\u00e1rio do Turismo visita a Serra da Capivara com empres\u00e1rios"},"content":{"rendered":"<p> [ad_1]<br \/>\n<\/p>\n<div>\n<p>Acompanhado de um grupo de empres\u00e1rios paulistas e da equipe do Projeto Turistando Piau\u00ed, o secret\u00e1rio do Turismo, Pablo Santos, realizou uma visita ao Parque Nacional da Serra da Capivara, no sudeste do Piau\u00ed. A visita foi guiada por profissionais da regi\u00e3o e aconteceu nos principais atrativos do local, como o Boqueir\u00e3o da Pedra Furada, f\u00e1brica de cer\u00e2mica e Museu da Natureza.<\/p>\n<p>Na oportunidade, o secret\u00e1rio falou sobre o desejo de firmar parcerias para o fortalecimento do turismo na regi\u00e3o. \u201cTemos um governo trabalhando de maneira integrada, que entende a import\u00e2ncia do turismo para o crescimento econ\u00f4mico do pa\u00eds. Por isso, a ideia \u00e9 garantir que o setor de viagens cres\u00e7a ainda mais. O nosso intuito \u00e9 colaborar n\u00e3o apenas incentivando a visita\u00e7\u00e3o, mas tamb\u00e9m na estrutura\u00e7\u00e3o\u201d, explica Pablo Santos.<\/p>\n<p><img decoding=\"async\" loading=\"lazy\" class=\"alignnone size-medium wp-image-88468\" src=\"https:\/\/www.pi.gov.br\/wp-content\/uploads\/2023\/05\/WhatsApp-Image-2023-05-13-at-10.19.08-730x487.jpeg\" alt=\"\" width=\"730\" height=\"487\" srcset=\"https:\/\/www.pi.gov.br\/wp-content\/uploads\/2023\/05\/WhatsApp-Image-2023-05-13-at-10.19.08-730x487.jpeg 730w, https:\/\/www.pi.gov.br\/wp-content\/uploads\/2023\/05\/WhatsApp-Image-2023-05-13-at-10.19.08-1070x714.jpeg 1070w, https:\/\/www.pi.gov.br\/wp-content\/uploads\/2023\/05\/WhatsApp-Image-2023-05-13-at-10.19.08-768x512.jpeg 768w, https:\/\/www.pi.gov.br\/wp-content\/uploads\/2023\/05\/WhatsApp-Image-2023-05-13-at-10.19.08-391x260.jpeg 391w, https:\/\/www.pi.gov.br\/wp-content\/uploads\/2023\/05\/WhatsApp-Image-2023-05-13-at-10.19.08.jpeg 1280w\" sizes=\"auto, (max-width: 730px) 100vw, 730px\"\/><\/p>\n<p>A arque\u00f3loga Marian Rodrigues, chefe do parque, refor\u00e7ou a import\u00e2ncia do lugar para o mundo. \u201cOs recursos e valores do parque s\u00e3o fundamentais e \u00fanicos. Por isso, precisam ser conhecidos e usufru\u00eddos. Temos tido um aumento no n\u00famero de visitantes a cada ano e isso \u00e9 muito positivo\u201d, frisa, destacando que nos quatro primeiros meses de 2023 o local recebeu mais de 9.000 visitantes.<\/p>\n<p>O turista que se destinar para a regi\u00e3o vai encontrar um roteiro vasto. O Parque Serra da Capivara apresenta um dos conjuntos de s\u00edtios arqueol\u00f3gicos mais relevantes das Am\u00e9ricas, que fornecem dados e vest\u00edgios importantes para uma revis\u00e3o geral das teorias estabelecidas sobre a entrada do homem no continente americano.<\/p>\n<p>Em viagem pelo Piau\u00ed, a empres\u00e1ria Gabriella Marques, de S\u00e3o Paulo, refor\u00e7a a paix\u00e3o pelo Estado. \u201cTemos muitos \u201cBrasis\u201d dentro desse pa\u00eds e o Piau\u00ed \u00e9 um deles. Viemos para conhecer a cultura do mel em outro munic\u00edpio e aproveitamos o convite da equipe da Setur para conhecer as riquezas da regi\u00e3o. A Serra da Capivara \u00e9 incr\u00edvel\u201d, pontua.<\/p>\n<p><img decoding=\"async\" loading=\"lazy\" class=\"alignnone size-medium wp-image-88466\" src=\"https:\/\/www.pi.gov.br\/wp-content\/uploads\/2023\/05\/WhatsApp-Image-2023-05-13-at-10.19.09-1-730x487.jpeg\" alt=\"\" width=\"730\" height=\"487\" srcset=\"https:\/\/www.pi.gov.br\/wp-content\/uploads\/2023\/05\/WhatsApp-Image-2023-05-13-at-10.19.09-1-730x487.jpeg 730w, https:\/\/www.pi.gov.br\/wp-content\/uploads\/2023\/05\/WhatsApp-Image-2023-05-13-at-10.19.09-1-1070x714.jpeg 1070w, https:\/\/www.pi.gov.br\/wp-content\/uploads\/2023\/05\/WhatsApp-Image-2023-05-13-at-10.19.09-1-768x512.jpeg 768w, https:\/\/www.pi.gov.br\/wp-content\/uploads\/2023\/05\/WhatsApp-Image-2023-05-13-at-10.19.09-1-391x260.jpeg 391w, https:\/\/www.pi.gov.br\/wp-content\/uploads\/2023\/05\/WhatsApp-Image-2023-05-13-at-10.19.09-1.jpeg 1280w\" sizes=\"auto, (max-width: 730px) 100vw, 730px\"\/><\/p>\n<p><strong>Sobre o Parque<\/strong><\/p>\n<p>Com uma \u00e1rea de aproximadamente 130 mil hectares, o Parque Serra da Capivara ocupa parte dos munic\u00edpios de S\u00e3o Raimundo Nonato, Jo\u00e3o Costa, Brejo do Piau\u00ed e Coronel Jos\u00e9 Dias. Foi criado em 1979 para preservar vest\u00edgios arqueol\u00f3gicos da mais remota presen\u00e7a do homem na Am\u00e9rica do Sul. Sua demarca\u00e7\u00e3o foi conclu\u00edda em 1990. Por sua import\u00e2ncia, a Unesco o inscreveu na Lista do Patrim\u00f4nio Mundial em 13 de dezembro de 1991, e tamb\u00e9m na Lista Indicativa brasileira como patrim\u00f4nio misto.<\/p>\n<p>Fonte: Setur<\/p>\n<\/p><\/div>\n<p><script async=\"\" defer=\"\" crossorigin=\"anonymous\" src=\"https:\/\/connect.facebook.net\/pt_BR\/sdk.js#xfbml=1&#038;version=v3.3\"><\/script><br \/>\n<br \/>[ad_2]<\/p>\n","protected":false},"excerpt":{"rendered":"<p>[ad_1] Acompanhado de um grupo de empres\u00e1rios paulistas e da equipe do Projeto Turistando Piau\u00ed, o secret\u00e1rio do Turismo, Pablo Santos, realizou uma visita ao Parque Nacional da Serra da&hellip; <\/p>\n","protected":false},"author":1,"featured_media":54720,"comment_status":"open","ping_status":"open","sticky":false,"template":"","format":"standard","meta":{"footnotes":""},"categories":[938],"tags":[],"class_list":["post-54719","post","type-post","status-publish","format-standard","has-post-thumbnail","hentry","category-governador"],"_links":{"self":[{"href":"https:\/\/mpiaui.com.br\/antigo\/index.php?rest_route=\/wp\/v2\/posts\/54719","targetHints":{"allow":["GET"]}}],"collection":[{"href":"https:\/\/mpiaui.com.br\/antigo\/index.php?rest_route=\/wp\/v2\/posts"}],"about":[{"href":"https:\/\/mpiaui.com.br\/antigo\/index.php?rest_route=\/wp\/v2\/types\/post"}],"author":[{"embeddable":true,"href":"https:\/\/mpiaui.com.br\/antigo\/index.php?rest_route=\/wp\/v2\/users\/1"}],"replies":[{"embeddable":true,"href":"https:\/\/mpiaui.com.br\/antigo\/index.php?rest_route=%2Fwp%2Fv2%2Fcomments&post=54719"}],"version-history":[{"count":0,"href":"https:\/\/mpiaui.com.br\/antigo\/index.php?rest_route=\/wp\/v2\/posts\/54719\/revisions"}],"wp:featuredmedia":[{"embeddable":true,"href":"https:\/\/mpiaui.com.br\/antigo\/index.php?rest_route=\/wp\/v2\/media\/54720"}],"wp:attachment":[{"href":"https:\/\/mpiaui.com.br\/antigo\/index.php?rest_route=%2Fwp%2Fv2%2Fmedia&parent=54719"}],"wp:term":[{"taxonomy":"category","embeddable":true,"href":"https:\/\/mpiaui.com.br\/antigo\/index.php?rest_route=%2Fwp%2Fv2%2Fcategories&post=54719"},{"taxonomy":"post_tag","embeddable":true,"href":"https:\/\/mpiaui.com.br\/antigo\/index.php?rest_route=%2Fwp%2Fv2%2Ftags&post=54719"}],"curies":[{"name":"wp","href":"https:\/\/api.w.org\/{rel}","templated":true}]}}