{"id":54723,"date":"2023-05-13T12:58:27","date_gmt":"2023-05-13T15:58:27","guid":{"rendered":"https:\/\/mpiaui.com.br\/barbacena-decreta-emergencia-apos-explosao-de-caminhao-tanque\/"},"modified":"2023-05-13T12:58:27","modified_gmt":"2023-05-13T15:58:27","slug":"barbacena-decreta-emergencia-apos-explosao-de-caminhao-tanque","status":"publish","type":"post","link":"https:\/\/mpiaui.com.br\/antigo\/?p=54723","title":{"rendered":"Barbacena decreta emerg\u00eancia ap\u00f3s explos\u00e3o de caminh\u00e3o-tanque"},"content":{"rendered":"<p><\/p>\n<div>\n<p>A prefeitura de Barbacena, em Minas Gerais, decretou situa\u00e7\u00e3o de emerg\u00eancia em parte da cidade, localizada a cerca de 170 quil\u00f4metros ao sul de Belo Horizonte. A iniciativa foi motivada pela interrup\u00e7\u00e3o do abastecimento de \u00e1gua para o munic\u00edpio depois que uma parcela do \u00f3leo diesel transportado por um caminh\u00e3o-tanque acidentado na manh\u00e3 da \u00faltima quinta-feira (11) atingiu o afluente do rio que abastece o munic\u00edpio.<\/p>\n<p>Em nota divulgada neste s\u00e1bado (13), a prefeitura informou que, devido \u00e0 \u201cgravidade da situa\u00e7\u00e3o\u201d, o abastecimento de \u00e1gua segue paralisado, sem previs\u00e3o de retorno. \u201cAs equipes seguem trabalhando diuturnamente, monitorando e analisando o local, por\u00e9m, at\u00e9 o momento ainda n\u00e3o foi poss\u00edvel apurar o quantitativo de \u00f3leo foi derramado no curso de \u00e1gua.\u201d<\/p>\n<p>Assinado pelo prefeito Carlos Augusto Soares do Nascimento, o <a href=\"https:\/\/barbacena.mg.gov.br\/edob\/\" target=\"_blank\" rel=\"noopener\">Decreto Municipal n\u00ba 9.358<\/a> autoriza a Coordenadoria de Defesa Civil a mobilizar todos os \u00f3rg\u00e3os p\u00fablicos municipais para que participem das a\u00e7\u00f5es de resposta \u00e0 contamina\u00e7\u00e3o das \u00e1guas do afluente do Rio das Mortes.<\/p>\n<h2>Situa\u00e7\u00e3o de emerg\u00eancia<\/h2>\n<p>Com o decreto, o Poder P\u00fablico Municipal tamb\u00e9m pode adquirir bens e contratar servi\u00e7os necess\u00e1rios ao atendimento da situa\u00e7\u00e3o emergencial sem a necessidade de realizar processo licitat\u00f3rio \u2013 respeitando as restri\u00e7\u00f5es da Lei de Responsabilidade Fiscal e a conclus\u00e3o das obras e servi\u00e7os em, no m\u00e1ximo, um ano.<\/p>\n<p>Um segundo decreto municipal (n\u00ba 9.359) cria o chamado Gabinete de Gerenciamento de Crise (Gcrise), respons\u00e1vel por aplicar as medidas necess\u00e1rias para a resolu\u00e7\u00e3o do problema; supervisionar a execu\u00e7\u00e3o das a\u00e7\u00f5es e manter equipes de assessoramento especializado nas \u00e1reas jur\u00eddica, psicol\u00f3gica, de intelig\u00eancia, de comunica\u00e7\u00e3o social e de resposta especializada para que atuem quando necess\u00e1rio.<\/p>\n<p>De acordo com o Corpo de Bombeiros, o caminh\u00e3o-tanque que tombou pr\u00f3ximo ao quil\u00f4metro 711 da BR-040, explodindo em seguida, carregava 44 mil litros de \u00f3leo diesel. As autoridades estaduais e municipais ainda n\u00e3o sabem ao certo quanto do \u00f3leo diesel que vazou atingiu o afluente do Rio das Mortes, for\u00e7ando o desligamento das bombas de capta\u00e7\u00e3o de \u00e1gua e a consequente interrup\u00e7\u00e3o do abastecimento da cidade de quase 140 mil moradores.<\/p>\n<p>Segundo a prefeitura, o local do acidente fica a cerca de 10 quil\u00f4metros do ponto de capta\u00e7\u00e3o da \u00e1gua que abastece parte da cidade.<\/p>\n<p>Por meio de sua assessoria, a Coordenadoria Estadual de Defesa Civil informou que agentes regionais estiveram no local do acidente, confirmaram o comprometimento do curso d\u00b4\u00e1gua e seguem acompanhando a situa\u00e7\u00e3o, prestando apoio aos \u00f3rg\u00e3os municipais.<\/p>\n<\/p><\/div>\n","protected":false},"excerpt":{"rendered":"<p>A prefeitura de Barbacena, em Minas Gerais, decretou situa\u00e7\u00e3o de emerg\u00eancia em parte da cidade, localizada a cerca de 170 quil\u00f4metros ao sul de Belo Horizonte. A iniciativa foi motivada&hellip; <\/p>\n","protected":false},"author":1,"featured_media":51712,"comment_status":"open","ping_status":"open","sticky":false,"template":"","format":"standard","meta":{"footnotes":""},"categories":[802],"tags":[],"class_list":["post-54723","post","type-post","status-publish","format-standard","has-post-thumbnail","hentry","category-nacional"],"_links":{"self":[{"href":"https:\/\/mpiaui.com.br\/antigo\/index.php?rest_route=\/wp\/v2\/posts\/54723","targetHints":{"allow":["GET"]}}],"collection":[{"href":"https:\/\/mpiaui.com.br\/antigo\/index.php?rest_route=\/wp\/v2\/posts"}],"about":[{"href":"https:\/\/mpiaui.com.br\/antigo\/index.php?rest_route=\/wp\/v2\/types\/post"}],"author":[{"embeddable":true,"href":"https:\/\/mpiaui.com.br\/antigo\/index.php?rest_route=\/wp\/v2\/users\/1"}],"replies":[{"embeddable":true,"href":"https:\/\/mpiaui.com.br\/antigo\/index.php?rest_route=%2Fwp%2Fv2%2Fcomments&post=54723"}],"version-history":[{"count":0,"href":"https:\/\/mpiaui.com.br\/antigo\/index.php?rest_route=\/wp\/v2\/posts\/54723\/revisions"}],"wp:featuredmedia":[{"embeddable":true,"href":"https:\/\/mpiaui.com.br\/antigo\/index.php?rest_route=\/wp\/v2\/media\/51712"}],"wp:attachment":[{"href":"https:\/\/mpiaui.com.br\/antigo\/index.php?rest_route=%2Fwp%2Fv2%2Fmedia&parent=54723"}],"wp:term":[{"taxonomy":"category","embeddable":true,"href":"https:\/\/mpiaui.com.br\/antigo\/index.php?rest_route=%2Fwp%2Fv2%2Fcategories&post=54723"},{"taxonomy":"post_tag","embeddable":true,"href":"https:\/\/mpiaui.com.br\/antigo\/index.php?rest_route=%2Fwp%2Fv2%2Ftags&post=54723"}],"curies":[{"name":"wp","href":"https:\/\/api.w.org\/{rel}","templated":true}]}}