{"id":54726,"date":"2023-05-13T13:36:46","date_gmt":"2023-05-13T16:36:46","guid":{"rendered":"https:\/\/mpiaui.com.br\/morre-o-jornalista-edinaldo-silva-aos-71-anos-vitima-de-infarto-em-teresina\/"},"modified":"2023-05-13T13:36:46","modified_gmt":"2023-05-13T16:36:46","slug":"morre-o-jornalista-edinaldo-silva-aos-71-anos-vitima-de-infarto-em-teresina","status":"publish","type":"post","link":"https:\/\/mpiaui.com.br\/antigo\/?p=54726","title":{"rendered":"Morre o jornalista Edinaldo Silva, aos 71 anos, v\u00edtima de infarto em Teresina"},"content":{"rendered":"<div>\n<p>\n                                                <img decoding=\"async\" src=\"https:\/\/piauihoje.com\/uploads\/imagens\/edinaldo-silva-1683994948.jpg\" alt=\"Jornalista Edinaldo Vieira da Silva\" style=\"width: 100% !important;\"\/>\n                                                <\/p>\n<p>\n                                                    <span>Jornalista Edinaldo Vieira da Silva<\/span><br \/>\n                                                    <span>Foto: Reprodu\u00e7\u00e3o<\/span>\n                                                <\/p>\n<p>Morreu neste s\u00e1bado (13), o jornalista Edinaldo Vieira da Silva, conhecido como Macarr\u00e3o. Edinaldo, que tinha 71 anos de idade, foi v\u00edtima de um infarto e deixa 5 filhos.<\/p>\n<p>O jornalista teve uma trajet\u00f3ria atuante no meio jornal\u00edstico piauiense, tendo trabalhado como assessor de comunica\u00e7\u00e3o e diagramador em diversos ve\u00edculos de comunica\u00e7\u00e3o, entre eles, o Jornal da Manh\u00e3 e o Jornal O Dia. Atualmente, Edinaldo era servidor p\u00fablico municipal.<\/p>\n<p>O Sindicato dos Jornalistas Profissionais do Estado do Piau\u00ed (Sindjor-PI) lamentou a perda e prestou solidariedade \u00e0 fam\u00edlia, amigos e colegas do jornalista. O vel\u00f3rio de Edinaldo acontecer\u00e1 a partir das 14h30 deste s\u00e1bado, em sua resid\u00eancia, localizada na Rua 24 de Janeiro de 1941, no bairro Maca\u00faba, zona Sul de Teresina.<\/p>\n<p>Com a partida de Edinaldo Silva, o jornalismo piauiense perde um profissional comprometido e atuante, deixando saudade entre aqueles que tiveram o privil\u00e9gio de conhec\u00ea-lo e trabalhar com ele.<\/p>\n<\/p><\/div>\n","protected":false},"excerpt":{"rendered":"<p>Jornalista Edinaldo Vieira da Silva Foto: Reprodu\u00e7\u00e3o Morreu neste s\u00e1bado (13), o jornalista Edinaldo Vieira da Silva, conhecido como Macarr\u00e3o. Edinaldo, que tinha 71 anos de idade, foi v\u00edtima de&hellip; <\/p>\n","protected":false},"author":1,"featured_media":54727,"comment_status":"open","ping_status":"open","sticky":false,"template":"","format":"standard","meta":{"footnotes":""},"categories":[78],"tags":[],"class_list":["post-54726","post","type-post","status-publish","format-standard","has-post-thumbnail","hentry","category-teresina"],"_links":{"self":[{"href":"https:\/\/mpiaui.com.br\/antigo\/index.php?rest_route=\/wp\/v2\/posts\/54726","targetHints":{"allow":["GET"]}}],"collection":[{"href":"https:\/\/mpiaui.com.br\/antigo\/index.php?rest_route=\/wp\/v2\/posts"}],"about":[{"href":"https:\/\/mpiaui.com.br\/antigo\/index.php?rest_route=\/wp\/v2\/types\/post"}],"author":[{"embeddable":true,"href":"https:\/\/mpiaui.com.br\/antigo\/index.php?rest_route=\/wp\/v2\/users\/1"}],"replies":[{"embeddable":true,"href":"https:\/\/mpiaui.com.br\/antigo\/index.php?rest_route=%2Fwp%2Fv2%2Fcomments&post=54726"}],"version-history":[{"count":0,"href":"https:\/\/mpiaui.com.br\/antigo\/index.php?rest_route=\/wp\/v2\/posts\/54726\/revisions"}],"wp:featuredmedia":[{"embeddable":true,"href":"https:\/\/mpiaui.com.br\/antigo\/index.php?rest_route=\/wp\/v2\/media\/54727"}],"wp:attachment":[{"href":"https:\/\/mpiaui.com.br\/antigo\/index.php?rest_route=%2Fwp%2Fv2%2Fmedia&parent=54726"}],"wp:term":[{"taxonomy":"category","embeddable":true,"href":"https:\/\/mpiaui.com.br\/antigo\/index.php?rest_route=%2Fwp%2Fv2%2Fcategories&post=54726"},{"taxonomy":"post_tag","embeddable":true,"href":"https:\/\/mpiaui.com.br\/antigo\/index.php?rest_route=%2Fwp%2Fv2%2Ftags&post=54726"}],"curies":[{"name":"wp","href":"https:\/\/api.w.org\/{rel}","templated":true}]}}