{"id":54728,"date":"2023-05-13T14:15:11","date_gmt":"2023-05-13T17:15:11","guid":{"rendered":"https:\/\/mpiaui.com.br\/arcebispo-dom-orani-tempesta-sofre-assalto-no-rio\/"},"modified":"2023-05-13T14:15:11","modified_gmt":"2023-05-13T17:15:11","slug":"arcebispo-dom-orani-tempesta-sofre-assalto-no-rio","status":"publish","type":"post","link":"https:\/\/mpiaui.com.br\/antigo\/?p=54728","title":{"rendered":"Arcebispo Dom Orani Tempesta sofre assalto no Rio"},"content":{"rendered":"<p><\/p>\n<div>\n<p>A Arquidiocese do Rio de Janeiro informou neste s\u00e1bado (13) que o arcebispo Dom Orani Jo\u00e3o Tempesta sofreu um assalto na zona norte da capital fluminense. Ele e o motorista ficaram a p\u00e9 na Avenida Brasil, ap\u00f3s o carro ser levado. Ambos n\u00e3o sofreram ferimentos.<\/p>\n<p>O epis\u00f3dio ocorreu nessa sexta-feira (12), por volta de 22h30, na altura do bairro Barros Filho. Eles retornavam do Ter\u00e7o pela Paz, que foi rezado em Bangu, e se deslocavam no sentido centro da cidade. Al\u00e9m do carro, foram levados os celulares do arcebispo e do motorista, anel episcopal, paramentos (roupas de missa), b\u00e1culo (cajado), livros e rel\u00f3gios.<\/p>\n<p>De acordo com a Arquidiocese do Rio de Janeiro, as v\u00edtimas foram socorridas por um casal que os levaram at\u00e9 a resid\u00eancia do arcebispo. Apesar do assalto, Dom Orani manteve sem altera\u00e7\u00e3o os compromissos previstos em sua agenda.<\/p>\n<\/p><\/div>\n","protected":false},"excerpt":{"rendered":"<p>A Arquidiocese do Rio de Janeiro informou neste s\u00e1bado (13) que o arcebispo Dom Orani Jo\u00e3o Tempesta sofreu um assalto na zona norte da capital fluminense. Ele e o motorista&hellip; <\/p>\n","protected":false},"author":1,"featured_media":54729,"comment_status":"open","ping_status":"open","sticky":false,"template":"","format":"standard","meta":{"footnotes":""},"categories":[802],"tags":[],"class_list":["post-54728","post","type-post","status-publish","format-standard","has-post-thumbnail","hentry","category-nacional"],"_links":{"self":[{"href":"https:\/\/mpiaui.com.br\/antigo\/index.php?rest_route=\/wp\/v2\/posts\/54728","targetHints":{"allow":["GET"]}}],"collection":[{"href":"https:\/\/mpiaui.com.br\/antigo\/index.php?rest_route=\/wp\/v2\/posts"}],"about":[{"href":"https:\/\/mpiaui.com.br\/antigo\/index.php?rest_route=\/wp\/v2\/types\/post"}],"author":[{"embeddable":true,"href":"https:\/\/mpiaui.com.br\/antigo\/index.php?rest_route=\/wp\/v2\/users\/1"}],"replies":[{"embeddable":true,"href":"https:\/\/mpiaui.com.br\/antigo\/index.php?rest_route=%2Fwp%2Fv2%2Fcomments&post=54728"}],"version-history":[{"count":0,"href":"https:\/\/mpiaui.com.br\/antigo\/index.php?rest_route=\/wp\/v2\/posts\/54728\/revisions"}],"wp:featuredmedia":[{"embeddable":true,"href":"https:\/\/mpiaui.com.br\/antigo\/index.php?rest_route=\/wp\/v2\/media\/54729"}],"wp:attachment":[{"href":"https:\/\/mpiaui.com.br\/antigo\/index.php?rest_route=%2Fwp%2Fv2%2Fmedia&parent=54728"}],"wp:term":[{"taxonomy":"category","embeddable":true,"href":"https:\/\/mpiaui.com.br\/antigo\/index.php?rest_route=%2Fwp%2Fv2%2Fcategories&post=54728"},{"taxonomy":"post_tag","embeddable":true,"href":"https:\/\/mpiaui.com.br\/antigo\/index.php?rest_route=%2Fwp%2Fv2%2Ftags&post=54728"}],"curies":[{"name":"wp","href":"https:\/\/api.w.org\/{rel}","templated":true}]}}