{"id":54731,"date":"2023-05-13T14:38:26","date_gmt":"2023-05-13T17:38:26","guid":{"rendered":"https:\/\/mpiaui.com.br\/henrique-junior-recebe-apoio-espontaneo-dos-amigos-de-timon\/"},"modified":"2023-05-13T14:38:26","modified_gmt":"2023-05-13T17:38:26","slug":"henrique-junior-recebe-apoio-espontaneo-dos-amigos-de-timon","status":"publish","type":"post","link":"https:\/\/mpiaui.com.br\/antigo\/?p=54731","title":{"rendered":"Henrique J\u00fanior recebe apoio espont\u00e2neo dos amigos de Timon"},"content":{"rendered":"<p><\/p>\n<div data-td-block-uid=\"tdi_94\">\n<div class=\"tdb-block-inner td-fix-index\">\n<p><img loading=\"lazy\" data-attachment-id=\"41483\" data-permalink=\"https:\/\/vejatimon.com\/geral\/henrique-junior-recebe-apoio-espontaneo-dos-amigos-de-timon\/attachment\/img-20230513-wa0018\/\" data-orig-file=\"https:\/\/vejatimon.com\/wp-content\/uploads\/2023\/05\/IMG-20230513-WA0018.jpg\" data-orig-size=\"1600,683\" data-comments-opened=\"1\" data-image-meta=\"{&quot;aperture&quot;:&quot;0&quot;,&quot;credit&quot;:&quot;&quot;,&quot;camera&quot;:&quot;&quot;,&quot;caption&quot;:&quot;&quot;,&quot;created_timestamp&quot;:&quot;0&quot;,&quot;copyright&quot;:&quot;&quot;,&quot;focal_length&quot;:&quot;0&quot;,&quot;iso&quot;:&quot;0&quot;,&quot;shutter_speed&quot;:&quot;0&quot;,&quot;title&quot;:&quot;&quot;,&quot;orientation&quot;:&quot;0&quot;}\" data-image-title=\"IMG-20230513-WA0018\" data-image-description=\"\" data-image-caption=\"\" data-medium-file=\"https:\/\/vejatimon.com\/wp-content\/uploads\/2023\/05\/IMG-20230513-WA0018-300x128.jpg\" data-large-file=\"https:\/\/vejatimon.com\/wp-content\/uploads\/2023\/05\/IMG-20230513-WA0018-1024x437.jpg\" decoding=\"async\" class=\"alignnone size-full wp-image-41483\" src=\"https:\/\/vejatimon.com\/wp-content\/uploads\/2023\/05\/IMG-20230513-WA0018.jpg\" alt=\"\" width=\"1600\" height=\"683\" srcset=\"https:\/\/vejatimon.com\/wp-content\/uploads\/2023\/05\/IMG-20230513-WA0018.jpg 1600w, https:\/\/vejatimon.com\/wp-content\/uploads\/2023\/05\/IMG-20230513-WA0018-300x128.jpg 300w, https:\/\/vejatimon.com\/wp-content\/uploads\/2023\/05\/IMG-20230513-WA0018-1024x437.jpg 1024w, https:\/\/vejatimon.com\/wp-content\/uploads\/2023\/05\/IMG-20230513-WA0018-768x328.jpg 768w, https:\/\/vejatimon.com\/wp-content\/uploads\/2023\/05\/IMG-20230513-WA0018-1536x656.jpg 1536w, https:\/\/vejatimon.com\/wp-content\/uploads\/2023\/05\/IMG-20230513-WA0018-696x297.jpg 696w, https:\/\/vejatimon.com\/wp-content\/uploads\/2023\/05\/IMG-20230513-WA0018-1068x456.jpg 1068w\" sizes=\"auto, (max-width: 1600px) 100vw, 1600px\" data-pagespeed-url-hash=\"3950437474\" onload=\"pagespeed.CriticalImages.checkImageForCriticality(this);\"\/>\u201cReceber apoio aos nossos projetos de vida, \u00e9 sempre gratificante, mas quando esse apoio vem de amigos, de pessoas que tem autonomia em suas decis\u00f5es \u00e9 ainda mais gratificante o que nos aumenta a nossa responsabilidade e nos fortalece em nossas caminhadas\u201d, foi com essa defini\u00e7\u00e3o que o suplente de deputado federal Henrique J\u00fanior (PL) resumiu o momento de reconhecimento dos amigos em anunciar que est\u00e3o com ele nessa caminha rumo a Prefeitura de Timon em 2024.<\/p>\n<p>De acordo com o pr\u00e9 \u2013 candidato todos que est\u00e3o nessa imagem refletem um sentimento da necessidade de Timon mudar, de colocar \u00e0 frente dos destinos do munic\u00edpio uma pessoa identificada com a cidade, com.suas ra\u00edzes sem apelos familiares ou de grupos pol\u00edticos, portanto, jovens, profissionais liberais, empres\u00e1rios, servidores p\u00fablicos, e outras categorias que pensam a ver a cidade crescer por sua for\u00e7a que n\u00e3o est\u00e1 adormecida e quer participar de um processo capaz de mudar os rumos de Timon, acrescentou Henrique J\u00fanior, que preferiu n\u00e3o citar o nome dos amigos, mas dizer que uma imagem vale mais que mil palavras.<\/p>\n<p>\u201cS\u00f3 tenho o que agradecer a Deus e aos amigos, pois \u00e9 com esse prop\u00f3sito que sempre trabalhei e quero trabalhar\u201d, filosofou Henrique J\u00fanior.\n<\/p>\n<p><h3 class=\"jp-relatedposts-headline\"><em>Relacionado<\/em><\/h3>\n<\/p>\n<\/div>\n<\/div>\n","protected":false},"excerpt":{"rendered":"<p>\u201cReceber apoio aos nossos projetos de vida, \u00e9 sempre gratificante, mas quando esse apoio vem de amigos, de pessoas que tem autonomia em suas decis\u00f5es \u00e9 ainda mais gratificante o&hellip; <\/p>\n","protected":false},"author":1,"featured_media":54732,"comment_status":"open","ping_status":"open","sticky":false,"template":"","format":"standard","meta":{"footnotes":""},"categories":[534],"tags":[],"class_list":["post-54731","post","type-post","status-publish","format-standard","has-post-thumbnail","hentry","category-timon-ma"],"_links":{"self":[{"href":"https:\/\/mpiaui.com.br\/antigo\/index.php?rest_route=\/wp\/v2\/posts\/54731","targetHints":{"allow":["GET"]}}],"collection":[{"href":"https:\/\/mpiaui.com.br\/antigo\/index.php?rest_route=\/wp\/v2\/posts"}],"about":[{"href":"https:\/\/mpiaui.com.br\/antigo\/index.php?rest_route=\/wp\/v2\/types\/post"}],"author":[{"embeddable":true,"href":"https:\/\/mpiaui.com.br\/antigo\/index.php?rest_route=\/wp\/v2\/users\/1"}],"replies":[{"embeddable":true,"href":"https:\/\/mpiaui.com.br\/antigo\/index.php?rest_route=%2Fwp%2Fv2%2Fcomments&post=54731"}],"version-history":[{"count":0,"href":"https:\/\/mpiaui.com.br\/antigo\/index.php?rest_route=\/wp\/v2\/posts\/54731\/revisions"}],"wp:featuredmedia":[{"embeddable":true,"href":"https:\/\/mpiaui.com.br\/antigo\/index.php?rest_route=\/wp\/v2\/media\/54732"}],"wp:attachment":[{"href":"https:\/\/mpiaui.com.br\/antigo\/index.php?rest_route=%2Fwp%2Fv2%2Fmedia&parent=54731"}],"wp:term":[{"taxonomy":"category","embeddable":true,"href":"https:\/\/mpiaui.com.br\/antigo\/index.php?rest_route=%2Fwp%2Fv2%2Fcategories&post=54731"},{"taxonomy":"post_tag","embeddable":true,"href":"https:\/\/mpiaui.com.br\/antigo\/index.php?rest_route=%2Fwp%2Fv2%2Ftags&post=54731"}],"curies":[{"name":"wp","href":"https:\/\/api.w.org\/{rel}","templated":true}]}}