{"id":54733,"date":"2023-05-13T14:59:22","date_gmt":"2023-05-13T17:59:22","guid":{"rendered":"https:\/\/mpiaui.com.br\/achados-arqueologicos-devem-gerar-revisao-de-licenca-do-metro-de-sp\/"},"modified":"2023-05-13T14:59:22","modified_gmt":"2023-05-13T17:59:22","slug":"achados-arqueologicos-devem-gerar-revisao-de-licenca-do-metro-de-sp","status":"publish","type":"post","link":"https:\/\/mpiaui.com.br\/antigo\/?p=54733","title":{"rendered":"Achados arqueol\u00f3gicos devem gerar revis\u00e3o de licen\u00e7a do metr\u00f4 de SP"},"content":{"rendered":"<p><\/p>\n<div>\n<p>A fiscaliza\u00e7\u00e3o t\u00e9cnica do Instituto do Patrim\u00f3nio Hist\u00f3rico e Art\u00edstico Nacional (Iphan), em S\u00e3o Paulo, recomendou &#8211; em parecer &#8211; indeferir a retomada das escava\u00e7\u00f5es arqueol\u00f3gicas na \u00e1rea do S\u00edtio Saracura. O territ\u00f3rio arqueol\u00f3gico foi encontrado em meio a obras do metr\u00f4 no bairro do Bixiga e, ap\u00f3s mobiliza\u00e7\u00e3o da comunidade e uma inunda\u00e7\u00e3o em fevereiro, o resgate das pe\u00e7as foi suspenso pelo Iphan. O acesso ao parecer foi liberado na \u00faltima sexta-feira (12).\u00a0<\/p>\n<p>O instituto, no entanto, havia autorizado a continuidade de obras de engenharia que n\u00e3o afetassem o s\u00edtio. Mas exatamente nesse contexto foram encontradas novas evid\u00eancias da ocupa\u00e7\u00e3o quilombola.\u00a0<\/p>\n<p>Por isso, o <a href=\"https:\/\/sei.iphan.gov.br\/sei\/modulos\/pesquisa\/md_pesq_documento_consulta_externa.php?9LibXMqGnN7gSpLFOOgUQFziRouBJ5VnVL5b7-UrE5QM12B7TLo67A7B0m7ERBphyvhSjAHS2wt7kkdUIqPqX9dDQopeep7UyJIKEBZRrrbke50E-WO2ig0nNDqPQf_l\" target=\"_blank\" rel=\"noopener\">novo parecer <\/a>atesta que, frente aos novos achados na &#8220;\u00e1rea aterrada que possivelmente abriga os vest\u00edgios materiais do Antigo Quilombo Saracura, compreendemos que este ineditismo extrapola as compet\u00eancias de um \u00fanico setor t\u00e9cnico&#8221;, diz o parecer.<\/p>\n<p>T\u00e9cnicas do Iphan pedem tamb\u00e9m que a Funda\u00e7\u00e3o Palmares e os Minist\u00e9rios da Cultura, Igualdade Racial e Direitos Humanos sejam acionados para avaliar o conjunto da materialidade e o contexto hist\u00f3rico e cultural do s\u00edtio.<\/p>\n<p>O novo parecer ressalta, ainda, que &#8220;o reconhecimento o\ufb01cial de espa\u00e7os de compartilhamentos e mem\u00f3rias coletivas &#8211; atestados arqueologicamente nas prospec\u00e7\u00f5es em superf\u00edcie realizadas na Linha 6-Laranja, especi\ufb01camente na Esta\u00e7\u00e3o 14 Bis (\u00e1rea que engloba o Quilombo Saracura)&#8221; &#8211; justificam manter paralisadas as escava\u00e7\u00f5es at\u00e9 avalia\u00e7\u00e3o especializada multidisciplinar.<\/p>\n<p>O documento destaca, tamb\u00e9m, que a &#8220;patrimonializa\u00e7\u00e3o \u00e0 escraviza\u00e7\u00e3o negra se deparou com a complexidade, dinamicidade e resist\u00eancia das estruturas de poder de uma elite n\u00e3o-preta, o que no passado impediu o reconhecimento da contribui\u00e7\u00e3o quilombola \u00e0 forma\u00e7\u00e3o cultural brasileira&#8221;.<\/p>\n<h2>Mobiliza Saracura Vai-Vai\u00a0<\/h2>\n<p>Diante dos novos fatos, a comunidade organizada no Mobiliza Saracura Vai-Vai, em nota,\u00a0reiterou a necessidade de revis\u00e3o do processo de licenciamento autorizado pelo Iphan em 2020 \u00e0 revelia da legisla\u00e7\u00e3o que exige a pesquisa arqueol\u00f3gica.<\/p>\n<p><a href=\"https:\/\/agenciabrasil.ebc.com.br\/geral\/noticia\/2023-02\/movimento-entra-com-acao-por-preservacao-de-sitio-arqueologico-em-sp\" target=\"_blank\" rel=\"noopener\">A mobiliza\u00e7\u00e3o j\u00e1 vinha questionando<\/a> o licenciamento no \u00e2mbito de um inqu\u00e9rito civil no Minist\u00e9rio P\u00fablico Federal e de uma a\u00e7\u00e3o que cobra per\u00edcia judicial que ateste a regularidade dos trabalhos arqueol\u00f3gicos realizados no local.<\/p>\n<p>Reportagem da <strong>Ag\u00eancia Brasil<\/strong> mostra que as <a href=\"https:\/\/agenciabrasil.ebc.com.br\/geral\/noticia\/2023-03\/metro-sp-empreiteira-pediu-dispensa-de-estudos-em-area-de-quilombo\" target=\"_blank\" rel=\"noopener\">pesquisas hist\u00f3ricas e arqueol\u00f3gicas<\/a> para obter as licen\u00e7as necess\u00e1rias para o in\u00edcio das obras da Linha Laranja- 6 do metr\u00f4 de S\u00e3o Paulo ignoraram a hist\u00f3ria do bairro do Bixiga, na regi\u00e3o central paulistana, ligada a uma comunidade quilombola.<\/p>\n<\/p><\/div>\n","protected":false},"excerpt":{"rendered":"<p>A fiscaliza\u00e7\u00e3o t\u00e9cnica do Instituto do Patrim\u00f3nio Hist\u00f3rico e Art\u00edstico Nacional (Iphan), em S\u00e3o Paulo, recomendou &#8211; em parecer &#8211; indeferir a retomada das escava\u00e7\u00f5es arqueol\u00f3gicas na \u00e1rea do S\u00edtio&hellip; <\/p>\n","protected":false},"author":1,"featured_media":54734,"comment_status":"open","ping_status":"open","sticky":false,"template":"","format":"standard","meta":{"footnotes":""},"categories":[802],"tags":[],"class_list":["post-54733","post","type-post","status-publish","format-standard","has-post-thumbnail","hentry","category-nacional"],"_links":{"self":[{"href":"https:\/\/mpiaui.com.br\/antigo\/index.php?rest_route=\/wp\/v2\/posts\/54733","targetHints":{"allow":["GET"]}}],"collection":[{"href":"https:\/\/mpiaui.com.br\/antigo\/index.php?rest_route=\/wp\/v2\/posts"}],"about":[{"href":"https:\/\/mpiaui.com.br\/antigo\/index.php?rest_route=\/wp\/v2\/types\/post"}],"author":[{"embeddable":true,"href":"https:\/\/mpiaui.com.br\/antigo\/index.php?rest_route=\/wp\/v2\/users\/1"}],"replies":[{"embeddable":true,"href":"https:\/\/mpiaui.com.br\/antigo\/index.php?rest_route=%2Fwp%2Fv2%2Fcomments&post=54733"}],"version-history":[{"count":0,"href":"https:\/\/mpiaui.com.br\/antigo\/index.php?rest_route=\/wp\/v2\/posts\/54733\/revisions"}],"wp:featuredmedia":[{"embeddable":true,"href":"https:\/\/mpiaui.com.br\/antigo\/index.php?rest_route=\/wp\/v2\/media\/54734"}],"wp:attachment":[{"href":"https:\/\/mpiaui.com.br\/antigo\/index.php?rest_route=%2Fwp%2Fv2%2Fmedia&parent=54733"}],"wp:term":[{"taxonomy":"category","embeddable":true,"href":"https:\/\/mpiaui.com.br\/antigo\/index.php?rest_route=%2Fwp%2Fv2%2Fcategories&post=54733"},{"taxonomy":"post_tag","embeddable":true,"href":"https:\/\/mpiaui.com.br\/antigo\/index.php?rest_route=%2Fwp%2Fv2%2Ftags&post=54733"}],"curies":[{"name":"wp","href":"https:\/\/api.w.org\/{rel}","templated":true}]}}