{"id":54735,"date":"2023-05-13T15:35:35","date_gmt":"2023-05-13T18:35:35","guid":{"rendered":"https:\/\/mpiaui.com.br\/rafael-fonteles-inaugura-estradas-e-obras-de-fomento-ao-turismo-em-sao-joao-do-piaui\/"},"modified":"2023-05-13T15:35:35","modified_gmt":"2023-05-13T18:35:35","slug":"rafael-fonteles-inaugura-estradas-e-obras-de-fomento-ao-turismo-em-sao-joao-do-piaui","status":"publish","type":"post","link":"https:\/\/mpiaui.com.br\/antigo\/?p=54735","title":{"rendered":"Rafael Fonteles inaugura estradas e obras de fomento ao turismo em S\u00e3o Jo\u00e3o do Piau\u00ed"},"content":{"rendered":"<p> [ad_1]<br \/>\n<\/p>\n<div>\n<p>O governador Rafael Fonteles inaugurou neste s\u00e1bado (13) obras de infraestrutura rodovi\u00e1ria que v\u00e3o impactar o desenvolvimento socioecon\u00f4mico de munic\u00edpios que integram os Territ\u00f3rios de Desenvolvimento Serra da Capivara e Chapada Vale do Itaim. Mais de 220 quil\u00f4metros de estradas foram conclu\u00eddos e entregues, promovendo mais agilidade, conforto e seguran\u00e7a a quem trafega pela regi\u00e3o.<\/p>\n<p>O trecho de 156 quil\u00f4metros ligando S\u00e3o Jo\u00e3o do Piau\u00ed a Acau\u00e3 \u00e9 um dos destaques. A rodovia passa pelos munic\u00edpios de Campo Alegre do Fidalgo (PI-459), Lagoa do Barro e Queimada Nova, at\u00e9 o Povoado Pipocas no entroncamento da BR-407. A obra deve repercutir na economia da regi\u00e3o, facilitando o transporte e exporta\u00e7\u00e3o de leite, mel e outros produtos. Tamb\u00e9m facilitar\u00e1 a chegada de insumos ao maior parque de energia e\u00f3lica da Am\u00e9rica do Sul, o complexo Lagoa dos Ventos, instalado em Lagoa do Barro e Dom Inoc\u00eancio.<\/p>\n<p><img decoding=\"async\" loading=\"lazy\" class=\"alignnone size-medium wp-image-88512\" src=\"https:\/\/www.pi.gov.br\/wp-content\/uploads\/2023\/05\/Estrada-Sao-Joao-a-Acaua-10-730x486.jpeg\" alt=\"\" width=\"730\" height=\"486\" srcset=\"https:\/\/www.pi.gov.br\/wp-content\/uploads\/2023\/05\/Estrada-Sao-Joao-a-Acaua-10-730x486.jpeg 730w, https:\/\/www.pi.gov.br\/wp-content\/uploads\/2023\/05\/Estrada-Sao-Joao-a-Acaua-10-1070x713.jpeg 1070w, https:\/\/www.pi.gov.br\/wp-content\/uploads\/2023\/05\/Estrada-Sao-Joao-a-Acaua-10-768x512.jpeg 768w, https:\/\/www.pi.gov.br\/wp-content\/uploads\/2023\/05\/Estrada-Sao-Joao-a-Acaua-10-391x260.jpeg 391w, https:\/\/www.pi.gov.br\/wp-content\/uploads\/2023\/05\/Estrada-Sao-Joao-a-Acaua-10.jpeg 1280w\" sizes=\"auto, (max-width: 730px) 100vw, 730px\"\/><\/p>\n<p>\u201cRepresenta gera\u00e7\u00e3o de emprego, renda, desenvolvimento. Uma obra que melhora a vida de todo mundo. Contempla uma regi\u00e3o riqu\u00edssima do estado. Estou muito feliz de poder como governador do Estado, sucedendo o grande governador Wellington Dias, junto com as bancadas estadual e federal, inaugurar esta obra para o povo do Piau\u00ed\u201d, declarou Rafael Fonteles.<\/p>\n<p>A obra, or\u00e7ada em R$ 50 milh\u00f5es, teve recursos do Governo do Estado (R$ 20 milh\u00f5es) e recursos federais (R$ 30 milh\u00f5es) provenientes de emendas parlamentares. O senador Marcelo Castro, um dos que destinaram recursos para a estrada, participou da inaugura\u00e7\u00e3o com o governador. \u201cEssa parceria \u00e9 que d\u00e1 certo. A bancada federal trabalhando junto com o Governo do Estado e o Governo Federal, botando nosso estado pra frente\u201d comemorou Castro.<\/p>\n<p><img decoding=\"async\" loading=\"lazy\" class=\"alignnone size-medium wp-image-88517\" src=\"https:\/\/www.pi.gov.br\/wp-content\/uploads\/2023\/05\/Estrada-Sao-Joao-a-Brejo-do-Piaui-13maio23-5-730x486.jpeg\" alt=\"\" width=\"730\" height=\"486\" srcset=\"https:\/\/www.pi.gov.br\/wp-content\/uploads\/2023\/05\/Estrada-Sao-Joao-a-Brejo-do-Piaui-13maio23-5-730x486.jpeg 730w, https:\/\/www.pi.gov.br\/wp-content\/uploads\/2023\/05\/Estrada-Sao-Joao-a-Brejo-do-Piaui-13maio23-5-1070x713.jpeg 1070w, https:\/\/www.pi.gov.br\/wp-content\/uploads\/2023\/05\/Estrada-Sao-Joao-a-Brejo-do-Piaui-13maio23-5-768x512.jpeg 768w, https:\/\/www.pi.gov.br\/wp-content\/uploads\/2023\/05\/Estrada-Sao-Joao-a-Brejo-do-Piaui-13maio23-5-391x260.jpeg 391w, https:\/\/www.pi.gov.br\/wp-content\/uploads\/2023\/05\/Estrada-Sao-Joao-a-Brejo-do-Piaui-13maio23-5.jpeg 1280w\" sizes=\"auto, (max-width: 730px) 100vw, 730px\"\/><\/p>\n<p>O governador inaugurou ainda a reforma da estrada de acesso a um importante cart\u00e3o postal da regi\u00e3o, o Balne\u00e1rio Jenipapo. A \u00e1rea da barragem abriga grande biodiversidade de fauna e flora, disp\u00f5e de estrutura de bares e restaurantes para o turista que busca um banho relaxante em \u00e1gua fria ou passeios de barco. O trecho recuperado tem 15 quil\u00f4metros de extens\u00e3o e facilitar\u00e1 o deslocamento ao balne\u00e1rio, destacado no Mapa do Turismo Brasileiro. \u201d Essa regi\u00e3o faz parte da Serra da Capivara. O mesmo turista que vai visitar o parque, os museus, aquele turismo arqueol\u00f3gico e hist\u00f3rico, vai vir aproveitar as \u00e1guas do Balne\u00e1rio Jenipapo com muitos investimentos que ser\u00e3o feitos e atraindo o setor privado\u201d, considerou Fonteles.<\/p>\n<p>Rafael Fonteles entregou tamb\u00e9m nesta manh\u00e3 a pavimenta\u00e7\u00e3o de 50 quil\u00f4metros da estrada ligando S\u00e3o Jo\u00e3o do Piau\u00ed (BR-020) a Brejo do Piau\u00ed (PI-140). A obra custou R$ 18 milh\u00f5es e teve recursos federais e do Tesouro Estadual. O governador assinou ainda uma ordem de servi\u00e7o autorizando a constru\u00e7\u00e3o de uma passagem molhada sobre o rio Piau\u00ed, na localidade Marmeleiro, zona rural de S\u00e3o Jo\u00e3o. A obra \u00e9 or\u00e7ada em R$ 1,5 milh\u00e3o.<\/p>\n<p><img decoding=\"async\" loading=\"lazy\" class=\"alignnone size-medium wp-image-88493\" src=\"https:\/\/www.pi.gov.br\/wp-content\/uploads\/2023\/05\/Estrada-que-liga-balneario-Jenipapo-a-Sao-Joao-do-Piaui-24-730x486.jpeg\" alt=\"\" width=\"730\" height=\"486\" srcset=\"https:\/\/www.pi.gov.br\/wp-content\/uploads\/2023\/05\/Estrada-que-liga-balneario-Jenipapo-a-Sao-Joao-do-Piaui-24-730x486.jpeg 730w, https:\/\/www.pi.gov.br\/wp-content\/uploads\/2023\/05\/Estrada-que-liga-balneario-Jenipapo-a-Sao-Joao-do-Piaui-24-1070x713.jpeg 1070w, https:\/\/www.pi.gov.br\/wp-content\/uploads\/2023\/05\/Estrada-que-liga-balneario-Jenipapo-a-Sao-Joao-do-Piaui-24-768x512.jpeg 768w, https:\/\/www.pi.gov.br\/wp-content\/uploads\/2023\/05\/Estrada-que-liga-balneario-Jenipapo-a-Sao-Joao-do-Piaui-24-391x260.jpeg 391w, https:\/\/www.pi.gov.br\/wp-content\/uploads\/2023\/05\/Estrada-que-liga-balneario-Jenipapo-a-Sao-Joao-do-Piaui-24.jpeg 1280w\" sizes=\"auto, (max-width: 730px) 100vw, 730px\"\/><\/p>\n<p><strong>Pra\u00e7a Hon\u00f3rio Santos<\/strong><\/p>\n<p>Em outra a\u00e7\u00e3o de fomento ao turismo, o governador Rafael Fonteles inaugurou a reforma da Pra\u00e7a Hon\u00f3rio Santos. O logradouro mais famoso de S\u00e3o Jo\u00e3o do Piau\u00ed foi totalmente reformulado, com modifica\u00e7\u00f5es nos passeios, mobili\u00e1rios e nos pr\u00e9dios onde tradicionalmente se degusta pratos da culin\u00e1ria local. O Governo do Estado investiu R$ 3 milh\u00f5es na obra.<\/p>\n<p>\u201cUma pra\u00e7a completa, com ampla \u00e1rea de lazer para crian\u00e7as, ilumina\u00e7\u00e3o de led, um paisagismo fant\u00e1stico, dois restaurantes, uma estrutura pra fazer eventos de porte m\u00e9dio. Esse povo de S\u00e3o Jo\u00e3o que j\u00e1 nos acolhe t\u00e3o bem, vai poder acolher ainda melhor o turista que vem visitar esta terra\u201d, finalizou Fonteles.<\/p>\n<p>A obra era uma das principais reivindica\u00e7\u00f5es apresentadas pelo prefeito Ednei Amorim, que acompanhou toda a agenda de inaugura\u00e7\u00f5es na cidade e agradeceu. \u201cUma pra\u00e7a com mais de 34 mil metros quadrados, muito importante. Isso vai trazer tamb\u00e9m uma frequ\u00eancia maior dos turistas a este local, visitantes em n\u00edvel regional. Uma integra\u00e7\u00e3o do turismo das \u00e1guas com o arqueol\u00f3gico da Serra da Cap\u00edvara\u201d, concluiu Ednei.<\/p>\n<p>\u00a0<\/p>\n<\/p><\/div>\n<p><script async=\"\" defer=\"\" crossorigin=\"anonymous\" src=\"https:\/\/connect.facebook.net\/pt_BR\/sdk.js#xfbml=1&#038;version=v3.3\"><\/script><br \/>\n<br \/>[ad_2]<\/p>\n","protected":false},"excerpt":{"rendered":"<p>[ad_1] O governador Rafael Fonteles inaugurou neste s\u00e1bado (13) obras de infraestrutura rodovi\u00e1ria que v\u00e3o impactar o desenvolvimento socioecon\u00f4mico de munic\u00edpios que integram os Territ\u00f3rios de Desenvolvimento Serra da Capivara&hellip; <\/p>\n","protected":false},"author":1,"featured_media":54736,"comment_status":"open","ping_status":"open","sticky":false,"template":"","format":"standard","meta":{"footnotes":""},"categories":[938],"tags":[],"class_list":["post-54735","post","type-post","status-publish","format-standard","has-post-thumbnail","hentry","category-governador"],"_links":{"self":[{"href":"https:\/\/mpiaui.com.br\/antigo\/index.php?rest_route=\/wp\/v2\/posts\/54735","targetHints":{"allow":["GET"]}}],"collection":[{"href":"https:\/\/mpiaui.com.br\/antigo\/index.php?rest_route=\/wp\/v2\/posts"}],"about":[{"href":"https:\/\/mpiaui.com.br\/antigo\/index.php?rest_route=\/wp\/v2\/types\/post"}],"author":[{"embeddable":true,"href":"https:\/\/mpiaui.com.br\/antigo\/index.php?rest_route=\/wp\/v2\/users\/1"}],"replies":[{"embeddable":true,"href":"https:\/\/mpiaui.com.br\/antigo\/index.php?rest_route=%2Fwp%2Fv2%2Fcomments&post=54735"}],"version-history":[{"count":0,"href":"https:\/\/mpiaui.com.br\/antigo\/index.php?rest_route=\/wp\/v2\/posts\/54735\/revisions"}],"wp:featuredmedia":[{"embeddable":true,"href":"https:\/\/mpiaui.com.br\/antigo\/index.php?rest_route=\/wp\/v2\/media\/54736"}],"wp:attachment":[{"href":"https:\/\/mpiaui.com.br\/antigo\/index.php?rest_route=%2Fwp%2Fv2%2Fmedia&parent=54735"}],"wp:term":[{"taxonomy":"category","embeddable":true,"href":"https:\/\/mpiaui.com.br\/antigo\/index.php?rest_route=%2Fwp%2Fv2%2Fcategories&post=54735"},{"taxonomy":"post_tag","embeddable":true,"href":"https:\/\/mpiaui.com.br\/antigo\/index.php?rest_route=%2Fwp%2Fv2%2Ftags&post=54735"}],"curies":[{"name":"wp","href":"https:\/\/api.w.org\/{rel}","templated":true}]}}