{"id":54739,"date":"2023-05-13T15:56:34","date_gmt":"2023-05-13T18:56:34","guid":{"rendered":"https:\/\/mpiaui.com.br\/governador-inaugura-maior-praca-publica-do-piaui-e-segunda-do-nordeste\/"},"modified":"2023-05-13T15:56:34","modified_gmt":"2023-05-13T18:56:34","slug":"governador-inaugura-maior-praca-publica-do-piaui-e-segunda-do-nordeste","status":"publish","type":"post","link":"https:\/\/mpiaui.com.br\/antigo\/?p=54739","title":{"rendered":"Governador inaugura maior pra\u00e7a p\u00fablica do Piau\u00ed e segunda do Nordeste"},"content":{"rendered":"<p> [ad_1]<br \/>\n<\/p>\n<div>\n<p>O Secret\u00e1rio Fl\u00e1vio J\u00fanior, acompanhado do Governador, Rafael Fonteles, entregou neste s\u00e1bado (13) a obra da reforma da pra\u00e7a Hon\u00f3rio Santos, em S\u00e3o Jo\u00e3o do Piau\u00ed. A pra\u00e7a \u00e9 considerada a maior do Piau\u00ed e uma das maiores do Nordeste.<\/p>\n<p>Com investimentos superiores a R$ 3 milh\u00f5es, a pra\u00e7a recebeu melhorias nas estruturas hidr\u00e1ulica, el\u00e9trica, al\u00e9m de passar a contar com novo paisagismo e brinquedos infantis.<\/p>\n<p>Para o governador Rafael Fonteles, a obra impressiona pela grandiosidade e qualidade. \u201cA pra\u00e7a Hon\u00f3rio Santos \u00e9 a maior do Piau\u00ed e a segunda maior do Nordeste. O local ficou muito bonito e com recurso do Governo do Estado para benef\u00edcio da popula\u00e7\u00e3o\u201d, afirma.<\/p>\n<p>\u00a0<\/p>\n<p><img decoding=\"async\" loading=\"lazy\" class=\"alignnone size-medium wp-image-88544\" src=\"https:\/\/www.pi.gov.br\/wp-content\/uploads\/2023\/05\/Rafael-Fonteles-Praca-Honorio-Santos-Sao-Joao-do-Piaui-130523-20-730x486.jpeg\" alt=\"\" width=\"730\" height=\"486\" srcset=\"https:\/\/www.pi.gov.br\/wp-content\/uploads\/2023\/05\/Rafael-Fonteles-Praca-Honorio-Santos-Sao-Joao-do-Piaui-130523-20-730x486.jpeg 730w, https:\/\/www.pi.gov.br\/wp-content\/uploads\/2023\/05\/Rafael-Fonteles-Praca-Honorio-Santos-Sao-Joao-do-Piaui-130523-20-1070x713.jpeg 1070w, https:\/\/www.pi.gov.br\/wp-content\/uploads\/2023\/05\/Rafael-Fonteles-Praca-Honorio-Santos-Sao-Joao-do-Piaui-130523-20-768x512.jpeg 768w, https:\/\/www.pi.gov.br\/wp-content\/uploads\/2023\/05\/Rafael-Fonteles-Praca-Honorio-Santos-Sao-Joao-do-Piaui-130523-20-391x260.jpeg 391w, https:\/\/www.pi.gov.br\/wp-content\/uploads\/2023\/05\/Rafael-Fonteles-Praca-Honorio-Santos-Sao-Joao-do-Piaui-130523-20.jpeg 1280w\" sizes=\"auto, (max-width: 730px) 100vw, 730px\"\/><\/p>\n<p>A pra\u00e7a passou a contar com novas \u00e1reas, amplas e modernas, que chamam aten\u00e7\u00e3o dos visitantes. Segundo o secret\u00e1rio estadual da infraestrutura, Fl\u00e1vio J\u00fanior, os investimentos seguir\u00e3o acontecendo em S\u00e3o Jo\u00e3o e por todo o Piau\u00ed.<\/p>\n<p>Essa pra\u00e7a \u00e9 um importante espa\u00e7o de lazer que atender\u00e1 essa regi\u00e3o que avan\u00e7a cada vez mais no segmento do turismo. Nova pavimenta\u00e7\u00e3o que promove acessibilidade para todos que desejam conhecer o local, novos espa\u00e7os para restaurante, um paisagismo bel\u00edssimo. Tudo feito pr\u00f3ximo \u00e0 hist\u00f3rica par\u00f3quia de S\u00e3o Jo\u00e3o Batista. A Seinfra segue com seu compromisso de entregar obras grandiosas e funcionais para todos os piauienses\u201d, esclarece o secret\u00e1rio.<\/p>\n<p>O prefeito do munic\u00edpio, Ednei Modesto, viu como uma grande conquista essa inaugura\u00e7\u00e3o. \u201cEstou muito feliz com esse momento. A est\u00e1 linda e vai trazer felicidade para todos os moradores aqui do munic\u00edpio\u201d, comemora.<\/p>\n<p>Fonte: Ascom Seinfra<\/p>\n<\/p><\/div>\n<p><script async=\"\" defer=\"\" crossorigin=\"anonymous\" src=\"https:\/\/connect.facebook.net\/pt_BR\/sdk.js#xfbml=1&#038;version=v3.3\"><\/script><br \/>\n<br \/>[ad_2]<\/p>\n","protected":false},"excerpt":{"rendered":"<p>[ad_1] O Secret\u00e1rio Fl\u00e1vio J\u00fanior, acompanhado do Governador, Rafael Fonteles, entregou neste s\u00e1bado (13) a obra da reforma da pra\u00e7a Hon\u00f3rio Santos, em S\u00e3o Jo\u00e3o do Piau\u00ed. A pra\u00e7a \u00e9&hellip; <\/p>\n","protected":false},"author":1,"featured_media":54740,"comment_status":"open","ping_status":"open","sticky":false,"template":"","format":"standard","meta":{"footnotes":""},"categories":[938],"tags":[],"class_list":["post-54739","post","type-post","status-publish","format-standard","has-post-thumbnail","hentry","category-governador"],"_links":{"self":[{"href":"https:\/\/mpiaui.com.br\/antigo\/index.php?rest_route=\/wp\/v2\/posts\/54739","targetHints":{"allow":["GET"]}}],"collection":[{"href":"https:\/\/mpiaui.com.br\/antigo\/index.php?rest_route=\/wp\/v2\/posts"}],"about":[{"href":"https:\/\/mpiaui.com.br\/antigo\/index.php?rest_route=\/wp\/v2\/types\/post"}],"author":[{"embeddable":true,"href":"https:\/\/mpiaui.com.br\/antigo\/index.php?rest_route=\/wp\/v2\/users\/1"}],"replies":[{"embeddable":true,"href":"https:\/\/mpiaui.com.br\/antigo\/index.php?rest_route=%2Fwp%2Fv2%2Fcomments&post=54739"}],"version-history":[{"count":0,"href":"https:\/\/mpiaui.com.br\/antigo\/index.php?rest_route=\/wp\/v2\/posts\/54739\/revisions"}],"wp:featuredmedia":[{"embeddable":true,"href":"https:\/\/mpiaui.com.br\/antigo\/index.php?rest_route=\/wp\/v2\/media\/54740"}],"wp:attachment":[{"href":"https:\/\/mpiaui.com.br\/antigo\/index.php?rest_route=%2Fwp%2Fv2%2Fmedia&parent=54739"}],"wp:term":[{"taxonomy":"category","embeddable":true,"href":"https:\/\/mpiaui.com.br\/antigo\/index.php?rest_route=%2Fwp%2Fv2%2Fcategories&post=54739"},{"taxonomy":"post_tag","embeddable":true,"href":"https:\/\/mpiaui.com.br\/antigo\/index.php?rest_route=%2Fwp%2Fv2%2Ftags&post=54739"}],"curies":[{"name":"wp","href":"https:\/\/api.w.org\/{rel}","templated":true}]}}