{"id":54741,"date":"2023-05-13T16:16:19","date_gmt":"2023-05-13T19:16:19","guid":{"rendered":"https:\/\/mpiaui.com.br\/policia-federal-fecha-garimpo-ilegal-no-para\/"},"modified":"2023-05-13T16:16:19","modified_gmt":"2023-05-13T19:16:19","slug":"policia-federal-fecha-garimpo-ilegal-no-para","status":"publish","type":"post","link":"https:\/\/mpiaui.com.br\/antigo\/?p=54741","title":{"rendered":"Pol\u00edcia Federal fecha garimpo ilegal no Par\u00e1"},"content":{"rendered":"<p><\/p>\n<div>\n<p>A Pol\u00edcia Federal (PF) deflagrou, na \u00faltima sexta-feira (12), a Opera\u00e7\u00e3o Lagoa Seca, para combater a extra\u00e7\u00e3o ilegal de min\u00e9rio de ouro e crimes ambientais no Rio Maria, no Par\u00e1. Uma pessoa foi presa em flagrante e seis trabalhadores foram resgatados de condi\u00e7\u00f5es degradantes, informou a PF. Acrescentou que foram cumpridos tr\u00eas mandados de busca e apreens\u00e3o na zona rural de Rio Maria.<\/p>\n<p>Durante a a\u00e7\u00e3o, policiais apreenderam um rev\u00f3lver, muni\u00e7\u00f5es, uma escavadeira hidr\u00e1ulica, um caminh\u00e3o e dois motores estacion\u00e1rios usados no crime. A arma apreendida estava carregada no ve\u00edculo do homem preso, com muni\u00e7\u00f5es no porta luvas.<\/p>\n<p>Quando chegaram na regi\u00e3o para o cumprimento das decis\u00f5es judiciais, os policiais encontraram um garimpo ilegal em plena atividade e eles encerraram o trabalho no local de forma imediata. A explora\u00e7\u00e3o de ouro n\u00e3o tinha autoriza\u00e7\u00e3o da Ag\u00eancia Nacional de Minera\u00e7\u00e3o (ANM).<\/p>\n<h2>Pris\u00e3o<\/h2>\n<p>Um homem identificado como sendo o dono do garimpo ilegal foi preso em flagrante e poder\u00e1 responder por crimes ambientais, posse ilegal de arma de fogo, redu\u00e7\u00e3o de trabalhadores \u00e0 condi\u00e7\u00e3o an\u00e1loga \u00e0 de escravid\u00e3o e usurpa\u00e7\u00e3o de bens da Uni\u00e3o.<\/p>\n<p>Os trabalhadores resgatados dividiam um barrac\u00e3o de lona pr\u00f3ximo ao buraco do garimpo. N\u00e3o havia banheiro e a cozinha era improvisada e de ch\u00e3o batido, tudo em condi\u00e7\u00f5es prec\u00e1rias. Eles trabalhavam descal\u00e7os ou de chinelo, sem nenhum tipo de equipamento de prote\u00e7\u00e3o, com jornadas exaustivas, informou a Pol\u00edcia Federal. Os nomes dos presos ainda n\u00e3o foram divulgados.<\/p>\n<\/p><\/div>\n","protected":false},"excerpt":{"rendered":"<p>A Pol\u00edcia Federal (PF) deflagrou, na \u00faltima sexta-feira (12), a Opera\u00e7\u00e3o Lagoa Seca, para combater a extra\u00e7\u00e3o ilegal de min\u00e9rio de ouro e crimes ambientais no Rio Maria, no Par\u00e1.&hellip; <\/p>\n","protected":false},"author":1,"featured_media":54742,"comment_status":"open","ping_status":"open","sticky":false,"template":"","format":"standard","meta":{"footnotes":""},"categories":[802],"tags":[],"class_list":["post-54741","post","type-post","status-publish","format-standard","has-post-thumbnail","hentry","category-nacional"],"_links":{"self":[{"href":"https:\/\/mpiaui.com.br\/antigo\/index.php?rest_route=\/wp\/v2\/posts\/54741","targetHints":{"allow":["GET"]}}],"collection":[{"href":"https:\/\/mpiaui.com.br\/antigo\/index.php?rest_route=\/wp\/v2\/posts"}],"about":[{"href":"https:\/\/mpiaui.com.br\/antigo\/index.php?rest_route=\/wp\/v2\/types\/post"}],"author":[{"embeddable":true,"href":"https:\/\/mpiaui.com.br\/antigo\/index.php?rest_route=\/wp\/v2\/users\/1"}],"replies":[{"embeddable":true,"href":"https:\/\/mpiaui.com.br\/antigo\/index.php?rest_route=%2Fwp%2Fv2%2Fcomments&post=54741"}],"version-history":[{"count":0,"href":"https:\/\/mpiaui.com.br\/antigo\/index.php?rest_route=\/wp\/v2\/posts\/54741\/revisions"}],"wp:featuredmedia":[{"embeddable":true,"href":"https:\/\/mpiaui.com.br\/antigo\/index.php?rest_route=\/wp\/v2\/media\/54742"}],"wp:attachment":[{"href":"https:\/\/mpiaui.com.br\/antigo\/index.php?rest_route=%2Fwp%2Fv2%2Fmedia&parent=54741"}],"wp:term":[{"taxonomy":"category","embeddable":true,"href":"https:\/\/mpiaui.com.br\/antigo\/index.php?rest_route=%2Fwp%2Fv2%2Fcategories&post=54741"},{"taxonomy":"post_tag","embeddable":true,"href":"https:\/\/mpiaui.com.br\/antigo\/index.php?rest_route=%2Fwp%2Fv2%2Ftags&post=54741"}],"curies":[{"name":"wp","href":"https:\/\/api.w.org\/{rel}","templated":true}]}}