{"id":54743,"date":"2023-05-13T18:24:46","date_gmt":"2023-05-13T21:24:46","guid":{"rendered":"https:\/\/mpiaui.com.br\/jovem-de-19-anos-e-executado-a-tiros-na-zona-sul-de-teresina\/"},"modified":"2023-05-13T18:24:46","modified_gmt":"2023-05-13T21:24:46","slug":"jovem-de-19-anos-e-executado-a-tiros-na-zona-sul-de-teresina","status":"publish","type":"post","link":"https:\/\/mpiaui.com.br\/antigo\/?p=54743","title":{"rendered":"Jovem de 19 anos \u00e9 executado a tiros na zona Sul de Teresina"},"content":{"rendered":"<div>\n<p>\n                                                <img decoding=\"async\" src=\"https:\/\/piauihoje.com\/uploads\/imagens\/dhpp-piaui-1642707442.jpg\" alt=\"DHPP\" style=\"width: 100% !important;\"\/>\n                                                <\/p>\n<p>\n                                                    <span>DHPP<\/span><br \/>\n                                                    <span>Foto: Internet<\/span>\n                                                <\/p>\n<p>Na madrugada deste s\u00e1bado (13), um jovem identificado como <strong>Douglas Silva da Concei\u00e7\u00e3o<\/strong>, de 19 anos, foi executado a tiros na avenida Canoinha, no bairro Cer\u00e2mica Cil, zona Sul de Teresina.<\/p>\n<p>De acordo com informa\u00e7\u00f5es da <strong>Pol\u00edcia Militar do Piau\u00ed<\/strong>, uma equipe foi acionada pelo Copom para atender uma ocorr\u00eancia de um suposto homic\u00eddio ocorrido no bairro Cer\u00e2mica Cil. Chegando no local, a Pol\u00edcia Militar constatou os fatos e isolou a \u00e1rea com o apoio da For\u00e7a T\u00e1tica.<\/p>\n<p>O <strong>Departamento de Homic\u00eddios e de Prote\u00e7\u00e3o \u00e0 Pessoa<\/strong> (DHPP), a Per\u00edcia Criminal e o Instituto M\u00e9dico Legal (IML) foram acionados. At\u00e9 o momento n\u00e3o h\u00e1 informa\u00e7\u00f5es sobre a autoria do crime.<\/p>\n<p>Informa\u00e7\u00f5es preliminares da per\u00edcia constataram v\u00e1rias perfura\u00e7\u00f5es a bala no corpo, bem como v\u00e1rias c\u00e1psulas deflagradas no interior da resid\u00eancia. Ap\u00f3s o t\u00e9rmino dos trabalhos per\u00edcias o corpo foi levado para o IML.<\/p>\n<p>O caso ser\u00e1 investigado pelo DHPP, que dever\u00e1 apurar as circunst\u00e2ncias do crime e identificar os respons\u00e1veis pelo homic\u00eddio de Douglas Silva da Concei\u00e7\u00e3o.<\/p>\n<\/p><\/div>\n","protected":false},"excerpt":{"rendered":"<p>DHPP Foto: Internet Na madrugada deste s\u00e1bado (13), um jovem identificado como Douglas Silva da Concei\u00e7\u00e3o, de 19 anos, foi executado a tiros na avenida Canoinha, no bairro Cer\u00e2mica Cil,&hellip; <\/p>\n","protected":false},"author":1,"featured_media":54744,"comment_status":"open","ping_status":"open","sticky":false,"template":"","format":"standard","meta":{"footnotes":""},"categories":[78],"tags":[],"class_list":["post-54743","post","type-post","status-publish","format-standard","has-post-thumbnail","hentry","category-teresina"],"_links":{"self":[{"href":"https:\/\/mpiaui.com.br\/antigo\/index.php?rest_route=\/wp\/v2\/posts\/54743","targetHints":{"allow":["GET"]}}],"collection":[{"href":"https:\/\/mpiaui.com.br\/antigo\/index.php?rest_route=\/wp\/v2\/posts"}],"about":[{"href":"https:\/\/mpiaui.com.br\/antigo\/index.php?rest_route=\/wp\/v2\/types\/post"}],"author":[{"embeddable":true,"href":"https:\/\/mpiaui.com.br\/antigo\/index.php?rest_route=\/wp\/v2\/users\/1"}],"replies":[{"embeddable":true,"href":"https:\/\/mpiaui.com.br\/antigo\/index.php?rest_route=%2Fwp%2Fv2%2Fcomments&post=54743"}],"version-history":[{"count":0,"href":"https:\/\/mpiaui.com.br\/antigo\/index.php?rest_route=\/wp\/v2\/posts\/54743\/revisions"}],"wp:featuredmedia":[{"embeddable":true,"href":"https:\/\/mpiaui.com.br\/antigo\/index.php?rest_route=\/wp\/v2\/media\/54744"}],"wp:attachment":[{"href":"https:\/\/mpiaui.com.br\/antigo\/index.php?rest_route=%2Fwp%2Fv2%2Fmedia&parent=54743"}],"wp:term":[{"taxonomy":"category","embeddable":true,"href":"https:\/\/mpiaui.com.br\/antigo\/index.php?rest_route=%2Fwp%2Fv2%2Fcategories&post=54743"},{"taxonomy":"post_tag","embeddable":true,"href":"https:\/\/mpiaui.com.br\/antigo\/index.php?rest_route=%2Fwp%2Fv2%2Ftags&post=54743"}],"curies":[{"name":"wp","href":"https:\/\/api.w.org\/{rel}","templated":true}]}}