{"id":54745,"date":"2023-05-13T18:51:10","date_gmt":"2023-05-13T21:51:10","guid":{"rendered":"https:\/\/mpiaui.com.br\/trabalho-serio-que-pouca-gente-conhece-afirma-alckmin-sobre-mst\/"},"modified":"2023-05-13T18:51:10","modified_gmt":"2023-05-13T21:51:10","slug":"trabalho-serio-que-pouca-gente-conhece-afirma-alckmin-sobre-mst","status":"publish","type":"post","link":"https:\/\/mpiaui.com.br\/antigo\/?p=54745","title":{"rendered":"Trabalho s\u00e9rio que pouca gente conhece, afirma Alckmin sobre MST"},"content":{"rendered":"<p><\/p>\n<div>\n<p>Ao visitar uma feira do Movimento dos Trabalhadores Rurais Sem Terra (MST), na cidade de S\u00e3o Paulo, o vice-presidente e ministro do Desenvolvimento, Ind\u00fastria, Com\u00e9rcio e Servi\u00e7os, Geraldo Alckmin, elogiou o trabalho feito nos acampamentos e assentamentos do movimento e sugeriu n\u00e3o ser papel da C\u00e2mara dos Deputados investigar invas\u00f5es de terra promovidas pelos sem terra, por meio uma Comiss\u00e3o Parlamentar de Inqu\u00e9rito (CPI).<\/p>\n<p>\u201cO governo do presidente Lula, todos n\u00f3s, defendemos a reforma agr\u00e1ria. Ela \u00e9 importante\u201d, declarou Alckmin a jornalistas presentes \u00e0 4\u00aa Feira Nacional da Reforma Agr\u00e1ria, que acontece at\u00e9 domingo (14), no Parque da \u00c1gua Branca, na capital paulista. \u201cAs pessoas t\u00eam a oportunidade de vir aqui, comprar produtos saud\u00e1veis e melhorar a renda de quem trabalha\u201d, elogiou Alckmin.<\/p>\n<p>Diferentemente do ministro do Desenvolvimento Agr\u00e1rio e Agricultura Familiar, <a href=\"https:\/\/agenciabrasil.ebc.com.br\/economia\/noticia\/2023-05\/governo-anunciara-programa-de-reforma-agraria-este-mes-diz-ministro\" target=\"_blank\" rel=\"noopener\">Paulo Teixeira, que subiu ao palco principal do evento e discursou ao lado de outros representantes do governo federal<\/a> e de lideran\u00e7as de movimentos sociais, o vice-presidente apenas circulou entre os <em>stands<\/em>, conferindo os produtos expostos e atendendo aos pedidos para tirar fotos com simpatizantes.<\/p>\n<p>\u201cEu sempre venho \u00e0s feiras [do MST]. A primeira vez foi em 2013, quando eu era governador. Havia uma resist\u00eancia quanto a eles [sem terra] usarem o Parque da \u00c1gua Branca. N\u00f3s autorizamos e eu vim\u201d, disse Alckmin, que quando governador de S\u00e3o Paulo chegou a dizer que apoiaria a reforma agr\u00e1ria no estado, mas n\u00e3o a invas\u00e3o de propriedades p\u00fablicas ou privadas.<\/p>\n<p>Ele acrescentou que a feira \u00e9 importante para mostrar o &#8220;trabalho que pouca gente conhece&#8221;. &#8220;Um trabalho s\u00e9rio&#8221;.<\/p>\n<h2>CPI<\/h2>\n<p>Atualmente, o vice-presidente negou que as ocupa\u00e7\u00f5es de terras que o MST promoveu em todo o pa\u00eds ao longo do m\u00eas passado tenha impactado as rela\u00e7\u00f5es do governo federal com o movimento. Ele tamb\u00e9m contestou a decis\u00e3o da C\u00e2mara dos Deputados de criar uma CPI para investigar o MST e as invas\u00f5es de terras no pa\u00eds.<\/p>\n<p>\u201cSou muito cauteloso com esta hist\u00f3ria de CPI. O trabalho do legislativo \u00e9 legiferante [ou seja, legislar], n\u00e3o policialesco. Sou muito cauteloso em rela\u00e7\u00e3o a qualquer CPI. Acho que j\u00e1 h\u00e1 muitos \u00f3rg\u00e3os de fiscaliza\u00e7\u00e3o: TCUs [tribunais de contas], MP [minist\u00e9rio p\u00fablico], Controladoria, Corregedoria. A fun\u00e7\u00e3o prec\u00edpua [dos deputados e senadores] \u00e9 legislar bem, aperfei\u00e7oar o modelo legislativo, aprofundar o debate de quest\u00f5es complexas como a reforma tribut\u00e1ria, que n\u00e3o \u00e9 uma situa\u00e7\u00e3o simples. Voc\u00ea tem que estudar, ouvir bastante. Ou a ancoragem fiscal, [sobre a qual \u00e9 preciso] aprofundar [a discuss\u00e3o], comparar como outros pa\u00edses fizeram, onde foi bem-sucedido\u201d, acrescentou Alckmin.<\/p>\n<p>Mais incisivo, o ministro Paulo Teixeira criticou a oposi\u00e7\u00e3o pela instala\u00e7\u00e3o da CPI. \u201cQuerem investigar o MST? Querem criar uma CPI para isso? Acho que v\u00e3o achar coisas interessantes. V\u00e3o ver que, ali [nos acampamentos e assentamentos do movimento], tem suco de uva que n\u00e3o tem trabalho escravo. V\u00e3o encontrar produtos que n\u00e3o t\u00eam agrot\u00f3xicos. V\u00e3o encontrar soja n\u00e3o transg\u00eanica\u201d, afirmou, referindo-se a alguns dos produtos produzidos pelo MST, maior produtor de arroz org\u00e2nico da Am\u00e9rica Latina, segundo o Instituto Riograndense de Arroz (Irga), autarquia subordinada \u00e0 secretaria estadual de Agricultura, Pecu\u00e1ria e Desenvolvimento Rural do Rio Grande do Sul.<\/p>\n<\/p><\/div>\n","protected":false},"excerpt":{"rendered":"<p>Ao visitar uma feira do Movimento dos Trabalhadores Rurais Sem Terra (MST), na cidade de S\u00e3o Paulo, o vice-presidente e ministro do Desenvolvimento, Ind\u00fastria, Com\u00e9rcio e Servi\u00e7os, Geraldo Alckmin, elogiou&hellip; <\/p>\n","protected":false},"author":1,"featured_media":51712,"comment_status":"open","ping_status":"open","sticky":false,"template":"","format":"standard","meta":{"footnotes":""},"categories":[802],"tags":[],"class_list":["post-54745","post","type-post","status-publish","format-standard","has-post-thumbnail","hentry","category-nacional"],"_links":{"self":[{"href":"https:\/\/mpiaui.com.br\/antigo\/index.php?rest_route=\/wp\/v2\/posts\/54745","targetHints":{"allow":["GET"]}}],"collection":[{"href":"https:\/\/mpiaui.com.br\/antigo\/index.php?rest_route=\/wp\/v2\/posts"}],"about":[{"href":"https:\/\/mpiaui.com.br\/antigo\/index.php?rest_route=\/wp\/v2\/types\/post"}],"author":[{"embeddable":true,"href":"https:\/\/mpiaui.com.br\/antigo\/index.php?rest_route=\/wp\/v2\/users\/1"}],"replies":[{"embeddable":true,"href":"https:\/\/mpiaui.com.br\/antigo\/index.php?rest_route=%2Fwp%2Fv2%2Fcomments&post=54745"}],"version-history":[{"count":0,"href":"https:\/\/mpiaui.com.br\/antigo\/index.php?rest_route=\/wp\/v2\/posts\/54745\/revisions"}],"wp:featuredmedia":[{"embeddable":true,"href":"https:\/\/mpiaui.com.br\/antigo\/index.php?rest_route=\/wp\/v2\/media\/51712"}],"wp:attachment":[{"href":"https:\/\/mpiaui.com.br\/antigo\/index.php?rest_route=%2Fwp%2Fv2%2Fmedia&parent=54745"}],"wp:term":[{"taxonomy":"category","embeddable":true,"href":"https:\/\/mpiaui.com.br\/antigo\/index.php?rest_route=%2Fwp%2Fv2%2Fcategories&post=54745"},{"taxonomy":"post_tag","embeddable":true,"href":"https:\/\/mpiaui.com.br\/antigo\/index.php?rest_route=%2Fwp%2Fv2%2Ftags&post=54745"}],"curies":[{"name":"wp","href":"https:\/\/api.w.org\/{rel}","templated":true}]}}