{"id":54756,"date":"2023-05-14T10:25:18","date_gmt":"2023-05-14T13:25:18","guid":{"rendered":"https:\/\/mpiaui.com.br\/pm-prende-homem-suspeito-de-porte-ilegal-de-arma-no-dirceu-1\/"},"modified":"2023-05-14T10:25:18","modified_gmt":"2023-05-14T13:25:18","slug":"pm-prende-homem-suspeito-de-porte-ilegal-de-arma-no-dirceu-1","status":"publish","type":"post","link":"https:\/\/mpiaui.com.br\/antigo\/?p=54756","title":{"rendered":"PM prende homem suspeito de porte ilegal de arma no Dirceu 1"},"content":{"rendered":"<div>\n<p>\n                                                <img decoding=\"async\" src=\"https:\/\/piauihoje.com\/uploads\/imagens\/whatsapp-image-2023-05-14-at-09-00-02-1684069398.jpeg\" alt=\"FOTO: REPRODU\u00c7\u00c3O\" style=\"width: 100% !important;\"\/>\n                                                <\/p>\n<p>\n                                                    <span>FOTO: REPRODU\u00c7\u00c3O<\/span><br \/>\n                                                    <span>Foto: <\/span>\n                                                <\/p>\n<p>Na manh\u00e3 deste domingo (14), um homem identificado pelas iniciais L.R.D.S foi abordado por uma equipe da For\u00e7a T\u00e1tica no bairro Dirceu, zona sudeste de Teresina ap\u00f3s apresentar um comportamento suspeito.<\/p>\n<p>Os policiais encontraram com o homem 1 arma de fogo, calibre 38, marca Taurus N11 99934, al\u00e9m de 6 muni\u00e7\u00f5es intactas. Ap\u00f3s a abordagem, o homem foi detido e encaminhado a Central de Flagrantes para a realiza\u00e7\u00e3o dos procedimentos judici\u00e1rios. \u00a0\u00a0<img decoding=\"async\" src=\"https:\/\/piauihoje.com\/uploads\/editor\/whatsapp-image-2023-05-14-at-09_67ce463468b42e7905d9593f226abbf851ddaa8b.jpeg\" style=\"width: 640px;\" class=\"fr-fic fr-dib\"\/><\/p>\n<p>No Brasil, o crime de posse ilegal de arma est\u00e1 previsto no artigo 14 do Estatuto do Desarmamento e \u00e9 inafian\u00e7\u00e1vel, al\u00e9m de prever pena de 2 a 4 anos de reclus\u00e3o e multa. \u00a0<\/p>\n<\/p><\/div>\n","protected":false},"excerpt":{"rendered":"<p>FOTO: REPRODU\u00c7\u00c3O Foto: Na manh\u00e3 deste domingo (14), um homem identificado pelas iniciais L.R.D.S foi abordado por uma equipe da For\u00e7a T\u00e1tica no bairro Dirceu, zona sudeste de Teresina ap\u00f3s&hellip; <\/p>\n","protected":false},"author":1,"featured_media":54757,"comment_status":"open","ping_status":"open","sticky":false,"template":"","format":"standard","meta":{"footnotes":""},"categories":[78],"tags":[],"class_list":["post-54756","post","type-post","status-publish","format-standard","has-post-thumbnail","hentry","category-teresina"],"_links":{"self":[{"href":"https:\/\/mpiaui.com.br\/antigo\/index.php?rest_route=\/wp\/v2\/posts\/54756","targetHints":{"allow":["GET"]}}],"collection":[{"href":"https:\/\/mpiaui.com.br\/antigo\/index.php?rest_route=\/wp\/v2\/posts"}],"about":[{"href":"https:\/\/mpiaui.com.br\/antigo\/index.php?rest_route=\/wp\/v2\/types\/post"}],"author":[{"embeddable":true,"href":"https:\/\/mpiaui.com.br\/antigo\/index.php?rest_route=\/wp\/v2\/users\/1"}],"replies":[{"embeddable":true,"href":"https:\/\/mpiaui.com.br\/antigo\/index.php?rest_route=%2Fwp%2Fv2%2Fcomments&post=54756"}],"version-history":[{"count":0,"href":"https:\/\/mpiaui.com.br\/antigo\/index.php?rest_route=\/wp\/v2\/posts\/54756\/revisions"}],"wp:featuredmedia":[{"embeddable":true,"href":"https:\/\/mpiaui.com.br\/antigo\/index.php?rest_route=\/wp\/v2\/media\/54757"}],"wp:attachment":[{"href":"https:\/\/mpiaui.com.br\/antigo\/index.php?rest_route=%2Fwp%2Fv2%2Fmedia&parent=54756"}],"wp:term":[{"taxonomy":"category","embeddable":true,"href":"https:\/\/mpiaui.com.br\/antigo\/index.php?rest_route=%2Fwp%2Fv2%2Fcategories&post=54756"},{"taxonomy":"post_tag","embeddable":true,"href":"https:\/\/mpiaui.com.br\/antigo\/index.php?rest_route=%2Fwp%2Fv2%2Ftags&post=54756"}],"curies":[{"name":"wp","href":"https:\/\/api.w.org\/{rel}","templated":true}]}}