{"id":54762,"date":"2023-05-14T13:36:29","date_gmt":"2023-05-14T16:36:29","guid":{"rendered":"https:\/\/mpiaui.com.br\/hoje-e-dia-lembra-o-dia-das-maes-e-fala-sobre-a-maternidade\/"},"modified":"2023-05-14T13:36:29","modified_gmt":"2023-05-14T16:36:29","slug":"hoje-e-dia-lembra-o-dia-das-maes-e-fala-sobre-a-maternidade","status":"publish","type":"post","link":"https:\/\/mpiaui.com.br\/antigo\/?p=54762","title":{"rendered":"Hoje \u00e9 Dia lembra o Dia das M\u00e3es e fala sobre a maternidade"},"content":{"rendered":"<p><\/p>\n<div>\n<p>As m\u00e3es t\u00eam um dia para chamar de seu no calend\u00e1rio brasileiro: \u00e9 o segundo domingo de maio, que, neste ano, cai no dia 14. Uma pesquisa do Instituto Data Popular, de 2015, estimou que <strong><a href=\"https:\/\/agenciabrasil.ebc.com.br\/geral\/noticia\/2015-05\/brasil-tem-mais-de-20-milhoes-de-maes-solteiras-aponta-pesquisa\" target=\"_blank\" rel=\"noopener\">67 milh\u00f5es de mulheres do Brasil t\u00eam filhos<\/a><\/strong>. O <strong>Hoje \u00e9 Dia<\/strong> come\u00e7a a semana resgatando, dos arquivos da <strong>Empresa Brasil de Comunica\u00e7\u00e3o (EBC)<\/strong>, conte\u00fados que falam sobre o universo da maternidade.<\/p>\n<p>Quest\u00f5es como <a href=\"https:\/\/agenciabrasil.ebc.com.br\/radioagencia-nacional\/saude\/audio\/2022-05\/maio-furta-cor-quer-chamar-atencao-para-saude-mental-materna\" target=\"_blank\" rel=\"noopener\"><strong>sa\u00fade mental materna<\/strong><\/a>, <strong><a href=\"https:\/\/radios.ebc.com.br\/tema-livre\/edicao\/2017-03\/editando-maternidade-na-adolescencia\" target=\"_blank\" rel=\"noopener\">maternidade na adolesc\u00eancia<\/a><\/strong>, <a href=\"https:\/\/agenciabrasil.ebc.com.br\/geral\/noticia\/2017-05\/de-casa-para-o-trabalho-como-dupla-jornada-afeta-vida-das-maes\" target=\"_blank\" rel=\"noopener\"><strong>dupla jornada<\/strong><\/a>,\u00a0<strong><a href=\"https:\/\/www.youtube.com\/watch?v=so515xc2ST8\" target=\"_blank\" rel=\"noopener\">maternidade tardia<\/a><\/strong>, <strong><a href=\"https:\/\/radios.ebc.com.br\/tarde-nacional-amazonia\/2022\/05\/maternidade-atipica-e-tema-do-tarde-nacional\" target=\"_blank\" rel=\"noopener\">maternidade a<\/a><\/strong><a href=\"https:\/\/radios.ebc.com.br\/tarde-nacional-amazonia\/2022\/05\/maternidade-atipica-e-tema-do-tarde-nacional\" target=\"_blank\" rel=\"noopener\"><strong>t\u00edpica<\/strong><\/a>, <strong><a href=\"https:\/\/agenciabrasil.ebc.com.br\/geral\/noticia\/2022-05\/no-dia-das-maes-mulheres-falam-sobre-adocao-monoparental-no-brasil\" target=\"_blank\" rel=\"noopener\">mulheres que partem para a ado\u00e7\u00e3o monoparental<\/a><\/strong>, <strong><a href=\"https:\/\/tvbrasil.ebc.com.br\/saiba-mais\/2019\/08\/amamentacao-e-pauta-do-saiba-mais\" target=\"_blank\" rel=\"noopener\">amamenta\u00e7\u00e3o<\/a><\/strong>, <strong><a href=\"https:\/\/agenciabrasil.ebc.com.br\/radioagencia-nacional\/saude\/audio\/2023-01\/puerperio-fase-traz-mudancas-para-mulheres-no-pos-parto\" target=\"_blank\" rel=\"noopener\">puerp\u00e9rio<\/a><\/strong>, <a href=\"https:\/\/memoria.ebc.com.br\/noticias\/colaborativo\/2013\/03\/direitos-legais-sao-desrespeitados-nas-maternidades\" target=\"_blank\" rel=\"noopener\"><strong>direitos femininos na hora do parto<\/strong><\/a>, <strong><a href=\"https:\/\/agenciabrasil.ebc.com.br\/geral\/noticia\/2017-05\/maes-deixam-mercado-de-trabalho-cinco-vezes-mais-que-pais\" target=\"_blank\" rel=\"noopener\">m\u00e3es no mercado de trabalho<\/a><\/strong>, <strong><a href=\"https:\/\/www.youtube.com\/watch?v=bZcsGC33g5A&amp;t=376s\" target=\"_blank\" rel=\"noopener\">morte materna<\/a><\/strong>\u00a0e <strong><a href=\"https:\/\/memoria.ebc.com.br\/infantil\/para-pais\/2016\/02\/lado-negativo-da-maternidade-ainda-e-tabu-afirma-psicologa-0\" target=\"_blank\" rel=\"noopener\">desconstru\u00e7\u00e3o\u00a0sobre a idealiza\u00e7\u00e3o da\u00a0maternidade<\/a>\u00a0<\/strong>j\u00e1 foram abordados pela <strong>Ag\u00eancia Brasil, Portal EBC, R\u00e1dio Nacional <\/strong>e<strong> TV Brasil<\/strong>. O programa<em> Entre o C\u00e9u e a Terra<\/em>, da<strong> TV Brasil<\/strong>, apresentou como a figura da m\u00e3e \u00e9 vista por diferentes religi\u00f5es e mitologias:<\/p>\n<p class=\"embed-responsive embed-responsive-16by9\" style=\"margin: 10px\"><iframe loading=\"lazy\" title=\"Entre o C\u00e9u e a Terra - Maternidade\" width=\"1110\" height=\"624\" src=\"https:\/\/www.youtube.com\/embed\/UlR4gL2mPaE?feature=oembed\" frameborder=\"0\" allow=\"accelerometer; autoplay; clipboard-write; encrypted-media; gyroscope; picture-in-picture; web-share\" allowfullscreen><\/iframe><\/p>\n<p>Mas houve um tempo em que as mulheres gr\u00e1vidas n\u00e3o eram vistas com defer\u00eancia, muito menos exaltadas pela for\u00e7a do corpo feminino de gerar e parir: at\u00e9 o in\u00edcio do s\u00e9culo 20, as gestantes eram tratadas como doentes e a gravidez n\u00e3o era falada em p\u00fablico. \u00c9 o que conta o epis\u00f3dio sobre maternidade do programa <em>Na Trilha da Hist\u00f3ria<\/em>, da <strong>R\u00e1dio Nacional<\/strong>. A historiadora Mary Del Priore, que escreveu um livro sobre a hist\u00f3ria da mulher no Brasil, detalha como o entendimento da sociedade sobre gesta\u00e7\u00e3o, parto, amamenta\u00e7\u00e3o, exerc\u00edcio da maternidade e cria\u00e7\u00e3o dos filhos mudou ao longo dos s\u00e9culos:<\/p>\n<h2>A Voz se cala<\/h2>\n<p>Neste domingo (14), ser\u00e3o 25 anos da morte de Frank Sinatra. Ele morreu no ano de 1998, v\u00edtima de um ataque card\u00edaco. Os n\u00fameros da carreira de Frank Sinatra mostram o tamanho dele para a m\u00fasica mundial: 13 <em>Grammys<\/em>, mais de 500 milh\u00f5es de discos vendidos, 31 Discos de Ouro, 18 de platina, 1.800 grava\u00e7\u00f5es, estrela de mais de 50 filmes e 170 mil pessoas no show do Maracan\u00e3, apresenta\u00e7\u00e3o que o colocou no Livro dos Recordes.<\/p>\n<p>O <strong>Hoje \u00e9 Dia<\/strong> traz tr\u00eas programas especiais sobre Sinatra, que ficou conhecido como <em>The Voice<\/em> (a voz, em tradu\u00e7\u00e3o livre): o <em>Momento Tr\u00eas<\/em>, da <strong>R\u00e1dio Nacional<\/strong>, reconstr\u00f3i a trajet\u00f3ria do\u00a0artista, apresentando tr\u00eas can\u00e7\u00f5es ic\u00f4nicas do repert\u00f3rio dele: <em>Night and day, I&#8217;ve got you under my skin<\/em> e <em>\u00c1gua de beber<\/em>, do \u00e1lbum que gravou com o brasileiro Tom Jobim:<\/p>\n<p>J\u00e1 nesta edi\u00e7\u00e3o do <em>Saudades do S\u00e9culo 20<\/em>, da <strong>R\u00e1dio MEC<\/strong>, Ruy Castro se debru\u00e7a sobre o apogeu de Sinatra\u00a0&#8211; que, para Castro, &#8220;foi o maior de todos; aquele que dispensa apresenta\u00e7\u00f5es&#8221;:<\/p>\n<p>Por fim, o <em>Jazz Livre!<\/em> explora a vertente &#8220;jazz\u00edstica&#8221; de Sinatra, que, com dic\u00e7\u00e3o impec\u00e1vel, dom\u00ednio instintivo do fraseado e um <em>swing <\/em>natural, colocou diversos trabalhos na gaveta do jazz:<\/p>\n<p>Quinze de maio \u00e9 o Dia Internacional da Fam\u00edlia, uma data estabelecida pela Organiza\u00e7\u00e3o das Na\u00e7\u00f5es Unidas (ONU). E fam\u00edlia \u00e9 o tema da obra <em>O arroz de palma<\/em>, de Francisco Azevedo: o texto <em>Fam\u00edlia \u00e9 prato dif\u00edcil de preparar<\/em>, que est\u00e1 no primeiro cap\u00edtulo do livro, ganhou propor\u00e7\u00f5es virais na internet, e at\u00e9 hoje provoca reflex\u00f5es sobre o que \u00e9 fam\u00edlia. Ou\u00e7a o que diz o autor neste epis\u00f3dio do <em>Trilha de Letras<\/em>, da<strong> R\u00e1dio MEC<\/strong>:<\/p>\n<p>O <em>\u00c9 Tudo Brasil,<\/em> da <strong>R\u00e1dio Nacional,<\/strong> tamb\u00e9m dedicou um epis\u00f3dio \u00e0s fam\u00edlias: no caso, as fam\u00edlias do universo musical. O programa traz uma conversa com os Gilsons, banda formada por Jos\u00e9, Francisco e Jo\u00e3o, respectivamente filho e netos de Gilberto Gil. Al\u00e9m disso, a trilha sonora est\u00e1 repleta de m\u00fasicas cantadas por artistas de uma mesma fam\u00edlia:<\/p>\n<h2>Causas da sociedade<\/h2>\n<p>Na quarta-feira (17), a causa lembrada \u00e9 a do combate \u00e0 homofobia, transfobia e bifobia. Em 17 de maio de 1990, a Organiza\u00e7\u00e3o Mundial da Sa\u00fade (OMS) suprimiu a homossexualidade como doen\u00e7a mental da lista de patologias do Manual de Diagn\u00f3stico e Estat\u00edstica de Desordens Mentais. Em 2015, o <em>Caminhos da Reportagem<\/em>, da <strong>TV Brasil<\/strong>, falou sobre casos em que a orienta\u00e7\u00e3o sexual das v\u00edtimas motivou viol\u00eancia e sobre a intoler\u00e2ncia que a popula\u00e7\u00e3o LGBTQIA+ ainda enfrenta:<\/p>\n<p class=\"embed-responsive embed-responsive-16by9\" style=\"margin: 10px\"><iframe loading=\"lazy\" title=\"Caminhos da Reportagem | Homofobia, at\u00e9 quando?\" width=\"1110\" height=\"624\" src=\"https:\/\/www.youtube.com\/embed\/gNgNUF8Hjvs?feature=oembed\" frameborder=\"0\" allow=\"accelerometer; autoplay; clipboard-write; encrypted-media; gyroscope; picture-in-picture; web-share\" allowfullscreen><\/iframe><\/p>\n<p>Outras duas datas da semana, ambas no dia 18 de maio, surgiram da mobiliza\u00e7\u00e3o para enfrentar problemas da sociedade brasileira: o <strong><a href=\"https:\/\/agenciabrasil.ebc.com.br\/direitos-humanos\/noticia\/2021-05\/abuso-sexual-infantil-como-identificar-prevenir-e-combater\" target=\"_blank\" rel=\"noopener\">Dia Nacional de Combate ao Abuso e Explora\u00e7\u00e3o Sexual de Crian\u00e7as e Adolescentes<\/a><\/strong>\u00a0e o <strong><a href=\"https:\/\/radios.ebc.com.br\/bate-papo-ponto-com\/edicao\/2015-06\/conheca-o-movimento-da-luta-antimanicomial\" target=\"_blank\" rel=\"noopener\">Dia Nacional da Luta Antimanicomial<\/a><\/strong>. No ano passado, <strong><a href=\"https:\/\/agenciabrasil.ebc.com.br\/saude\/noticia\/2022-05\/hoje-e-dia-semana-traz-reflexao-sobre-a-luta-antimanicomial\" target=\"_blank\" rel=\"noopener\">o <\/a><em><a href=\"https:\/\/agenciabrasil.ebc.com.br\/saude\/noticia\/2022-05\/hoje-e-dia-semana-traz-reflexao-sobre-a-luta-antimanicomial\" target=\"_blank\" rel=\"noopener\">Hoje \u00e9 Dia<\/a><\/em><a href=\"https:\/\/agenciabrasil.ebc.com.br\/saude\/noticia\/2022-05\/hoje-e-dia-semana-traz-reflexao-sobre-a-luta-antimanicomial\" target=\"_blank\" rel=\"noopener\"><strong> <\/strong>explicou as origens\u00a0das datas<\/a>.<\/strong><\/p>\n<p>A campanha pelo fim do abuso e explora\u00e7\u00e3o sexual de crian\u00e7as e adolescentes ganhou nome, cor e se estende ao longo de todo o m\u00eas: \u00e9 o Maio Laranja. J\u00e1 um pouco da hist\u00f3ria da luta por mudan\u00e7as na forma de assistir pessoas com transtornos mentais foi contada neste epis\u00f3dio do <em>Na Trilha da Hist\u00f3ria<\/em>, da <strong>R\u00e1dio Nacional<\/strong>:<\/p>\n<h2>\u00a0<\/h2>\n<h2>Confira a lista semanal* do <strong>Hoje \u00e9 Dia <\/strong>com datas, fatos hist\u00f3ricos e feriados:<\/p>\n<\/h2>\n<div class=\"cmpTable tcols-2\">\n<p>14 a 20 de maio de 2023<\/p>\n<p>14<\/p>\n<div class=\"cmpTableCell cmpTopics\">\n<p>Morte do cantor e ator estadunidense Frank Sinatra (25 anos)<\/p>\n<p>Morte do empres\u00e1rio carioca Oct\u00e1vio Guinle (55 anos) &#8211; fundador do hotel Copacabana Palace<\/p>\n<p>Independ\u00eancia de Israel (75 anos)<\/p>\n<p>Dia das M\u00e3es<\/p>\n<\/div>\n<p>15<\/p>\n<div class=\"cmpTableCell cmpTopics\">\n<p>San\u00e7\u00e3o do Estatuto do Torcedor pelo presidente Lu\u00eds In\u00e1cio Lula da Silva (20 anos)<\/p>\n<p>Dia Internacional da Latinidade &#8211; comemora\u00e7\u00e3o de pa\u00edses latinos, institu\u00edda por representantes de 36 pa\u00edses latinos, com o fim de preservar as diferentes identidades nacionais e suas comunidades ling\u00fc\u00edsticas e culturais<\/p>\n<p>Dia Internacional da Fam\u00edlia &#8211; a celebra\u00e7\u00e3o do dia visa destacar a import\u00e2ncia da fam\u00edlia na estrutura do n\u00facleo familiar e o seu relevo na base da educa\u00e7\u00e3o infantil; refor\u00e7ar a mensagem de uni\u00e3o, amor, respeito e compreens\u00e3o necess\u00e1rias para o bom relacionamento de todos os elementos que comp\u00f5em a fam\u00edlia; chamar a aten\u00e7\u00e3o da popula\u00e7\u00e3o para a import\u00e2ncia da fam\u00edlia como n\u00facleo vital da sociedade e para seus direitos e responsabilidades; sensibilizar e promover o conhecimento relacionado com as quest\u00f5es sociais, econ\u00f3micas e demogr\u00e1ficas que afetam a fam\u00edlia<\/p>\n<\/div>\n<p>16<\/p>\n<div class=\"cmpTableCell cmpTopics\">\n<p>Morte da violonista fluminense Mariuccia Iacovino (15 anos)<\/p>\n<\/div>\n<p>17<\/p>\n<div class=\"cmpTableCell cmpTopics\">\n<p>Morte da escritora paulista Z\u00e9lia Gattai Amado (15 anos)<\/p>\n<p>Dia Internacional Contra a Homofobia, a Transfobia e a Bifobia &#8211; celebra\u00e7\u00e3o para marcar a data de 17 de maio de 1990, em que a Organiza\u00e7\u00e3o Mundial de Sa\u00fade decidiu suprimir a homossexualidade como doen\u00e7a mental da lista de patologias registradas no Manual de diagn\u00f3stico e Estat\u00edstica de Desordens Mentais<\/p>\n<p>Dia Mundial das Telecomunica\u00e7\u00f5es e da Sociedade da Informa\u00e7\u00e3o, conhecido popularmente como Dia Mundial da Internet &#8211; institu\u00edda em 17 de maio de 2005 numa assembl\u00e9ia Geral da ONU na Tun\u00edsia, com o fim de destacar as possibilidades oferecidas pelas novas tecnologias para melhorar o padr\u00e3o de vida dos povos e dos cidad\u00e3os<\/p>\n<\/div>\n<p>18<\/p>\n<div class=\"cmpTableCell cmpTopics\">\n<p>Nascimento do militar mato-grossense e ex-presidente do Brasil Eurico Gaspar Dutra (140 anos)<\/p>\n<p>Dia Internacional dos Museus &#8211; comemora\u00e7\u00e3o institu\u00edda em 1971 pelo Comit\u00ea Internacional de Museus, com o fim de sensibilizar o p\u00fablico para a import\u00e2ncia dos museus em nossa sociedade atual<\/p>\n<p>Dia Nacional de Combate ao Abuso e Explora\u00e7\u00e3o Sexual de Crian\u00e7as e Adolescentes &#8211; comemorado no Brasil, conforme Lei N\u00ba 9.970 de 17 de maio de 2000, para marcar a data da morte da menina brasileira de oito anos, Aracelli Cabrera Sanches Crespo, que desapareceu da escola onde estudava e que foi violentada e assassinada de forma hedionda na cidade brasileira de Vit\u00f3ria-ES em 18 de maio de 1973<\/p>\n<p>Dia Nacional da Luta Antimanicomial &#8211; comemora\u00e7\u00e3o do Brasil, que est\u00e1 oficializada por Lei em algumas cidades brasileiras, para marcar a data da elabora\u00e7\u00e3o do documento final da &#8220;1\u00aa Confer\u00eancia Nacional de Sa\u00fade Mental&#8221; no Brasil, ocorrida em 18 de maio de 1987, que ent\u00e3o propunha a reformula\u00e7\u00e3o do modelo assistencial em sa\u00fade mental para os brasileiros<\/p>\n<\/div>\n<p>20<\/p>\n<div class=\"cmpTableCell cmpTopics\">\n<p>Nascimento do cineasta cearense Luiz Carlos Barreto (95 anos) &#8211; produtor de v\u00e1rios filmes nacionais<\/p>\n<p>Patenteamento do jeans por Levi Strauss e Jacob Davis (150 anos)<\/p>\n<\/div>\n<\/div>\n<p><em>*As datas s\u00e3o selecionadas pela equipe de pesquisadores do Projeto Efem\u00e9rides, da Ger\u00eancia de Acervo da <strong>Empresa Brasil de Comunica\u00e7\u00e3o (EBC)<\/strong>, que traz temas relacionados \u00e0 cultura, hist\u00f3ria, ci\u00eancia e personalidades, sempre ressaltando marcos nacionais e regionais. A Ger\u00eancia de Acervo tamb\u00e9m atende aos pedidos de pesquisa do p\u00fablico externo. Basta enviar um e-mail para <a href=\"https:\/\/agenciabrasil.ebc.com.br\/geral\/noticia\/2023-05\/mailto:centraldepesquisas@ebc.com.br\">centraldepesquisas@ebc.com.br<\/a>.<\/em><\/p>\n<\/p><\/div>\n","protected":false},"excerpt":{"rendered":"<p>As m\u00e3es t\u00eam um dia para chamar de seu no calend\u00e1rio brasileiro: \u00e9 o segundo domingo de maio, que, neste ano, cai no dia 14. Uma pesquisa do Instituto Data&hellip; <\/p>\n","protected":false},"author":1,"featured_media":54763,"comment_status":"open","ping_status":"open","sticky":false,"template":"","format":"standard","meta":{"footnotes":""},"categories":[802],"tags":[],"class_list":["post-54762","post","type-post","status-publish","format-standard","has-post-thumbnail","hentry","category-nacional"],"_links":{"self":[{"href":"https:\/\/mpiaui.com.br\/antigo\/index.php?rest_route=\/wp\/v2\/posts\/54762","targetHints":{"allow":["GET"]}}],"collection":[{"href":"https:\/\/mpiaui.com.br\/antigo\/index.php?rest_route=\/wp\/v2\/posts"}],"about":[{"href":"https:\/\/mpiaui.com.br\/antigo\/index.php?rest_route=\/wp\/v2\/types\/post"}],"author":[{"embeddable":true,"href":"https:\/\/mpiaui.com.br\/antigo\/index.php?rest_route=\/wp\/v2\/users\/1"}],"replies":[{"embeddable":true,"href":"https:\/\/mpiaui.com.br\/antigo\/index.php?rest_route=%2Fwp%2Fv2%2Fcomments&post=54762"}],"version-history":[{"count":0,"href":"https:\/\/mpiaui.com.br\/antigo\/index.php?rest_route=\/wp\/v2\/posts\/54762\/revisions"}],"wp:featuredmedia":[{"embeddable":true,"href":"https:\/\/mpiaui.com.br\/antigo\/index.php?rest_route=\/wp\/v2\/media\/54763"}],"wp:attachment":[{"href":"https:\/\/mpiaui.com.br\/antigo\/index.php?rest_route=%2Fwp%2Fv2%2Fmedia&parent=54762"}],"wp:term":[{"taxonomy":"category","embeddable":true,"href":"https:\/\/mpiaui.com.br\/antigo\/index.php?rest_route=%2Fwp%2Fv2%2Fcategories&post=54762"},{"taxonomy":"post_tag","embeddable":true,"href":"https:\/\/mpiaui.com.br\/antigo\/index.php?rest_route=%2Fwp%2Fv2%2Ftags&post=54762"}],"curies":[{"name":"wp","href":"https:\/\/api.w.org\/{rel}","templated":true}]}}