{"id":54764,"date":"2023-05-14T14:20:10","date_gmt":"2023-05-14T17:20:10","guid":{"rendered":"https:\/\/mpiaui.com.br\/policial-civil-mata-quatro-colegas-em-delegacia-de-camocim-no-ceara\/"},"modified":"2023-05-14T14:20:10","modified_gmt":"2023-05-14T17:20:10","slug":"policial-civil-mata-quatro-colegas-em-delegacia-de-camocim-no-ceara","status":"publish","type":"post","link":"https:\/\/mpiaui.com.br\/antigo\/?p=54764","title":{"rendered":"Policial civil mata quatro colegas em delegacia de Camocim, no Cear\u00e1"},"content":{"rendered":"<p><\/p>\n<div>\n<p>Quatro policiais civis foram assassinados a tiros na Delegacia Regional de Camocim, cidade do interior cearense. Eles foram surpreendidos por um colega que estava de folga e chegou ao local j\u00e1 atirando. A chacina aconteceu na\u00a0madrugada deste domingo (14).<\/p>\n<p>Em sua p\u00e1gina no Twitter, o governador do Cear\u00e1, Elmano de Freitas (PT), lamentou as mortes dos policiais.<\/p>\n<p>&#8220;Estou absolutamente consternado diante do tr\u00e1gico epis\u00f3dio ocorrido na delegacia de Camocim, quando quatro policiais civis perderam a vida ap\u00f3s ataque de um colega, segundo registro policial. Manifesto a minha solidariedade \u00e0s fam\u00edlias, amigos e profissionais da Seguran\u00e7a P\u00fablica do estado. O governo do Cear\u00e1 dar\u00e1 todo o apoio necess\u00e1rio aos familiares das v\u00edtimas&#8221;, escreveu o governador.<\/p>\n<p>Em nota, a Secretaria da Seguran\u00e7a P\u00fablica e Defesa Social do Cear\u00e1 e seus \u00f3rg\u00e3os vinculados, em especial a Pol\u00edcia Civil do estado (PC-CE), lamentaram a trag\u00e9dia, que vitimou mortalmente os escriv\u00e3es Ant\u00f4nio Cl\u00e1udio dos Santos, Ant\u00f4nio Jos\u00e9 Rodrigues Miranda e Francisco dos Santos Pereira e o inspetor Gabriel de Souza Ferreira. \u201cO suspeito, tamb\u00e9m policial civil, foi preso. A ocorr\u00eancia est\u00e1 em andamento. O local est\u00e1 isolado e passa por per\u00edcia\u201d, diz a nota.<\/p>\n<p>A secretaria reconheceu os servi\u00e7os prestados \u00e0 sociedade cearense pelos policiais assassinados e colocou \u00e0 disposi\u00e7\u00e3o dos familiares e amigos das v\u00edtimas \u201ctodo o aparato das institui\u00e7\u00f5es\u201d.<\/p>\n<p>O motivo do crime est\u00e1 sendo investigado. O autor dos assassinatos se entregou no quartel da Pol\u00edcia Militar, onde permanece preso e dever\u00e1 prestar depoimento \u00e0s autoridades.<\/p>\n<\/p><\/div>\n","protected":false},"excerpt":{"rendered":"<p>Quatro policiais civis foram assassinados a tiros na Delegacia Regional de Camocim, cidade do interior cearense. Eles foram surpreendidos por um colega que estava de folga e chegou ao local&hellip; <\/p>\n","protected":false},"author":1,"featured_media":51712,"comment_status":"open","ping_status":"open","sticky":false,"template":"","format":"standard","meta":{"footnotes":""},"categories":[802],"tags":[],"class_list":["post-54764","post","type-post","status-publish","format-standard","has-post-thumbnail","hentry","category-nacional"],"_links":{"self":[{"href":"https:\/\/mpiaui.com.br\/antigo\/index.php?rest_route=\/wp\/v2\/posts\/54764","targetHints":{"allow":["GET"]}}],"collection":[{"href":"https:\/\/mpiaui.com.br\/antigo\/index.php?rest_route=\/wp\/v2\/posts"}],"about":[{"href":"https:\/\/mpiaui.com.br\/antigo\/index.php?rest_route=\/wp\/v2\/types\/post"}],"author":[{"embeddable":true,"href":"https:\/\/mpiaui.com.br\/antigo\/index.php?rest_route=\/wp\/v2\/users\/1"}],"replies":[{"embeddable":true,"href":"https:\/\/mpiaui.com.br\/antigo\/index.php?rest_route=%2Fwp%2Fv2%2Fcomments&post=54764"}],"version-history":[{"count":0,"href":"https:\/\/mpiaui.com.br\/antigo\/index.php?rest_route=\/wp\/v2\/posts\/54764\/revisions"}],"wp:featuredmedia":[{"embeddable":true,"href":"https:\/\/mpiaui.com.br\/antigo\/index.php?rest_route=\/wp\/v2\/media\/51712"}],"wp:attachment":[{"href":"https:\/\/mpiaui.com.br\/antigo\/index.php?rest_route=%2Fwp%2Fv2%2Fmedia&parent=54764"}],"wp:term":[{"taxonomy":"category","embeddable":true,"href":"https:\/\/mpiaui.com.br\/antigo\/index.php?rest_route=%2Fwp%2Fv2%2Fcategories&post=54764"},{"taxonomy":"post_tag","embeddable":true,"href":"https:\/\/mpiaui.com.br\/antigo\/index.php?rest_route=%2Fwp%2Fv2%2Ftags&post=54764"}],"curies":[{"name":"wp","href":"https:\/\/api.w.org\/{rel}","templated":true}]}}