{"id":54847,"date":"2023-05-14T20:44:31","date_gmt":"2023-05-14T23:44:31","guid":{"rendered":"https:\/\/mpiaui.com.br\/policial-civil-mata-quatro-colegas-de-trabalho-em-delegacia-de-camocim-no-ceara\/"},"modified":"2023-05-14T20:44:31","modified_gmt":"2023-05-14T23:44:31","slug":"policial-civil-mata-quatro-colegas-de-trabalho-em-delegacia-de-camocim-no-ceara","status":"publish","type":"post","link":"https:\/\/mpiaui.com.br\/antigo\/?p=54847","title":{"rendered":"Policial civil mata quatro colegas de trabalho em delegacia de Camocim, no Cear\u00e1"},"content":{"rendered":"<p><\/p>\n<div id=\"post-body-8839689312990909478\" itemprop=\"description articleBody\">\n<div class=\"separator\" style=\"clear: both; text-align: center;\"><span style=\"font-family: verdana; margin-left: 1em; margin-right: 1em;\"><img loading=\"lazy\" decoding=\"async\" height=\"640\" src=\"https:\/\/www.maispb.com.br\/wp-content\/uploads\/2023\/05\/policia-camocim-800x800.png\" width=\"640\"\/><\/span><\/div>\n<p><span style=\"font-family: verdana;\"><b>\u00a0 \u00a0 \u00a0 \u00a0 \u00a0 \u00a0 \u00a0 \u00a0 \u00a0 \u00a0 \u00a0 \u00a0 \u00a0 \u00a0 \u00a0 \u00a0 \u00a0 \u00a0 \u00a0 \u00a0Foto: Reprodu\u00e7\u00e3o\/Redes Sociais<\/b><\/span><\/p>\n<p><span style=\"font-family: verdana;\">Na madrugada deste domingo (14), um policial civil identificado como Dourado, inspetor da Civil, matou quatro colegas de trabalho na Delegacia Regional de Pol\u00edcia Civil de Camocim, cidade do Norte do Cear\u00e1. As v\u00edtimas eram tr\u00eas escriv\u00e3es e um inspetor.<\/span><\/p>\n<div class=\"separator\" style=\"clear: both; text-align: center;\"><span style=\"font-family: verdana; margin-left: 1em; margin-right: 1em;\"><img loading=\"lazy\" decoding=\"async\" border=\"0\" height=\"436\" src=\"https:\/\/blogger.googleusercontent.com\/img\/b\/R29vZ2xl\/AVvXsEh7x20gf_ybfZLZ9ll4DnBTU-3X0N5DkUrtHywToiUQUUTP0g-AnVaIi-036MJpNXwNRh6NcW8hk13PFPZhIplnqDpJtcfXwazIazRCzFTjNM2V2QXopDh1M6F8_0mVJQJbpuZVmQGE3d0MRizk6jxXeDTvy70X-6UeK9Qs3KCJsp8XFDuptAEdw3pb\/w640-h436\/Sem%20t%C3%ADtulo.jpg\" width=\"640\"\/><\/span><\/div>\n<p><span style=\"font-family: verdana;\"><b>\u00a0 \u00a0 \u00a0 \u00a0 \u00a0 \u00a0 \u00a0 \u00a0 \u00a0 \u00a0 \u00a0 \u00a0 \u00a0 \u00a0 \u00a0 \u00a0 \u00a0 \u00a0 \u00a0 \u00a0 \u00a0 \u00a0 \u00a0Foto: Mateus Ferreira\/TVM<\/b><\/span><\/p>\n<p><span style=\"font-family: verdana;\">De acordo com a Pol\u00edcia Civil, tr\u00eas deles foram assassinados dentro da delegacia e um do lado de fora. O autor do crime teria fugido em uma viatura, mas acabou se entregando no quartel da Pol\u00edcia Militar da cidade momentos depois.<\/span><\/p>\n<p><span style=\"font-family: verdana;\">As autoridades ainda n\u00e3o t\u00eam informa\u00e7\u00f5es sobre a motiva\u00e7\u00e3o do crime, que est\u00e1 sendo investigado. At\u00e9 a manh\u00e3 deste domingo, os corpos das v\u00edtimas ainda estavam no local \u00e0 espera do rabec\u00e3o.<\/span><\/p>\n<p><span style=\"font-family: verdana;\">A Pol\u00edcia Civil lamentou o ocorrido em nota e disse que o local est\u00e1 isolado e passa por per\u00edcia. As v\u00edtimas foram identificadas como Ant\u00f4nio Claudio dos Santos, Ant\u00f4nio Jos\u00e9 Rodrigues Miranda, Francisco dos Santos Pereira e Gabriel de Souza Ferreira.<\/span><\/p>\n<p><span style=\"font-family: verdana;\"><b>Mais PB com g1<\/b><\/span><\/p>\n<\/div>\n","protected":false},"excerpt":{"rendered":"<p>\u00a0 \u00a0 \u00a0 \u00a0 \u00a0 \u00a0 \u00a0 \u00a0 \u00a0 \u00a0 \u00a0 \u00a0 \u00a0 \u00a0 \u00a0 \u00a0 \u00a0 \u00a0 \u00a0 \u00a0Foto: Reprodu\u00e7\u00e3o\/Redes Sociais Na madrugada deste domingo (14), um policial civil&hellip; <\/p>\n","protected":false},"author":1,"featured_media":54848,"comment_status":"open","ping_status":"open","sticky":false,"template":"","format":"standard","meta":{"footnotes":""},"categories":[57],"tags":[],"class_list":["post-54847","post","type-post","status-publish","format-standard","has-post-thumbnail","hentry","category-parnaiba"],"_links":{"self":[{"href":"https:\/\/mpiaui.com.br\/antigo\/index.php?rest_route=\/wp\/v2\/posts\/54847","targetHints":{"allow":["GET"]}}],"collection":[{"href":"https:\/\/mpiaui.com.br\/antigo\/index.php?rest_route=\/wp\/v2\/posts"}],"about":[{"href":"https:\/\/mpiaui.com.br\/antigo\/index.php?rest_route=\/wp\/v2\/types\/post"}],"author":[{"embeddable":true,"href":"https:\/\/mpiaui.com.br\/antigo\/index.php?rest_route=\/wp\/v2\/users\/1"}],"replies":[{"embeddable":true,"href":"https:\/\/mpiaui.com.br\/antigo\/index.php?rest_route=%2Fwp%2Fv2%2Fcomments&post=54847"}],"version-history":[{"count":0,"href":"https:\/\/mpiaui.com.br\/antigo\/index.php?rest_route=\/wp\/v2\/posts\/54847\/revisions"}],"wp:featuredmedia":[{"embeddable":true,"href":"https:\/\/mpiaui.com.br\/antigo\/index.php?rest_route=\/wp\/v2\/media\/54848"}],"wp:attachment":[{"href":"https:\/\/mpiaui.com.br\/antigo\/index.php?rest_route=%2Fwp%2Fv2%2Fmedia&parent=54847"}],"wp:term":[{"taxonomy":"category","embeddable":true,"href":"https:\/\/mpiaui.com.br\/antigo\/index.php?rest_route=%2Fwp%2Fv2%2Fcategories&post=54847"},{"taxonomy":"post_tag","embeddable":true,"href":"https:\/\/mpiaui.com.br\/antigo\/index.php?rest_route=%2Fwp%2Fv2%2Ftags&post=54847"}],"curies":[{"name":"wp","href":"https:\/\/api.w.org\/{rel}","templated":true}]}}