{"id":54851,"date":"2023-05-14T21:28:20","date_gmt":"2023-05-15T00:28:20","guid":{"rendered":"https:\/\/mpiaui.com.br\/motocicleta-roubada-em-teresina-e-recuperada-nas-proximidades-da-lagoa-do-portinho-em-parnaiba\/"},"modified":"2023-05-14T21:28:20","modified_gmt":"2023-05-15T00:28:20","slug":"motocicleta-roubada-em-teresina-e-recuperada-nas-proximidades-da-lagoa-do-portinho-em-parnaiba","status":"publish","type":"post","link":"https:\/\/mpiaui.com.br\/antigo\/?p=54851","title":{"rendered":"Motocicleta roubada em Teresina \u00e9 recuperada nas proximidades da Lagoa do Portinho, em Parna\u00edba"},"content":{"rendered":"<p><\/p>\n<div id=\"post-body-7057665881586696823\" itemprop=\"description articleBody\">\n<div class=\"separator\" style=\"clear: both; text-align: center;\"><span style=\"font-family: verdana; margin-left: 1em; margin-right: 1em;\"><img decoding=\"async\" border=\"0\" src=\"https:\/\/blogger.googleusercontent.com\/img\/b\/R29vZ2xl\/AVvXsEiP6vlGcG4H5OZKBBB5v55Ql5zi1wRwcAQCsHG2OqwURqa-ukQXZ1oQfyB2aIQNqhaUKg3QBWiO4CW3UFDbXGFn-P2CqKR6or-YV9Zps6T-ZSIekbaKvTpbElJXThmMd5Nno2psOz8jeQvC3pMKfvz7-uPKAR0Mhk1MICew2JplUDg1-KZ2EuBidrwEeg\/w640-h640\/IMG-20230512-WA0119.jpg\"\/><\/span><\/div>\n<p><span style=\"font-family: verdana;\">Policiais Militares da For\u00e7a T\u00e1tica do 24\u00ba BPM &#8211; Batalh\u00e3o Atalaia, de Lu\u00eds Correia, recuperaram uma motocicleta com restri\u00e7\u00e3o criminal e apreenderam arma de fogo, muni\u00e7\u00f5es e aparelhos celulares ap\u00f3s uma persegui\u00e7\u00e3o a suspeitos, em Parna\u00edba. O fato, que teve apoio de uma equipe do 2\u00ba BPM sob comando do Tenente-Coronel Erisvaldo Viana, ocorreu por volta das 15h desta sexta-feira (12) na estrada que d\u00e1 acesso \u00e0 Lagoa do Portinho.<\/span><\/p>\n<div class=\"separator\" style=\"clear: both; text-align: center;\"><span style=\"font-family: verdana; margin-left: 1em; margin-right: 1em;\"><img decoding=\"async\" border=\"0\" src=\"https:\/\/blogger.googleusercontent.com\/img\/b\/R29vZ2xl\/AVvXsEibFjD-ZpSRAa3lyz2PvwvIql1ELxf_dTJgcIOYPMMZXPOtpFfX5-oipwko4uLcoctyWnYMlTkxdkAWBAGTDmxVUnr_zzA9yz5hOoDW60YShRYeqcNZzL5CkevD5lpgCWPTsvVFYncsxb3anXRtiZh-aJpbXEdjvkauO8FnLypKL_Z7R5hyfwXQe197HA\/w640-h360\/IMG-20230512-WA0120.jpg\"\/><\/span><\/div>\n<p><span style=\"font-family: verdana;\">De acordo com as informa\u00e7\u00f5es repassadas pela For\u00e7a T\u00e1tica, os militares foram acionado via Centro de Opera\u00e7\u00f5es Policiais Militares &#8211; Copom, com a informa\u00e7\u00e3o de um assalto a uma autoescola nas proximidades da Beira-Mar, em Lu\u00eds Correia.<\/span><\/p>\n<div class=\"separator\" style=\"clear: both; text-align: center;\"><a href=\"https:\/\/blogger.googleusercontent.com\/img\/b\/R29vZ2xl\/AVvXsEhlvko49qW4-jfM10cVAR8AMCSDdW_oyU_rkfGTfwiO6bbqzvkIy9FdXTHpTWDb7qRQkfhPQSrAQmcddDOGlzl6TtKdUI2gGZVrjFuA27hd4JWLWRkqKCRSy92odBWtV00QMAHJ4EFQH8RFtc93m4MnY1ZREkb2B5jefQN1OEeyyyKxoc12n0jhno-oQQ\/s1280\/IMG-20230512-WA0118.jpg\" style=\"margin-left: 1em; margin-right: 1em;\"><img decoding=\"async\" border=\"0\" src=\"https:\/\/blogger.googleusercontent.com\/img\/b\/R29vZ2xl\/AVvXsEhlvko49qW4-jfM10cVAR8AMCSDdW_oyU_rkfGTfwiO6bbqzvkIy9FdXTHpTWDb7qRQkfhPQSrAQmcddDOGlzl6TtKdUI2gGZVrjFuA27hd4JWLWRkqKCRSy92odBWtV00QMAHJ4EFQH8RFtc93m4MnY1ZREkb2B5jefQN1OEeyyyKxoc12n0jhno-oQQ\/w640-h640\/IMG-20230512-WA0118.jpg\"\/><\/a><\/div>\n<p><span style=\"font-family: verdana;\">De imediato, a guarni\u00e7\u00e3o saiu em dilig\u00eancias e visualizou dois indiv\u00edduos em atitudes suspeitas transitando em uma motocicleta em dire\u00e7\u00e3o \u00e0 cidade de Parna\u00edba. Na estrada que d\u00e1 acesso \u00e0 Lagoa do Portinho, os suspeitos ao serem interceptados ainda trocaram tiros com a pol\u00edcia.<\/span><\/p>\n<p><span style=\"font-family: verdana;\">Os indiv\u00edduos abandonaram a motocicleta e conseguiram empreender fuga pelo matagal da regi\u00e3o. A motocicleta, que teria sido rouba em Teresina, foi recuperada. Ainda foram apreendidos 02 (dois) rev\u00f3lveres calibre 32 com oito muni\u00e7\u00f5es, al\u00e9m de 03 (tr\u00eas) celulares.\u00a0<\/span><span style=\"font-family: verdana;\">Diante dos fatos, a motocicleta e os produtos apreendidos foram levados para a Delegacia para a ado\u00e7\u00e3o dos procedimentos cab\u00edveis ao caso.<\/span><\/p>\n<p><span style=\"font-family: verdana;\"><b>Informa\u00e7\u00f5es<\/b><\/span><span style=\"font-family: verdana;\"><b>\u00a0Blog do Pessoa<\/b><\/span><\/p>\n<\/div>\n","protected":false},"excerpt":{"rendered":"<p>Policiais Militares da For\u00e7a T\u00e1tica do 24\u00ba BPM &#8211; Batalh\u00e3o Atalaia, de Lu\u00eds Correia, recuperaram uma motocicleta com restri\u00e7\u00e3o criminal e apreenderam arma de fogo, muni\u00e7\u00f5es e aparelhos celulares ap\u00f3s&hellip; <\/p>\n","protected":false},"author":1,"featured_media":54852,"comment_status":"open","ping_status":"open","sticky":false,"template":"","format":"standard","meta":{"footnotes":""},"categories":[57],"tags":[],"class_list":["post-54851","post","type-post","status-publish","format-standard","has-post-thumbnail","hentry","category-parnaiba"],"_links":{"self":[{"href":"https:\/\/mpiaui.com.br\/antigo\/index.php?rest_route=\/wp\/v2\/posts\/54851","targetHints":{"allow":["GET"]}}],"collection":[{"href":"https:\/\/mpiaui.com.br\/antigo\/index.php?rest_route=\/wp\/v2\/posts"}],"about":[{"href":"https:\/\/mpiaui.com.br\/antigo\/index.php?rest_route=\/wp\/v2\/types\/post"}],"author":[{"embeddable":true,"href":"https:\/\/mpiaui.com.br\/antigo\/index.php?rest_route=\/wp\/v2\/users\/1"}],"replies":[{"embeddable":true,"href":"https:\/\/mpiaui.com.br\/antigo\/index.php?rest_route=%2Fwp%2Fv2%2Fcomments&post=54851"}],"version-history":[{"count":0,"href":"https:\/\/mpiaui.com.br\/antigo\/index.php?rest_route=\/wp\/v2\/posts\/54851\/revisions"}],"wp:featuredmedia":[{"embeddable":true,"href":"https:\/\/mpiaui.com.br\/antigo\/index.php?rest_route=\/wp\/v2\/media\/54852"}],"wp:attachment":[{"href":"https:\/\/mpiaui.com.br\/antigo\/index.php?rest_route=%2Fwp%2Fv2%2Fmedia&parent=54851"}],"wp:term":[{"taxonomy":"category","embeddable":true,"href":"https:\/\/mpiaui.com.br\/antigo\/index.php?rest_route=%2Fwp%2Fv2%2Fcategories&post=54851"},{"taxonomy":"post_tag","embeddable":true,"href":"https:\/\/mpiaui.com.br\/antigo\/index.php?rest_route=%2Fwp%2Fv2%2Ftags&post=54851"}],"curies":[{"name":"wp","href":"https:\/\/api.w.org\/{rel}","templated":true}]}}