{"id":54853,"date":"2023-05-14T22:10:24","date_gmt":"2023-05-15T01:10:24","guid":{"rendered":"https:\/\/mpiaui.com.br\/vejo-voces-no-inferno-diz-policial-autor-de-chacina-no-ceara-sobre-vitimas-video\/"},"modified":"2023-05-14T22:10:24","modified_gmt":"2023-05-15T01:10:24","slug":"vejo-voces-no-inferno-diz-policial-autor-de-chacina-no-ceara-sobre-vitimas-video","status":"publish","type":"post","link":"https:\/\/mpiaui.com.br\/antigo\/?p=54853","title":{"rendered":"\u201cVejo voc\u00eas no inferno\u201d, diz policial autor de chacina no Cear\u00e1 sobre v\u00edtimas; V\u00cdDEO"},"content":{"rendered":"<p><\/p>\n<div id=\"post-body-3558088567069130658\" itemprop=\"description articleBody\">\n<div class=\"separator\" style=\"clear: both; text-align: center;\"><span style=\"font-family: verdana; margin-left: 1em; margin-right: 1em;\"><img loading=\"lazy\" decoding=\"async\" height=\"286\" src=\"https:\/\/piauihoje.com\/uploads\/imagens\/image-1684067690.jpg\" width=\"640\"\/><\/span><\/div>\n<p><span style=\"font-family: verdana;\">O v\u00eddeo que circula nas redes sociais e grupos de WhatsApp mostra o inspetor da pol\u00edcia civil identificado como \u201cDourado\u201d pedindo perd\u00e3o e alegando que era humilhado e sofria ass\u00e9dio dos colegas de trabalho. VEJA O V\u00cdDEO:<\/span><\/p>\n<p><span style=\"font-family: verdana;\"><span style=\"font-family: verdana; margin-left: 1em; margin-right: 1em;\"><iframe loading=\"lazy\" title=\"\u201cVejo voc\u00eas no inferno\u201d, diz policial autor de chacina no Cear\u00e1 sobre v\u00edtimas\" width=\"1110\" height=\"624\" src=\"https:\/\/www.youtube.com\/embed\/IjRN7bZKwLo?feature=oembed\" frameborder=\"0\" allow=\"accelerometer; autoplay; clipboard-write; encrypted-media; gyroscope; picture-in-picture; web-share\" allowfullscreen><\/iframe><\/span><\/span><\/p>\n<p><span style=\"font-family: verdana;\">No v\u00eddeo, o inspetor aparece em frente a sua casa e exp\u00f5e tranquilamente os \u201cmotivos\u201d da chacina. \u201cPe\u00e7o perd\u00e3o a todos, mas fui humilhado, tratado como lixo, me perseguiram\u2026 destru\u00ed minha fam\u00edlia e meus filhos\u201d diz o autor da chacina.<\/span><\/p>\n<p><span style=\"font-family: verdana;\">O homem ainda cita o nome de cada uma das v\u00edtimas e dispara \u201cvejo voc\u00eas no inferno\u201d. Dourado afirma veementemente que foi humilhado e por in\u00fameras vezes chegou a ser transferido para outras delegacias afim de ser \u201cesquecido\u201d.<\/span><\/p>\n<p><span style=\"font-family: verdana;\">ENTENDA O CASO<\/span><\/p>\n<p><span style=\"font-family: verdana;\">O policial identificado at\u00e9 o momento apenas como \u201cDourado\u201d adentrou em uma Delegacia Regional de Pol\u00edcia Civil na madrugada deste domingo (14) e matou a tiros quatro colegas de trabalho enquanto descansavam.<\/span><\/p>\n<p><span style=\"font-family: verdana;\">Tr\u00eas da v\u00edtimas foram alvejadas dentro do alojamento e uma do lado de fora. Ap\u00f3s a chacina o homem ainda fugiu em uma viatura da pol\u00edcia civil, mas logo depois se entregou a PM. O inspetor segue preso em um quartel da pol\u00edcia em Camocim &#8211; CE.<\/span><\/p>\n<p><span style=\"font-family: verdana;\">O caso est\u00e1 sendo investigado. Em nota oficial, a Pol\u00edcia Civil e a Secretaria de Seguran\u00e7a p\u00fablica lamentaram  profundamente o ocorrido e prestaram  solidariedade \u00e0s fam\u00edlias das v\u00edtimas.<\/span><\/p>\n<p><span style=\"font-family: verdana;\"><b>Informa\u00e7\u00f5es Piau\u00ed Hoje<\/b><\/span><\/p>\n<\/div>\n","protected":false},"excerpt":{"rendered":"<p>O v\u00eddeo que circula nas redes sociais e grupos de WhatsApp mostra o inspetor da pol\u00edcia civil identificado como \u201cDourado\u201d pedindo perd\u00e3o e alegando que era humilhado e sofria ass\u00e9dio&hellip; <\/p>\n","protected":false},"author":1,"featured_media":54854,"comment_status":"open","ping_status":"open","sticky":false,"template":"","format":"standard","meta":{"footnotes":""},"categories":[57],"tags":[],"class_list":["post-54853","post","type-post","status-publish","format-standard","has-post-thumbnail","hentry","category-parnaiba"],"_links":{"self":[{"href":"https:\/\/mpiaui.com.br\/antigo\/index.php?rest_route=\/wp\/v2\/posts\/54853","targetHints":{"allow":["GET"]}}],"collection":[{"href":"https:\/\/mpiaui.com.br\/antigo\/index.php?rest_route=\/wp\/v2\/posts"}],"about":[{"href":"https:\/\/mpiaui.com.br\/antigo\/index.php?rest_route=\/wp\/v2\/types\/post"}],"author":[{"embeddable":true,"href":"https:\/\/mpiaui.com.br\/antigo\/index.php?rest_route=\/wp\/v2\/users\/1"}],"replies":[{"embeddable":true,"href":"https:\/\/mpiaui.com.br\/antigo\/index.php?rest_route=%2Fwp%2Fv2%2Fcomments&post=54853"}],"version-history":[{"count":0,"href":"https:\/\/mpiaui.com.br\/antigo\/index.php?rest_route=\/wp\/v2\/posts\/54853\/revisions"}],"wp:featuredmedia":[{"embeddable":true,"href":"https:\/\/mpiaui.com.br\/antigo\/index.php?rest_route=\/wp\/v2\/media\/54854"}],"wp:attachment":[{"href":"https:\/\/mpiaui.com.br\/antigo\/index.php?rest_route=%2Fwp%2Fv2%2Fmedia&parent=54853"}],"wp:term":[{"taxonomy":"category","embeddable":true,"href":"https:\/\/mpiaui.com.br\/antigo\/index.php?rest_route=%2Fwp%2Fv2%2Fcategories&post=54853"},{"taxonomy":"post_tag","embeddable":true,"href":"https:\/\/mpiaui.com.br\/antigo\/index.php?rest_route=%2Fwp%2Fv2%2Ftags&post=54853"}],"curies":[{"name":"wp","href":"https:\/\/api.w.org\/{rel}","templated":true}]}}