{"id":54855,"date":"2023-05-14T22:31:11","date_gmt":"2023-05-15T01:31:11","guid":{"rendered":"https:\/\/mpiaui.com.br\/conferencia-municipal-de-cultura-de-bom-principio-do-piaui-abre-com-grande-participacao-e-diversidade-artistica\/"},"modified":"2023-05-14T22:31:11","modified_gmt":"2023-05-15T01:31:11","slug":"conferencia-municipal-de-cultura-de-bom-principio-do-piaui-abre-com-grande-participacao-e-diversidade-artistica","status":"publish","type":"post","link":"https:\/\/mpiaui.com.br\/antigo\/?p=54855","title":{"rendered":"Confer\u00eancia municipal de cultura de Bom Princ\u00edpio do Piau\u00ed abre com grande participa\u00e7\u00e3o e diversidade art\u00edstica"},"content":{"rendered":"<p><\/p>\n<div id=\"post-body-6595576548047755229\" itemprop=\"description articleBody\">\n<div class=\"separator\" style=\"clear: both; text-align: center;\"><a href=\"https:\/\/blogger.googleusercontent.com\/img\/b\/R29vZ2xl\/AVvXsEhpdnnNWVFj2vjrQos3Lz0Qpeiz_Hb4d_VerctAxCrlwxJ0yS9Edb34SWRNN0vFop2KiBU-v75D_f5eCxA9norDW-HRg_9RSkXQggBuj-MN_BbeX1nW-xg8zva-KI9fg2ZFYv96Wlb48o8PZe1lGMmgjIEYb6GTWJvjx7NX4hiEivuAXLk3nUS4jnjr_g\/s639\/IMG_0432.JPG\" style=\"margin-left: 1em; margin-right: 1em;\"><img decoding=\"async\" border=\"0\" src=\"https:\/\/blogger.googleusercontent.com\/img\/b\/R29vZ2xl\/AVvXsEhpdnnNWVFj2vjrQos3Lz0Qpeiz_Hb4d_VerctAxCrlwxJ0yS9Edb34SWRNN0vFop2KiBU-v75D_f5eCxA9norDW-HRg_9RSkXQggBuj-MN_BbeX1nW-xg8zva-KI9fg2ZFYv96Wlb48o8PZe1lGMmgjIEYb6GTWJvjx7NX4hiEivuAXLk3nUS4jnjr_g\/w640-h426\/IMG_0432.JPG\"\/><\/a><\/div>\n<div class=\"separator\" style=\"clear: both; text-align: center;\">\n<p><span style=\"font-family: verdana;\"><b>\u00a0 \u00a0 \u00a0 \u00a0 \u00a0 \u00a0 \u00a0 \u00a0 \u00a0 \u00a0 \u00a0 \u00a0 \u00a0 \u00a0 \u00a0 \u00a0 \u00a0 \u00a0 \u00a0 \u00a0 \u00a0 \u00a0 \u00a0 \u00a0 \u00a0 \u00a0 \u00a0 Prefeito Lucas Moraes<\/b><\/span><\/p>\n<\/div>\n<p><span style=\"font-family: verdana;\">A cidade de Bom Princ\u00edpio do Piau\u00ed deu in\u00edcio \u00e0 sua primeira Confer\u00eancia Municipal de Cultura, em um evento marcado por uma atmosfera de entusiasmo e engajamento. Autoridades pol\u00edticas, representantes da comunidade art\u00edstica e entusiastas da cultura local reuniram-se na primeira noite.<\/span><\/p>\n<div class=\"separator\" style=\"clear: both; text-align: center;\"><span style=\"font-family: verdana; margin-left: 1em; margin-right: 1em;\"><img decoding=\"async\" border=\"0\" src=\"https:\/\/blogger.googleusercontent.com\/img\/b\/R29vZ2xl\/AVvXsEif63xKzva-cOvzHBLk0uTOHkDyRVn2sbckh26LfzJEFKHd_c1lZMIDHjCxfm5nEiBNecj_QY_ILSv3udNIQ4YN7V_E2FSJuDDLTTjU02FEggk2wb5rXkb5KwvS-Asq65-GZ7yv_UgOmVmB0I-Zvo2OzldqTN_pVrxxmx0_rwX9GUpidXKplNAz9AqQdA\/w640-h426\/Lucas%20Moraes.gif\"\/><\/span><\/div>\n<p><span style=\"font-family: verdana;\">O prefeito Lucas Moraes e o secret\u00e1rio municipal de cultura, Neto Fontenele, estiveram presentes, destacando o compromisso da administra\u00e7\u00e3o municipal com a valoriza\u00e7\u00e3o e o fortalecimento da cultura local.<\/span><\/p>\n<div class=\"separator\" style=\"clear: both; text-align: center;\"><span style=\"font-family: verdana; margin-left: 1em; margin-right: 1em;\"><img decoding=\"async\" border=\"0\" src=\"https:\/\/blogger.googleusercontent.com\/img\/b\/R29vZ2xl\/AVvXsEj9QLtYkxHAD-GmN-sSDCfzmGLH8RmoAyrGQ6MMqkzOLFMuzNWpDQrULj0d3BH_qplbdmHwVf07QcOgPzeuQZaHcxCiCkCgZ4T6NDgQuZWP9JxKtICMoEtn8a0_gMb-QLnt6djN0mjKmCfzD-04flpI2ysptp4ChD9PPvW0zRCUouR350g4ODmdzPjOMg\/w640-h426\/IMG_0386.JPG\"\/><\/span><\/div>\n<div class=\"separator\" style=\"clear: both; text-align: center;\"><span style=\"font-family: verdana; margin-left: 1em; margin-right: 1em;\"><\/p>\n<p><span style=\"font-family: verdana;\"><b>\u00a0 \u00a0 \u00a0 \u00a0 \u00a0 \u00a0 \u00a0 \u00a0 \u00a0 \u00a0 \u00a0 \u00a0 \u00a0 \u00a0 \u00a0Secret\u00e1rio Municipal de Cultura, Neto Fontenele<\/b><\/span><\/p>\n<p><\/span><\/div>\n<p><span style=\"font-family: verdana;\">A Confer\u00eancia foi oficialmente declarada aberta pelo secret\u00e1rio Neto Fontenele, que enfatizou a import\u00e2ncia do evento para o fomento da cultura em Bom Princ\u00edpio do Piau\u00ed. O momento solene foi marcado pelas apresenta\u00e7\u00f5es musicais da Fanfarra Luiz Gonzaga de Freitas, que entoou o hino da cidade, e de Marcelino, que tocou o hino nacional brasileiro no viol\u00e3o. Essas performances iniciais enalteceram o sentimento de orgulho e pertencimento \u00e0 cidade e \u00e0 na\u00e7\u00e3o.<\/span><\/p>\n<p><span style=\"font-family: verdana;\">Al\u00e9m das autoridades e representantes pol\u00edticos, a Confer\u00eancia contou com a participa\u00e7\u00e3o ativa dos artistas locais. Artes\u00e3s, artistas pl\u00e1sticas e outros criadores tiveram a oportunidade de expor e vender seus produtos, contribuindo para a divulga\u00e7\u00e3o e o fortalecimento da produ\u00e7\u00e3o cultural da regi\u00e3o. A presen\u00e7a desses artistas tamb\u00e9m demonstrou a riqueza e a diversidade dos talentos presentes em Bom Princ\u00edpio do Piau\u00ed.<\/span><\/p>\n<p><span style=\"font-family: verdana;\">A primeira noite n\u00e3o se limitou \u00e0s exposi\u00e7\u00f5es, mas tamb\u00e9m incluiu apresenta\u00e7\u00f5es art\u00edsticas. O grupo de capoeira, reconhecido por seu papel na preserva\u00e7\u00e3o das tradi\u00e7\u00f5es afro-brasileiras, encantou com sua destreza e energia contagiante. Outros artistas locais tamb\u00e9m se apresentaram, proporcionando momentos musicais e envolventes que celebraram a cultura e a identidade local.<\/span><\/p>\n<p><span style=\"font-family: verdana;\">A I Confer\u00eancia Municipal de Cultura de Bom Princ\u00edpio do Piau\u00ed \u00e9 um marco importante para a cidade, reunindo diversos setores da comunidade em prol do desenvolvimento cultural.<\/span><\/p>\n<p><span style=\"font-family: verdana;\"><b>FONTE: SECOM \u2013 PMBPP<\/b><\/span><\/p>\n<\/div>\n","protected":false},"excerpt":{"rendered":"<p>\u00a0 \u00a0 \u00a0 \u00a0 \u00a0 \u00a0 \u00a0 \u00a0 \u00a0 \u00a0 \u00a0 \u00a0 \u00a0 \u00a0 \u00a0 \u00a0 \u00a0 \u00a0 \u00a0 \u00a0 \u00a0 \u00a0 \u00a0 \u00a0 \u00a0 \u00a0 \u00a0 Prefeito Lucas Moraes&hellip; <\/p>\n","protected":false},"author":1,"featured_media":54856,"comment_status":"open","ping_status":"open","sticky":false,"template":"","format":"standard","meta":{"footnotes":""},"categories":[57],"tags":[],"class_list":["post-54855","post","type-post","status-publish","format-standard","has-post-thumbnail","hentry","category-parnaiba"],"_links":{"self":[{"href":"https:\/\/mpiaui.com.br\/antigo\/index.php?rest_route=\/wp\/v2\/posts\/54855","targetHints":{"allow":["GET"]}}],"collection":[{"href":"https:\/\/mpiaui.com.br\/antigo\/index.php?rest_route=\/wp\/v2\/posts"}],"about":[{"href":"https:\/\/mpiaui.com.br\/antigo\/index.php?rest_route=\/wp\/v2\/types\/post"}],"author":[{"embeddable":true,"href":"https:\/\/mpiaui.com.br\/antigo\/index.php?rest_route=\/wp\/v2\/users\/1"}],"replies":[{"embeddable":true,"href":"https:\/\/mpiaui.com.br\/antigo\/index.php?rest_route=%2Fwp%2Fv2%2Fcomments&post=54855"}],"version-history":[{"count":0,"href":"https:\/\/mpiaui.com.br\/antigo\/index.php?rest_route=\/wp\/v2\/posts\/54855\/revisions"}],"wp:featuredmedia":[{"embeddable":true,"href":"https:\/\/mpiaui.com.br\/antigo\/index.php?rest_route=\/wp\/v2\/media\/54856"}],"wp:attachment":[{"href":"https:\/\/mpiaui.com.br\/antigo\/index.php?rest_route=%2Fwp%2Fv2%2Fmedia&parent=54855"}],"wp:term":[{"taxonomy":"category","embeddable":true,"href":"https:\/\/mpiaui.com.br\/antigo\/index.php?rest_route=%2Fwp%2Fv2%2Fcategories&post=54855"},{"taxonomy":"post_tag","embeddable":true,"href":"https:\/\/mpiaui.com.br\/antigo\/index.php?rest_route=%2Fwp%2Fv2%2Ftags&post=54855"}],"curies":[{"name":"wp","href":"https:\/\/api.w.org\/{rel}","templated":true}]}}