{"id":54861,"date":"2023-05-15T08:27:04","date_gmt":"2023-05-15T11:27:04","guid":{"rendered":"https:\/\/mpiaui.com.br\/forca-nacional-ficara-mais-30-dias-no-rio-grande-do-norte\/"},"modified":"2023-05-15T08:27:04","modified_gmt":"2023-05-15T11:27:04","slug":"forca-nacional-ficara-mais-30-dias-no-rio-grande-do-norte","status":"publish","type":"post","link":"https:\/\/mpiaui.com.br\/antigo\/?p=54861","title":{"rendered":"For\u00e7a Nacional ficar\u00e1 mais 30 dias no Rio Grande do Norte"},"content":{"rendered":"<p><\/p>\n<div>\n<p>O <a href=\"http:\/\/in.gov.br\/web\/dou\/-\/portaria-mjsp-n-372-de-12-de-maio-de-2023-48306218\" target=\"_blank\" rel=\"noopener\"><em>Di\u00e1rio Oficial da Uni\u00e3o<\/em><\/a> publica, nesta segunda-feira (15), a Portaria n\u00ba 372, de 12 de maio de 2023, do Minist\u00e9rio da Justi\u00e7a e Seguran\u00e7a P\u00fablica, que autoriza a prorroga\u00e7\u00e3o do emprego da For\u00e7a Nacional de Seguran\u00e7a P\u00fablica (FNSP), em apoio ao estado do Rio Grande do Norte, em a\u00e7\u00f5es conjuntas e coordenadas com os \u00f3rg\u00e3os locais de seguran\u00e7a p\u00fablica.\u00a0<\/p>\n<p>De acordo com o documento assinado pelo ministro da Justi\u00e7a, Fl\u00e1vio Dino, os militares v\u00e3o atuar nas atividades e nos servi\u00e7os imprescind\u00edveis \u00e0 preserva\u00e7\u00e3o da ordem p\u00fablica, da seguran\u00e7a das pessoas e preserva\u00e7\u00e3o do patrim\u00f4nio, em car\u00e1ter epis\u00f3dico e planejado, por 30 dias, no per\u00edodo de 14 de maio a 12 de junho de 2023.\u00a0<\/p>\n<h2>Planejamento<\/h2>\n<p>O contingente de militares a ser disponibilizado \u201cobedecer\u00e1 ao planejamento definido pela diretoria da For\u00e7a Nacional de Seguran\u00e7a P\u00fablica da Secretaria Nacional de Seguran\u00e7a P\u00fablica do MJSP\u201d, diz ainda a portaria. A cidade de Natal ser\u00e1 a sede da opera\u00e7\u00e3o da FNSP, que ter\u00e1 apoio log\u00edstico do governo do estado. \u00a0<\/p>\n<p>Em mar\u00e7o, o Minist\u00e9rio da Justi\u00e7a e Seguran\u00e7a P\u00fablica deslocou mais de 800 militares para o estado, em fun\u00e7\u00e3o da onda de viol\u00eancia que atingiu o Rio Grande do Norte, promovida por fac\u00e7\u00f5es criminosas, com inc\u00eandios e tiros contra pr\u00e9dios p\u00fablicos, ve\u00edculos, com\u00e9rcio e resid\u00eancias. Segundo as investiga\u00e7\u00f5es, as a\u00e7\u00f5es foram uma retalia\u00e7\u00e3o \u00e0s condi\u00e7\u00f5es dos pres\u00eddios.\u00a0<\/p>\n<p>\u00a0<\/p>\n<\/p><\/div>\n","protected":false},"excerpt":{"rendered":"<p>O Di\u00e1rio Oficial da Uni\u00e3o publica, nesta segunda-feira (15), a Portaria n\u00ba 372, de 12 de maio de 2023, do Minist\u00e9rio da Justi\u00e7a e Seguran\u00e7a P\u00fablica, que autoriza a prorroga\u00e7\u00e3o&hellip; <\/p>\n","protected":false},"author":1,"featured_media":54862,"comment_status":"open","ping_status":"open","sticky":false,"template":"","format":"standard","meta":{"footnotes":""},"categories":[802],"tags":[],"class_list":["post-54861","post","type-post","status-publish","format-standard","has-post-thumbnail","hentry","category-nacional"],"_links":{"self":[{"href":"https:\/\/mpiaui.com.br\/antigo\/index.php?rest_route=\/wp\/v2\/posts\/54861","targetHints":{"allow":["GET"]}}],"collection":[{"href":"https:\/\/mpiaui.com.br\/antigo\/index.php?rest_route=\/wp\/v2\/posts"}],"about":[{"href":"https:\/\/mpiaui.com.br\/antigo\/index.php?rest_route=\/wp\/v2\/types\/post"}],"author":[{"embeddable":true,"href":"https:\/\/mpiaui.com.br\/antigo\/index.php?rest_route=\/wp\/v2\/users\/1"}],"replies":[{"embeddable":true,"href":"https:\/\/mpiaui.com.br\/antigo\/index.php?rest_route=%2Fwp%2Fv2%2Fcomments&post=54861"}],"version-history":[{"count":0,"href":"https:\/\/mpiaui.com.br\/antigo\/index.php?rest_route=\/wp\/v2\/posts\/54861\/revisions"}],"wp:featuredmedia":[{"embeddable":true,"href":"https:\/\/mpiaui.com.br\/antigo\/index.php?rest_route=\/wp\/v2\/media\/54862"}],"wp:attachment":[{"href":"https:\/\/mpiaui.com.br\/antigo\/index.php?rest_route=%2Fwp%2Fv2%2Fmedia&parent=54861"}],"wp:term":[{"taxonomy":"category","embeddable":true,"href":"https:\/\/mpiaui.com.br\/antigo\/index.php?rest_route=%2Fwp%2Fv2%2Fcategories&post=54861"},{"taxonomy":"post_tag","embeddable":true,"href":"https:\/\/mpiaui.com.br\/antigo\/index.php?rest_route=%2Fwp%2Fv2%2Ftags&post=54861"}],"curies":[{"name":"wp","href":"https:\/\/api.w.org\/{rel}","templated":true}]}}