{"id":54870,"date":"2023-05-15T10:25:53","date_gmt":"2023-05-15T13:25:53","guid":{"rendered":"https:\/\/mpiaui.com.br\/governo-federal-elabora-politica-nacional-de-educacao-midiatica\/"},"modified":"2023-05-15T10:25:53","modified_gmt":"2023-05-15T13:25:53","slug":"governo-federal-elabora-politica-nacional-de-educacao-midiatica","status":"publish","type":"post","link":"https:\/\/mpiaui.com.br\/antigo\/?p=54870","title":{"rendered":"Governo federal elabora pol\u00edtica nacional de educa\u00e7\u00e3o midi\u00e1tica"},"content":{"rendered":"<p><\/p>\n<div>\n<p>O governo federal est\u00e1 formulando um documento para a implanta\u00e7\u00e3o da Pol\u00edtica Nacional de Educa\u00e7\u00e3o Midi\u00e1tica. A informa\u00e7\u00e3o \u00e9 do secret\u00e1rio nacional de Pol\u00edticas Digitais da Secretaria de Comunica\u00e7\u00e3o da Presid\u00eancia da Rep\u00fablica, Jo\u00e3o Brant.<\/p>\n<p>\u201cVamos lan\u00e7ar nas pr\u00f3ximas semanas um documento-base para essa discuss\u00e3o de pol\u00edtica de educa\u00e7\u00e3o midi\u00e1tica para consultas e audi\u00eancia p\u00fablica\u201d, disse Brant, ao participar de audi\u00eancia p\u00fablica virtual realizada, nessa sexta-feira (12), sobre o combate \u00e0s <em>fake news<\/em> [not\u00edcias falsas] na internet, promovida pelas comiss\u00f5es de Representa\u00e7\u00e3o para Acompanhar o Cumprimento das Leis (Cumpra-se!) e de Defesa dos Direitos Humanos e da Cidadania, da Assembleia Legislativa do Estado do Rio de Janeiro (Alerj).<\/p>\n<p>Segundo o secret\u00e1rio, a nova pol\u00edtica vai envolver tamb\u00e9m os minist\u00e9rios dos Direitos Humanos, da Educa\u00e7\u00e3o e da Sa\u00fade. O debate vai incluir, entre outras iniciativas, a educa\u00e7\u00e3o midi\u00e1tica na educa\u00e7\u00e3o b\u00e1sica, vinculada aos mecanismos da Base Nacional Comum Curricular (BNCC), a forma\u00e7\u00e3o continuada de professores, a formula\u00e7\u00e3o de materiais did\u00e1ticos, a orienta\u00e7\u00e3o de uso consciente da internet pelas crian\u00e7as e adolescentes e parcerias com organiza\u00e7\u00f5es da sociedade civil, al\u00e9m da difus\u00e3o de conte\u00fados de educa\u00e7\u00e3o midi\u00e1tica.<\/p>\n<h2>Projeto de lei<\/h2>\n<p>O presidente da Comiss\u00e3o do Cumpra-se!, deputado Carlos Minc, afirmou que as propostas apresentadas pelos participantes do debate ser\u00e3o incorporadas ao Projeto de Lei 4791\/20, de sua autoria, que estabelece o Programa de Educa\u00e7\u00e3o Midi\u00e1tica nas Escolas Estaduais do Rio de Janeiro. Minc destacou que, na justificativa do projeto, 62% das pessoas entrevistadas reconheceram que j\u00e1 acreditaram numa desinforma\u00e7\u00e3o.<\/p>\n<p>&#8220;Tem v\u00e1rias medidas de conscientiza\u00e7\u00e3o dos alunos. Como verificar uma fonte, uma foto, falar com os pais, com o professor. Quanto \u00e0 possibilidade de aprovar, aqui votamos leis pioneiras no Brasil. \u00c9 um tema complexo e apenas uma lei n\u00e3o basta, \u00e9 preciso que haja o debate&#8221;, disse o parlamentar.<\/p>\n<p>O projeto do deputado \u00e9 inspirado em estrat\u00e9gias bem-sucedidas contra a desinforma\u00e7\u00e3o aplicadas na Finl\u00e2ndia. A conselheira de Educa\u00e7\u00e3o da Embaixada da Finl\u00e2ndia, Johanna Kivimaki, explicou o m\u00e9todo utilizado nas escolas de seu pa\u00eds.<\/p>\n<p>&#8220;As crian\u00e7as s\u00e3o introduzidas ao consumo e produ\u00e7\u00e3o de diferentes formas de m\u00eddia, num ambiente l\u00fadico e seguro. A veracidade e confiabilidade da m\u00eddia e suas fontes tamb\u00e9m s\u00e3o analisadas junto aos alunos para que desenvolvam o pensamento cr\u00edtico. A desinforma\u00e7\u00e3o \u00e9 uma amea\u00e7a \u00e0 sociedade democr\u00e1tica&#8221;, afirmou.<\/p>\n<\/p><\/div>\n","protected":false},"excerpt":{"rendered":"<p>O governo federal est\u00e1 formulando um documento para a implanta\u00e7\u00e3o da Pol\u00edtica Nacional de Educa\u00e7\u00e3o Midi\u00e1tica. A informa\u00e7\u00e3o \u00e9 do secret\u00e1rio nacional de Pol\u00edticas Digitais da Secretaria de Comunica\u00e7\u00e3o da&hellip; <\/p>\n","protected":false},"author":1,"featured_media":54871,"comment_status":"open","ping_status":"open","sticky":false,"template":"","format":"standard","meta":{"footnotes":""},"categories":[802],"tags":[],"class_list":["post-54870","post","type-post","status-publish","format-standard","has-post-thumbnail","hentry","category-nacional"],"_links":{"self":[{"href":"https:\/\/mpiaui.com.br\/antigo\/index.php?rest_route=\/wp\/v2\/posts\/54870","targetHints":{"allow":["GET"]}}],"collection":[{"href":"https:\/\/mpiaui.com.br\/antigo\/index.php?rest_route=\/wp\/v2\/posts"}],"about":[{"href":"https:\/\/mpiaui.com.br\/antigo\/index.php?rest_route=\/wp\/v2\/types\/post"}],"author":[{"embeddable":true,"href":"https:\/\/mpiaui.com.br\/antigo\/index.php?rest_route=\/wp\/v2\/users\/1"}],"replies":[{"embeddable":true,"href":"https:\/\/mpiaui.com.br\/antigo\/index.php?rest_route=%2Fwp%2Fv2%2Fcomments&post=54870"}],"version-history":[{"count":0,"href":"https:\/\/mpiaui.com.br\/antigo\/index.php?rest_route=\/wp\/v2\/posts\/54870\/revisions"}],"wp:featuredmedia":[{"embeddable":true,"href":"https:\/\/mpiaui.com.br\/antigo\/index.php?rest_route=\/wp\/v2\/media\/54871"}],"wp:attachment":[{"href":"https:\/\/mpiaui.com.br\/antigo\/index.php?rest_route=%2Fwp%2Fv2%2Fmedia&parent=54870"}],"wp:term":[{"taxonomy":"category","embeddable":true,"href":"https:\/\/mpiaui.com.br\/antigo\/index.php?rest_route=%2Fwp%2Fv2%2Fcategories&post=54870"},{"taxonomy":"post_tag","embeddable":true,"href":"https:\/\/mpiaui.com.br\/antigo\/index.php?rest_route=%2Fwp%2Fv2%2Ftags&post=54870"}],"curies":[{"name":"wp","href":"https:\/\/api.w.org\/{rel}","templated":true}]}}