{"id":54872,"date":"2023-05-15T10:50:17","date_gmt":"2023-05-15T13:50:17","guid":{"rendered":"https:\/\/mpiaui.com.br\/motoristas-de-aplicativo-de-teresina-paralisam-atividades-em-protesto\/"},"modified":"2023-05-15T10:50:17","modified_gmt":"2023-05-15T13:50:17","slug":"motoristas-de-aplicativo-de-teresina-paralisam-atividades-em-protesto","status":"publish","type":"post","link":"https:\/\/mpiaui.com.br\/antigo\/?p=54872","title":{"rendered":"Motoristas de aplicativo de Teresina paralisam atividades em protesto"},"content":{"rendered":"<div>\n<p>\n                                                <img decoding=\"async\" src=\"https:\/\/piauihoje.com\/uploads\/imagens\/xb9ycpynixzl8bzju9m0azngoavcswb8nrizjrfv-1684157603.jpg\" alt=\"Motoristas de aplicativo em greve\" style=\"width: 100% !important;\"\/>\n                                                <\/p>\n<p>\n                                                    <span>Motoristas de aplicativo em greve<\/span><br \/>\n                                                    <span>Foto: Reprodu\u00e7\u00e3o\/WhatsApp<\/span>\n                                                <\/p>\n<p><strong>Motoristas de aplicativo<\/strong> e <strong>entregadores <\/strong>por aplicativo em <strong>Teresina <\/strong>aderiram ao movimento nacional da categoria e interromperam suas atividades nesta segunda-feira (15). A principal reivindica\u00e7\u00e3o dos trabalhadores \u00e9 o fim da cobran\u00e7a de taxas abusivas pelas empresas que operam os servi\u00e7os, al\u00e9m de exigir contrapartidas do governo e da prefeitura para melhorar as condi\u00e7\u00f5es de trabalho.<\/p>\n<p>Os servi\u00e7os de corrida por aplicativo est\u00e3o dispon\u00edveis em Teresina desde 2016, e atualmente h\u00e1 cerca de 10 mil motoristas regularmente cadastrados. A paralisa\u00e7\u00e3o de hoje visa chamar a aten\u00e7\u00e3o das autoridades para os problemas enfrentados diariamente pelos profissionais. Um dos principais problemas \u00e9 a falta de sinaliza\u00e7\u00e3o espec\u00edfica para os servi\u00e7os de aplicativo nas vias p\u00fablicas, o que resulta em multas abusivas, de acordo com a categoria.<\/p>\n<p>Os motoristas de aplicativo tamb\u00e9m est\u00e3o solicitando do poder p\u00fablico a concess\u00e3o de benef\u00edcios que j\u00e1 s\u00e3o concedidos em outros estados, como a isen\u00e7\u00e3o do <strong>Imposto <\/strong>sobre a <strong>Propriedade de Ve\u00edculos Automotores <\/strong>(IPVA).<\/p>\n<p><strong>\u00c9rico Lu\u00eds<\/strong>, representante da categoria dos motoristas de aplicativo, explica que quando o servi\u00e7o foi introduzido em Teresina, em 2016, as empresas pagavam R$ 3 por quil\u00f4metro rodado. Atualmente, esse valor caiu para R$ 1 por quil\u00f4metro. Al\u00e9m disso, antes as empresas recebiam 20% do valor cobrado dos passageiros como tarifa, enquanto agora esse valor \u00e9 de apenas 50% do que o motorista arrecada com a corrida.<\/p>\n<p>Os motoristas tamb\u00e9m apontam que os custos com combust\u00edvel e manuten\u00e7\u00e3o dos ve\u00edculos aumentaram, uma vez que eles devem atender a um padr\u00e3o estabelecido pelas empresas.<\/p>\n<p>A paralisa\u00e7\u00e3o est\u00e1 ocorrendo em todo o pa\u00eds, e em Teresina, os motoristas est\u00e3o se concentrando em protesto na <strong>Avenida Zequinha Freira<\/strong> (zona Leste), na <strong>Avenida Miguel Rosa<\/strong> (zona Sul) e na entrada da <strong>Ponte da Primavera<\/strong> (zona Norte). At\u00e9 o momento, de acordo com a categoria, n\u00e3o houve resposta do governo ou da prefeitura para um di\u00e1logo. Os trabalhadores j\u00e1 solicitaram a interven\u00e7\u00e3o do Minist\u00e9rio P\u00fablico do Trabalho para mediar as negocia\u00e7\u00f5es.<\/p>\n<\/p><\/div>\n","protected":false},"excerpt":{"rendered":"<p>Motoristas de aplicativo em greve Foto: Reprodu\u00e7\u00e3o\/WhatsApp Motoristas de aplicativo e entregadores por aplicativo em Teresina aderiram ao movimento nacional da categoria e interromperam suas atividades nesta segunda-feira (15). A&hellip; <\/p>\n","protected":false},"author":1,"featured_media":54873,"comment_status":"open","ping_status":"open","sticky":false,"template":"","format":"standard","meta":{"footnotes":""},"categories":[78],"tags":[],"class_list":["post-54872","post","type-post","status-publish","format-standard","has-post-thumbnail","hentry","category-teresina"],"_links":{"self":[{"href":"https:\/\/mpiaui.com.br\/antigo\/index.php?rest_route=\/wp\/v2\/posts\/54872","targetHints":{"allow":["GET"]}}],"collection":[{"href":"https:\/\/mpiaui.com.br\/antigo\/index.php?rest_route=\/wp\/v2\/posts"}],"about":[{"href":"https:\/\/mpiaui.com.br\/antigo\/index.php?rest_route=\/wp\/v2\/types\/post"}],"author":[{"embeddable":true,"href":"https:\/\/mpiaui.com.br\/antigo\/index.php?rest_route=\/wp\/v2\/users\/1"}],"replies":[{"embeddable":true,"href":"https:\/\/mpiaui.com.br\/antigo\/index.php?rest_route=%2Fwp%2Fv2%2Fcomments&post=54872"}],"version-history":[{"count":0,"href":"https:\/\/mpiaui.com.br\/antigo\/index.php?rest_route=\/wp\/v2\/posts\/54872\/revisions"}],"wp:featuredmedia":[{"embeddable":true,"href":"https:\/\/mpiaui.com.br\/antigo\/index.php?rest_route=\/wp\/v2\/media\/54873"}],"wp:attachment":[{"href":"https:\/\/mpiaui.com.br\/antigo\/index.php?rest_route=%2Fwp%2Fv2%2Fmedia&parent=54872"}],"wp:term":[{"taxonomy":"category","embeddable":true,"href":"https:\/\/mpiaui.com.br\/antigo\/index.php?rest_route=%2Fwp%2Fv2%2Fcategories&post=54872"},{"taxonomy":"post_tag","embeddable":true,"href":"https:\/\/mpiaui.com.br\/antigo\/index.php?rest_route=%2Fwp%2Fv2%2Ftags&post=54872"}],"curies":[{"name":"wp","href":"https:\/\/api.w.org\/{rel}","templated":true}]}}