{"id":55338,"date":"2023-05-18T10:23:19","date_gmt":"2023-05-18T13:23:19","guid":{"rendered":"https:\/\/mpiaui.com.br\/aguas-de-timon-patrocina-projeto-social-que-resgata-a-historia-e-a-memoria-da-cidade\/"},"modified":"2023-05-18T10:23:19","modified_gmt":"2023-05-18T13:23:19","slug":"aguas-de-timon-patrocina-projeto-social-que-resgata-a-historia-e-a-memoria-da-cidade","status":"publish","type":"post","link":"https:\/\/mpiaui.com.br\/antigo\/?p=55338","title":{"rendered":"\u00c1guas de Timon patrocina projeto social que resgata a hist\u00f3ria e a mem\u00f3ria da cidade"},"content":{"rendered":"<p><\/p>\n<div id=\"template-id-41560\">\n<p dir=\"ltr\"><img loading=\"lazy\" decoding=\"async\" class=\"alignnone size-full wp-image-41561\" data-pagespeed-lazy-src=\"https:\/\/vejatimon.com\/wp-content\/uploads\/2023\/05\/xWhatsApp-Image-2023-05-12-at-09.53.37.jpeg.pagespeed.ic.MqvZJ3r4Df.jpg\" alt=\"\" width=\"1024\" height=\"790\" data-pagespeed-url-hash=\"1113420085\" src=\"\/pagespeed_static\/1.JiBnMqyl6S.gif\" onload=\"pagespeed.lazyLoadImages.loadIfVisibleAndMaybeBeacon(this);\" onerror=\"this.onerror=null;pagespeed.lazyLoadImages.loadIfVisibleAndMaybeBeacon(this);\"\/><\/p>\n<p dir=\"ltr\">Dando continuidade \u00e0s suas a\u00e7\u00f5es de responsabilidade social \u00a0\u00c1guas de Timon est\u00e1 patrocinando o projeto \u201cA cidade da gente\u201d, uma cole\u00e7\u00e3o de livros que conta as hist\u00f3rias dos patrim\u00f4nios materiais, imateriais e ambientais de diversas cidades brasileiras, em parceria com professores e alunos das escolas p\u00fablicas de cada local.<\/p>\n<p dir=\"ltr\">Em Timon, as pesquisas e produ\u00e7\u00f5es de texto ser\u00e3o feitas pelos alunos de quatro escolas municipais, com orienta\u00e7\u00e3o da escritora Luciana Nabuco e da Secretaria Municipal de Educa\u00e7\u00e3o da cidade, com as escolas Lu\u00eds Miguel Budaruiche, Ant\u00f4nio Leit\u00e3o, Pedro Falc\u00e3o e Projeto Educacional M\u00e3os Dadas.<\/p>\n<p dir=\"ltr\">Em Timon, a escritora Luciana Nabuco est\u00e1 trabalhando com os alunos de quatro escolas municipais para contar a hist\u00f3ria dos patrim\u00f4nios da cidade, como a Igreja e a pra\u00e7a de S\u00e3o Jos\u00e9, as quebradeiras de coco, o Parque Ambiental Sucupira e o Rio Parna\u00edba. \u201cEsses jovens v\u00e3o se sentir protagonistas, o sentimento de pertencimento, incentiva a leitura, a constru\u00e7\u00e3o desse livro e esse \u00e9 o intuito, de torna-los protagonistas dentro da hist\u00f3ria de Timon\u2019\u2019 ressaltou a professora. O s alunos s\u00e3o incentivados a investigar e dissertar sobre cada tema, tornando-se guias liter\u00e1rios dos escritores envolvidos. Assim, viram protagonistas de suas pr\u00f3prias hist\u00f3rias quando o livro toma forma.<\/p>\n<p dir=\"ltr\">Para os jovens participantes \u00e9 uma oportunidade de conhecer mais sobre a mem\u00f3ria coletiva da cidade e ter a oportunidade de participar da elabora\u00e7\u00e3o de um livro, ao exemplo da Bianca\u00a0 Sampaio, 12 anos, estudante do 7\u00ba ano da EMEF Pedro Falc\u00e3o Lopes. \u201cEu como estudante, estou muito empolgada em contribuir e conhecer mais da hist\u00f3ria da minha cidade, dos personagens e das viv\u00eancias. \u00c9 motivo de orgulho pra mim. Um projeto muito bacana\u201d destacou a estudante.<\/p>\n<p dir=\"ltr\">O projeto foi vencedor do pr\u00eamio Retratos da Leitura 2019, promovido pelo Instituto Pr\u00f3-Livro, para reconhecer a\u00e7\u00f5es destacadas de incentivo \u00e0 leitura em todo o pa\u00eds. Com livros j\u00e1 publicados sobre outras 25 cidades do norte ao sul do pa\u00eds, a cole\u00e7\u00e3o tem como objetivo valorizar lugares e atividades importantes da mem\u00f3ria coletiva de cada cidade, al\u00e9m de ampliar as no\u00e7\u00f5es das crian\u00e7as sobre sua identidade e sobre o pertencimento \u00e0 cidade e \u00e0 regi\u00e3o onde vivem.<\/p>\n<p dir=\"ltr\">\u201cNosso principal objetivo em patrocinar o projeto \u00e9 poder valorizar a hist\u00f3ria de Timon, a constru\u00e7\u00e3o da cidade, promover integra\u00e7\u00e3o e educa\u00e7\u00e3o dos jovens timonenses. A produ\u00e7\u00e3o autoral de livros, a constru\u00e7\u00e3o de pertencimento junto \u00e0 hist\u00f3ria da cidade que ser\u00e1 apresentada por estes jovens auxilia na forma\u00e7\u00e3o do senso de identidade e o pertencimento \u00e0 regi\u00e3o.\u201d Destaca o gerente de responsabilidade social Gabriel Barbosa.<\/p>\n<p dir=\"ltr\">A a\u00e7\u00e3o \u00e9 aprendizado, trazendo uma oportunidade de que ele aconte\u00e7a a partir de temas locais e de interesse pr\u00f3ximo para as crian\u00e7as, valorizando seu senso cr\u00edtico e sua produ\u00e7\u00e3o autoral, como preconiza a Base Nacional Curricular Comum, do Minist\u00e9rio da Educa\u00e7\u00e3o. Para garantir que o livro se perpetue nas escolas da rede p\u00fablica de cada cidade, s\u00e3o distribu\u00eddos gratuitamente entre elas 2.600 exemplares de sua tiragem e oferecida uma forma\u00e7\u00e3o de professores para reunir ideias de uso em diferentes disciplinas, estimulando o uso pelas turmas ano a ano, em temas diversos, por muitas gera\u00e7\u00f5es.<\/p>\n<p dir=\"ltr\">O Projeto A Cidade da Gente \u00e9 patrocinado pela \u00c1guas de Timon, atrav\u00e9s da Lei de Incentivo \u00e0 Cultura do Minist\u00e9rio da Cultura do Governo Federal,<\/p>\n<p> <span class=\"td-page-meta\" itemprop=\"author\" itemscope=\"\" itemtype=\"https:\/\/schema.org\/Person\"><meta itemprop=\"name\" content=\"Blog do Ribinha\"\/><meta itemprop=\"url\" content=\"https:\/\/vejatimon.com\/author\/ribinha\/\"\/><\/span><meta itemprop=\"datePublished\" content=\"2023-05-17T04:01:25-03:00\"\/><meta itemprop=\"dateModified\" content=\"2023-05-17T04:01:25-03:00\"\/><meta itemscope=\"\" itemprop=\"mainEntityOfPage\" itemtype=\"https:\/\/schema.org\/WebPage\" itemid=\"https:\/\/vejatimon.com\/geral\/aguas-de-timon-patrocina-projeto-social-que-resgata-a-historia-e-a-memoria-da-cidade\/\"\/><span class=\"td-page-meta\" itemprop=\"publisher\" itemscope=\"\" itemtype=\"https:\/\/schema.org\/Organization\"><span class=\"td-page-meta\" itemprop=\"logo\" itemscope=\"\" itemtype=\"https:\/\/schema.org\/ImageObject\"><meta itemprop=\"url\" content=\"https:\/\/vejatimon.com\/geral\/aguas-de-timon-patrocina-projeto-social-que-resgata-a-historia-e-a-memoria-da-cidade\/\"\/><\/span><meta itemprop=\"name\" content=\"Veja Timon\"\/><\/span><meta itemprop=\"headline\" content=\"\u00c1guas de Timon patrocina projeto social que resgata a hist\u00f3ria e a mem\u00f3ria da cidade\"\/><span class=\"td-page-meta\" itemprop=\"image\" itemscope=\"\" itemtype=\"https:\/\/schema.org\/ImageObject\"><meta itemprop=\"url\" content=\"https:\/\/vejatimon.com\/wp-content\/uploads\/2023\/05\/WhatsApp-Image-2023-05-12-at-09.53.37.jpeg\"\/><meta itemprop=\"width\" content=\"1024\"\/><meta itemprop=\"height\" content=\"790\"\/><\/span> <\/div>\n","protected":false},"excerpt":{"rendered":"<p>Dando continuidade \u00e0s suas a\u00e7\u00f5es de responsabilidade social \u00a0\u00c1guas de Timon est\u00e1 patrocinando o projeto \u201cA cidade da gente\u201d, uma cole\u00e7\u00e3o de livros que conta as hist\u00f3rias dos patrim\u00f4nios materiais,&hellip; <\/p>\n","protected":false},"author":1,"featured_media":55339,"comment_status":"open","ping_status":"open","sticky":false,"template":"","format":"standard","meta":{"footnotes":""},"categories":[534],"tags":[],"class_list":["post-55338","post","type-post","status-publish","format-standard","has-post-thumbnail","hentry","category-timon-ma"],"_links":{"self":[{"href":"https:\/\/mpiaui.com.br\/antigo\/index.php?rest_route=\/wp\/v2\/posts\/55338","targetHints":{"allow":["GET"]}}],"collection":[{"href":"https:\/\/mpiaui.com.br\/antigo\/index.php?rest_route=\/wp\/v2\/posts"}],"about":[{"href":"https:\/\/mpiaui.com.br\/antigo\/index.php?rest_route=\/wp\/v2\/types\/post"}],"author":[{"embeddable":true,"href":"https:\/\/mpiaui.com.br\/antigo\/index.php?rest_route=\/wp\/v2\/users\/1"}],"replies":[{"embeddable":true,"href":"https:\/\/mpiaui.com.br\/antigo\/index.php?rest_route=%2Fwp%2Fv2%2Fcomments&post=55338"}],"version-history":[{"count":0,"href":"https:\/\/mpiaui.com.br\/antigo\/index.php?rest_route=\/wp\/v2\/posts\/55338\/revisions"}],"wp:featuredmedia":[{"embeddable":true,"href":"https:\/\/mpiaui.com.br\/antigo\/index.php?rest_route=\/wp\/v2\/media\/55339"}],"wp:attachment":[{"href":"https:\/\/mpiaui.com.br\/antigo\/index.php?rest_route=%2Fwp%2Fv2%2Fmedia&parent=55338"}],"wp:term":[{"taxonomy":"category","embeddable":true,"href":"https:\/\/mpiaui.com.br\/antigo\/index.php?rest_route=%2Fwp%2Fv2%2Fcategories&post=55338"},{"taxonomy":"post_tag","embeddable":true,"href":"https:\/\/mpiaui.com.br\/antigo\/index.php?rest_route=%2Fwp%2Fv2%2Ftags&post=55338"}],"curies":[{"name":"wp","href":"https:\/\/api.w.org\/{rel}","templated":true}]}}