{"id":55356,"date":"2023-05-18T11:42:36","date_gmt":"2023-05-18T14:42:36","guid":{"rendered":"https:\/\/mpiaui.com.br\/piaui-fomento-libera-recursos-e-amplia-credito-para-empreendedores-de-pedro-ii\/"},"modified":"2023-05-18T11:42:36","modified_gmt":"2023-05-18T14:42:36","slug":"piaui-fomento-libera-recursos-e-amplia-credito-para-empreendedores-de-pedro-ii","status":"publish","type":"post","link":"https:\/\/mpiaui.com.br\/antigo\/?p=55356","title":{"rendered":"Piau\u00ed Fomento libera recursos e amplia cr\u00e9dito para empreendedores de Pedro II"},"content":{"rendered":"<p> [ad_1]<br \/>\n<\/p>\n<div>\n<p>A Ag\u00eancia de Fomento e Desenvolvimento do Estado do Piau\u00ed S.A (Piau\u00ed Fomento) liberou cr\u00e9dito para quatro empreendedores do munic\u00edpio de Pedro II, localizado a 165 km de Teresina. Durante a solenidade, a gerente de Opera\u00e7\u00f5es da Ag\u00eancia, F\u00e1bia Caroline, ministrou uma palestra na C\u00e2mara de Vereadores da cidade sobre as linhas de cr\u00e9dito dispon\u00edveis e como os outros empreendedores podem ser beneficiados.<\/p>\n<p>\u201cFoi um importante momento para divulgarmos como a Piau\u00ed Fomento pode contribuir com o desenvolvimento de neg\u00f3cios dos empreendedores do munic\u00edpio e que, com os recursos liberados, poder\u00e3o avan\u00e7ar no seu ramo de trabalho. A Piau\u00ed Fomento segue no desafio de estimular o desenvolvimento econ\u00f4mico e social dos piauienses, por meio do financiamento de neg\u00f3cios e oportunidades\u201d, disse F\u00e1bia Caroline.<\/p>\n<p><img decoding=\"async\" loading=\"lazy\" class=\"alignnone size-full wp-image-89112\" src=\"https:\/\/www.pi.gov.br\/wp-content\/uploads\/2023\/05\/WhatsApp-Image-2023-05-16-at-17.12.31-1.jpeg\" alt=\"\" width=\"1600\" height=\"1200\" srcset=\"https:\/\/www.pi.gov.br\/wp-content\/uploads\/2023\/05\/WhatsApp-Image-2023-05-16-at-17.12.31-1.jpeg 1600w, https:\/\/www.pi.gov.br\/wp-content\/uploads\/2023\/05\/WhatsApp-Image-2023-05-16-at-17.12.31-1-730x548.jpeg 730w, https:\/\/www.pi.gov.br\/wp-content\/uploads\/2023\/05\/WhatsApp-Image-2023-05-16-at-17.12.31-1-1070x803.jpeg 1070w, https:\/\/www.pi.gov.br\/wp-content\/uploads\/2023\/05\/WhatsApp-Image-2023-05-16-at-17.12.31-1-768x576.jpeg 768w, https:\/\/www.pi.gov.br\/wp-content\/uploads\/2023\/05\/WhatsApp-Image-2023-05-16-at-17.12.31-1-1536x1152.jpeg 1536w\" sizes=\"auto, (max-width: 1600px) 100vw, 1600px\"\/><\/p>\n<p>A vereadora de Pedro II Esmaela Macedo teve a iniciativa de divulgar a atua\u00e7\u00e3o da Piau\u00ed Fomento no munic\u00edpio e atraiu empreendedores que conquistaram o financiamento para as suas empresas. \u201cFoi uma honra poder colaborar com esse momento t\u00e3o importante para o desenvolvimento econ\u00f4mico do meu povo. Seguimos trazendo oportunidades para que nossos empreendedores possam fomentar mais desenvolvimento para seus neg\u00f3cios e nossa cidade\u201d, informa a parlamentar.<\/p>\n<p><img decoding=\"async\" loading=\"lazy\" class=\"alignnone size-full wp-image-89111\" src=\"https:\/\/www.pi.gov.br\/wp-content\/uploads\/2023\/05\/WhatsApp-Image-2023-05-16-at-17.12.33.jpeg\" alt=\"\" width=\"1600\" height=\"1200\" srcset=\"https:\/\/www.pi.gov.br\/wp-content\/uploads\/2023\/05\/WhatsApp-Image-2023-05-16-at-17.12.33.jpeg 1600w, https:\/\/www.pi.gov.br\/wp-content\/uploads\/2023\/05\/WhatsApp-Image-2023-05-16-at-17.12.33-730x548.jpeg 730w, https:\/\/www.pi.gov.br\/wp-content\/uploads\/2023\/05\/WhatsApp-Image-2023-05-16-at-17.12.33-1070x803.jpeg 1070w, https:\/\/www.pi.gov.br\/wp-content\/uploads\/2023\/05\/WhatsApp-Image-2023-05-16-at-17.12.33-768x576.jpeg 768w, https:\/\/www.pi.gov.br\/wp-content\/uploads\/2023\/05\/WhatsApp-Image-2023-05-16-at-17.12.33-1536x1152.jpeg 1536w\" sizes=\"auto, (max-width: 1600px) 100vw, 1600px\"\/><\/p>\n<p>Pedro II est\u00e1 na rota do turismo piauiense e \u00e9 destaque na for\u00e7a do trabalho e no atrativo de pessoas para a compra e venda de produtos. A cidade \u00e9 conhecida pela extra\u00e7\u00e3o de pedras de opala e produ\u00e7\u00e3o de joias, e conta com atrativos tur\u00edsticos como o Mirante do Gritador, as cachoeiras do Urubu Rei e do Salto Liso e o Museu da Ro\u00e7a. O munic\u00edpio, com temperaturas amenas, est\u00e1 a quase 600 metros de altitude acima do mar.<\/p>\n<p><img decoding=\"async\" loading=\"lazy\" class=\"aligncenter wp-image-89110 size-full\" src=\"https:\/\/www.pi.gov.br\/wp-content\/uploads\/2023\/05\/WhatsApp-Image-2023-05-16-at-17.12.31-e1684420553970.jpeg\" alt=\"\" width=\"1200\" height=\"882\" srcset=\"https:\/\/www.pi.gov.br\/wp-content\/uploads\/2023\/05\/WhatsApp-Image-2023-05-16-at-17.12.31-e1684420553970.jpeg 1200w, https:\/\/www.pi.gov.br\/wp-content\/uploads\/2023\/05\/WhatsApp-Image-2023-05-16-at-17.12.31-e1684420553970-730x537.jpeg 730w, https:\/\/www.pi.gov.br\/wp-content\/uploads\/2023\/05\/WhatsApp-Image-2023-05-16-at-17.12.31-e1684420553970-1070x786.jpeg 1070w, https:\/\/www.pi.gov.br\/wp-content\/uploads\/2023\/05\/WhatsApp-Image-2023-05-16-at-17.12.31-e1684420553970-768x564.jpeg 768w\" sizes=\"auto, (max-width: 1200px) 100vw, 1200px\"\/><\/p>\n<\/p><\/div>\n<p><script async=\"\" defer=\"\" crossorigin=\"anonymous\" src=\"https:\/\/connect.facebook.net\/pt_BR\/sdk.js#xfbml=1&#038;version=v3.3\"><\/script><br \/>\n<br \/>[ad_2]<\/p>\n","protected":false},"excerpt":{"rendered":"<p>[ad_1] A Ag\u00eancia de Fomento e Desenvolvimento do Estado do Piau\u00ed S.A (Piau\u00ed Fomento) liberou cr\u00e9dito para quatro empreendedores do munic\u00edpio de Pedro II, localizado a 165 km de Teresina.&hellip; <\/p>\n","protected":false},"author":1,"featured_media":55357,"comment_status":"open","ping_status":"open","sticky":false,"template":"","format":"standard","meta":{"footnotes":""},"categories":[938],"tags":[],"class_list":["post-55356","post","type-post","status-publish","format-standard","has-post-thumbnail","hentry","category-governador"],"_links":{"self":[{"href":"https:\/\/mpiaui.com.br\/antigo\/index.php?rest_route=\/wp\/v2\/posts\/55356","targetHints":{"allow":["GET"]}}],"collection":[{"href":"https:\/\/mpiaui.com.br\/antigo\/index.php?rest_route=\/wp\/v2\/posts"}],"about":[{"href":"https:\/\/mpiaui.com.br\/antigo\/index.php?rest_route=\/wp\/v2\/types\/post"}],"author":[{"embeddable":true,"href":"https:\/\/mpiaui.com.br\/antigo\/index.php?rest_route=\/wp\/v2\/users\/1"}],"replies":[{"embeddable":true,"href":"https:\/\/mpiaui.com.br\/antigo\/index.php?rest_route=%2Fwp%2Fv2%2Fcomments&post=55356"}],"version-history":[{"count":0,"href":"https:\/\/mpiaui.com.br\/antigo\/index.php?rest_route=\/wp\/v2\/posts\/55356\/revisions"}],"wp:featuredmedia":[{"embeddable":true,"href":"https:\/\/mpiaui.com.br\/antigo\/index.php?rest_route=\/wp\/v2\/media\/55357"}],"wp:attachment":[{"href":"https:\/\/mpiaui.com.br\/antigo\/index.php?rest_route=%2Fwp%2Fv2%2Fmedia&parent=55356"}],"wp:term":[{"taxonomy":"category","embeddable":true,"href":"https:\/\/mpiaui.com.br\/antigo\/index.php?rest_route=%2Fwp%2Fv2%2Fcategories&post=55356"},{"taxonomy":"post_tag","embeddable":true,"href":"https:\/\/mpiaui.com.br\/antigo\/index.php?rest_route=%2Fwp%2Fv2%2Ftags&post=55356"}],"curies":[{"name":"wp","href":"https:\/\/api.w.org\/{rel}","templated":true}]}}