{"id":55362,"date":"2023-05-18T12:28:15","date_gmt":"2023-05-18T15:28:15","guid":{"rendered":"https:\/\/mpiaui.com.br\/saf-realiza-treinamento-sobre-uso-de-tratores-que-serao-distribuidos-a-26-municipios\/"},"modified":"2023-05-18T12:28:15","modified_gmt":"2023-05-18T15:28:15","slug":"saf-realiza-treinamento-sobre-uso-de-tratores-que-serao-distribuidos-a-26-municipios","status":"publish","type":"post","link":"https:\/\/mpiaui.com.br\/antigo\/?p=55362","title":{"rendered":"SAF realiza treinamento sobre uso de tratores que ser\u00e3o distribu\u00eddos a 26 munic\u00edpios"},"content":{"rendered":"<p> [ad_1]<br \/>\n<\/p>\n<div>\n<p>A Secretaria de Estado da Agricultura Familiar (SAF) realizou, nesta quinta-feira (18), a demonstra\u00e7\u00e3o t\u00e9cnica de 26 tratores e implementos agr\u00edcolas que ser\u00e3o destinados a prefeituras e entidades ligadas \u00e0 agricultura familiar. Os equipamentos foram adquiridos por meio de emenda parlamentar do senador Marcelo Castro com um investimento total em torno de R$ 7 milh\u00f5es. A aquisi\u00e7\u00e3o faz parte do Programa de Valoriza\u00e7\u00e3o da Agricultura Familiar. A entrega oficial ser\u00e1, nesta sexta-feira (19), \u00e0s 8h, no p\u00e1tio da SAF.<\/p>\n<p>Um instrutor da empresa que foi licitada para a aquisi\u00e7\u00e3o dos equipamentos forneceu a orienta\u00e7\u00e3o sobre manuseio e manuten\u00e7\u00e3o dos equipamentos aos representantes das institui\u00e7\u00f5es que ir\u00e3o receber os tratores e aos tratoristas que v\u00e3o trabalhar nos ve\u00edculos. A diretora de Fortalecimento da Base Produtiva da SAF, Josi Costa, lembra que o ensino do manuseio adequado \u00e9 importante para que os equipamentos sejam bem utilizados pelos agricultores nos munic\u00edpios.<\/p>\n<div id=\"attachment_89123\" style=\"width: 1610px\" class=\"wp-caption alignnone\"><img decoding=\"async\" aria-describedby=\"caption-attachment-89123\" loading=\"lazy\" class=\"size-full wp-image-89123\" src=\"https:\/\/www.pi.gov.br\/wp-content\/uploads\/2023\/05\/WhatsApp-Image-2023-05-18-at-10.09.48.jpeg\" alt=\"Equipamentos agr\u00edcolas ser\u00e3o entregues nesta sexta-feira (19) para entidades ligadas \u00e0 agricultura familiar\" width=\"1600\" height=\"1140\" srcset=\"https:\/\/www.pi.gov.br\/wp-content\/uploads\/2023\/05\/WhatsApp-Image-2023-05-18-at-10.09.48.jpeg 1600w, https:\/\/www.pi.gov.br\/wp-content\/uploads\/2023\/05\/WhatsApp-Image-2023-05-18-at-10.09.48-730x520.jpeg 730w, https:\/\/www.pi.gov.br\/wp-content\/uploads\/2023\/05\/WhatsApp-Image-2023-05-18-at-10.09.48-1070x762.jpeg 1070w, https:\/\/www.pi.gov.br\/wp-content\/uploads\/2023\/05\/WhatsApp-Image-2023-05-18-at-10.09.48-768x547.jpeg 768w, https:\/\/www.pi.gov.br\/wp-content\/uploads\/2023\/05\/WhatsApp-Image-2023-05-18-at-10.09.48-1536x1094.jpeg 1536w\" sizes=\"auto, (max-width: 1600px) 100vw, 1600px\"\/><\/p>\n<p id=\"caption-attachment-89123\" class=\"wp-caption-text\">Equipamentos agr\u00edcolas ser\u00e3o entregues para entidades ligadas \u00e0 agricultura familiar<\/p>\n<\/div>\n<p>\u201cA gente sabe que uma das grandes dificuldades encontrada nos munic\u00edpios \u00e9 de implementos parados por dificuldade de manuseio. E al\u00e9m do uso, tem a quest\u00e3o da manuten\u00e7\u00e3o. O trator que \u00e9 usado diariamente precisa ser lubrificado, precisa do processo de revis\u00e3o, e na entrega t\u00e9cnica o instrutor repassa essas informa\u00e7\u00f5es\u201d, disse Josi Costa.<\/p>\n<p>Um dos tratoristas que participou da entrega t\u00e9cnica \u00e9 o Gilberto Mendes de Oliveira. Ele trabalha no Sindicato dos Trabalhadores Rurais de \u00c1gua Branca e conta que a m\u00e1quina \u00e9 fundamental para a facilita\u00e7\u00e3o no trabalho de quem vive no campo.\u00a0\u201cEssa m\u00e1quina tem tr\u00eas sistemas, e eu tenho mais costume de andar em m\u00e1quinas com um sistema. Eu j\u00e1 tenho experi\u00eancia com o manuseio de tratores, trabalho com isso h\u00e1 muitos anos, e a gente aqui consegue ter mais dicas para se tornar mais f\u00e1cil o trabalho com as m\u00e1quinas\u201d, disse o profissional.<\/p>\n<p><img decoding=\"async\" loading=\"lazy\" class=\"alignnone size-full wp-image-89119\" src=\"https:\/\/www.pi.gov.br\/wp-content\/uploads\/2023\/05\/WhatsApp-Image-2023-05-18-at-10.09.49-3.jpeg\" alt=\"\" width=\"1440\" height=\"960\" srcset=\"https:\/\/www.pi.gov.br\/wp-content\/uploads\/2023\/05\/WhatsApp-Image-2023-05-18-at-10.09.49-3.jpeg 1440w, https:\/\/www.pi.gov.br\/wp-content\/uploads\/2023\/05\/WhatsApp-Image-2023-05-18-at-10.09.49-3-730x487.jpeg 730w, https:\/\/www.pi.gov.br\/wp-content\/uploads\/2023\/05\/WhatsApp-Image-2023-05-18-at-10.09.49-3-1070x713.jpeg 1070w, https:\/\/www.pi.gov.br\/wp-content\/uploads\/2023\/05\/WhatsApp-Image-2023-05-18-at-10.09.49-3-768x512.jpeg 768w, https:\/\/www.pi.gov.br\/wp-content\/uploads\/2023\/05\/WhatsApp-Image-2023-05-18-at-10.09.49-3-391x260.jpeg 391w\" sizes=\"auto, (max-width: 1440px) 100vw, 1440px\"\/><\/p>\n<p>J\u00e1, a secret\u00e1ria-geral do Sindicato dos Trabalhadores Rurais de \u00c1gua Branca, Leide Daiane Miranda, frisa que essa aquisi\u00e7\u00e3o \u00e9 fundamental para os agricultores familiares, sobretudo \u00e0queles que n\u00e3o t\u00eam condi\u00e7\u00f5es de pagarem pelo equipamento.\u00a0\u201cT\u00eam muitos sem condi\u00e7\u00f5es de pagar uma hora de trator, que custa em torno de R$ 300, e a gente vai procurar uma maneira para estar ajudando o agricultor familiar\u201d, explicou Leide.<\/p>\n<p>Equipamentos<\/p>\n<p>Com os tratores, tamb\u00e9m ser\u00e3o entregues uma grade aradora e uma carroceria m\u00e9dia. O investimento total foi de mais de R$ 7 milh\u00f5es. Os implementos ser\u00e3o entregues para entidades ligadas aos agricultores familiares dos munic\u00edpios de \u00c1gua Branca, Barra D\u2019Alc\u00e2ntara, Bonfim do Piau\u00ed, Bom Jesus, Col\u00f4nia do Gurgueia, Corrente, Curimat\u00e1, Curral Novo do Piau\u00ed, Flores do Piau\u00ed, Floresta do Piau\u00ed, Fronteiras do Piau\u00ed, Guaribas, Itaueira, Jacobina do Piau\u00ed, Lagoa do Barro do Piau\u00ed, Jurema, Marcol\u00e2ndia, Monte Alegre do Piau\u00ed, Oeiras, Pau D\u2019Arco do Piau\u00ed, Pio IX, Ribeira do Piau\u00ed, Santa Filomena, S\u00e3o Braz do Piau\u00ed, S\u00e3o Jo\u00e3o do Piau\u00ed e Sim\u00f5es.<\/p>\n<p>A entrega oficial dos equipamentos ser\u00e1, nesta sexta-feira (19), \u00e0s 8h, no p\u00e1tio da SAF, na Rua Jo\u00e3o Cabral, 2319, Bairro Piraj\u00e1, em Teresina. A entrega ser\u00e1 feita pela secret\u00e1ria de Estado da Agricultura Familiar, Rejane Tavares, e tamb\u00e9m pelo autor das emendas, senador Marcelo Castro. Outras autoridades do estado tamb\u00e9m estar\u00e3o presentes ao ato.<\/p>\n<p><img decoding=\"async\" loading=\"lazy\" class=\"size-full wp-image-89122\" src=\"https:\/\/www.pi.gov.br\/wp-content\/uploads\/2023\/05\/WhatsApp-Image-2023-05-18-at-10.09.49.jpeg\" alt=\"Equipamentos agr\u00edcolas ser\u00e3o entregues nesta sexta-feira (19) para entidades ligadas \u00e0 agricultura familiar\" width=\"1600\" height=\"1222\" srcset=\"https:\/\/www.pi.gov.br\/wp-content\/uploads\/2023\/05\/WhatsApp-Image-2023-05-18-at-10.09.49.jpeg 1600w, https:\/\/www.pi.gov.br\/wp-content\/uploads\/2023\/05\/WhatsApp-Image-2023-05-18-at-10.09.49-730x558.jpeg 730w, https:\/\/www.pi.gov.br\/wp-content\/uploads\/2023\/05\/WhatsApp-Image-2023-05-18-at-10.09.49-1070x817.jpeg 1070w, https:\/\/www.pi.gov.br\/wp-content\/uploads\/2023\/05\/WhatsApp-Image-2023-05-18-at-10.09.49-768x587.jpeg 768w, https:\/\/www.pi.gov.br\/wp-content\/uploads\/2023\/05\/WhatsApp-Image-2023-05-18-at-10.09.49-1536x1173.jpeg 1536w\" sizes=\"auto, (max-width: 1600px) 100vw, 1600px\"\/><\/p>\n<\/p><\/div>\n<p><script async=\"\" defer=\"\" crossorigin=\"anonymous\" src=\"https:\/\/connect.facebook.net\/pt_BR\/sdk.js#xfbml=1&#038;version=v3.3\"><\/script><br \/>\n<br \/>[ad_2]<\/p>\n","protected":false},"excerpt":{"rendered":"<p>[ad_1] A Secretaria de Estado da Agricultura Familiar (SAF) realizou, nesta quinta-feira (18), a demonstra\u00e7\u00e3o t\u00e9cnica de 26 tratores e implementos agr\u00edcolas que ser\u00e3o destinados a prefeituras e entidades ligadas&hellip; <\/p>\n","protected":false},"author":1,"featured_media":55363,"comment_status":"open","ping_status":"open","sticky":false,"template":"","format":"standard","meta":{"footnotes":""},"categories":[938],"tags":[],"class_list":["post-55362","post","type-post","status-publish","format-standard","has-post-thumbnail","hentry","category-governador"],"_links":{"self":[{"href":"https:\/\/mpiaui.com.br\/antigo\/index.php?rest_route=\/wp\/v2\/posts\/55362","targetHints":{"allow":["GET"]}}],"collection":[{"href":"https:\/\/mpiaui.com.br\/antigo\/index.php?rest_route=\/wp\/v2\/posts"}],"about":[{"href":"https:\/\/mpiaui.com.br\/antigo\/index.php?rest_route=\/wp\/v2\/types\/post"}],"author":[{"embeddable":true,"href":"https:\/\/mpiaui.com.br\/antigo\/index.php?rest_route=\/wp\/v2\/users\/1"}],"replies":[{"embeddable":true,"href":"https:\/\/mpiaui.com.br\/antigo\/index.php?rest_route=%2Fwp%2Fv2%2Fcomments&post=55362"}],"version-history":[{"count":0,"href":"https:\/\/mpiaui.com.br\/antigo\/index.php?rest_route=\/wp\/v2\/posts\/55362\/revisions"}],"wp:featuredmedia":[{"embeddable":true,"href":"https:\/\/mpiaui.com.br\/antigo\/index.php?rest_route=\/wp\/v2\/media\/55363"}],"wp:attachment":[{"href":"https:\/\/mpiaui.com.br\/antigo\/index.php?rest_route=%2Fwp%2Fv2%2Fmedia&parent=55362"}],"wp:term":[{"taxonomy":"category","embeddable":true,"href":"https:\/\/mpiaui.com.br\/antigo\/index.php?rest_route=%2Fwp%2Fv2%2Fcategories&post=55362"},{"taxonomy":"post_tag","embeddable":true,"href":"https:\/\/mpiaui.com.br\/antigo\/index.php?rest_route=%2Fwp%2Fv2%2Ftags&post=55362"}],"curies":[{"name":"wp","href":"https:\/\/api.w.org\/{rel}","templated":true}]}}