{"id":55366,"date":"2023-05-18T12:58:01","date_gmt":"2023-05-18T15:58:01","guid":{"rendered":"https:\/\/mpiaui.com.br\/campanha-reforca-combate-ao-abuso-e-exploracao-sexual-de-criancas-e-adolescentes-em-oeiras\/"},"modified":"2023-05-18T12:58:01","modified_gmt":"2023-05-18T15:58:01","slug":"campanha-reforca-combate-ao-abuso-e-exploracao-sexual-de-criancas-e-adolescentes-em-oeiras","status":"publish","type":"post","link":"https:\/\/mpiaui.com.br\/antigo\/?p=55366","title":{"rendered":"Campanha refor\u00e7a combate ao abuso e explora\u00e7\u00e3o sexual de crian\u00e7as e adolescentes em Oeiras"},"content":{"rendered":"<p><\/p>\n<div>\n<p>A Prefeitura de Oeiras, por meio da Secretaria Municipal de Assist\u00eancia Social, promoveu ao longo dos \u00faltimos dias um conjunto de atividades alusivas ao Dia Nacional de Combate ao Abuso e Explora\u00e7\u00e3o Sexual de Crian\u00e7as e Adolescentes, celebrado anualmente em 18 de maio.<\/p>\n<p><a href=\"http:\/\/oeiras.pi.gov.br\/wp-content\/uploads\/2023\/05\/maio.jpg\"><img loading=\"lazy\" decoding=\"async\" class=\"alignnone wp-image-33574 size-full\" src=\"http:\/\/oeiras.pi.gov.br\/wp-content\/uploads\/2023\/05\/maio.jpg\" alt=\"\" width=\"1205\" height=\"908\" srcset=\"https:\/\/oeiras.pi.gov.br\/wp-content\/uploads\/2023\/05\/maio.jpg 1205w, https:\/\/oeiras.pi.gov.br\/wp-content\/uploads\/2023\/05\/maio-300x226.jpg 300w, https:\/\/oeiras.pi.gov.br\/wp-content\/uploads\/2023\/05\/maio-768x579.jpg 768w, https:\/\/oeiras.pi.gov.br\/wp-content\/uploads\/2023\/05\/maio-1024x772.jpg 1024w, https:\/\/oeiras.pi.gov.br\/wp-content\/uploads\/2023\/05\/maio-80x60.jpg 80w, https:\/\/oeiras.pi.gov.br\/wp-content\/uploads\/2023\/05\/maio-696x524.jpg 696w, https:\/\/oeiras.pi.gov.br\/wp-content\/uploads\/2023\/05\/maio-1068x805.jpg 1068w, https:\/\/oeiras.pi.gov.br\/wp-content\/uploads\/2023\/05\/maio-557x420.jpg 557w\" sizes=\"auto, (max-width: 1205px) 100vw, 1205px\"\/><\/a><\/p>\n<p>Atrav\u00e9s do Centro de Refer\u00eancia Especializado de Assist\u00eancia Social (CREAS) foram realizados bate-papos em escolas municipais e estaduais, com o objetivo de mobilizar alunos, professores, pais, m\u00e3es e respons\u00e1veis, convocando para o engajamento contra a viola\u00e7\u00e3o dos direitos sexuais do p\u00fablico infanto-juvenil.<\/p>\n<p>Os encontros contaram com a participa\u00e7\u00e3o da equipe t\u00e9cnica do CREAS, membros do Conselho Tutelar, assistentes sociais e psic\u00f3logas da rede municipal de ensino, que fizeram orienta\u00e7\u00f5es para alertar e prevenir casos de abuso e explora\u00e7\u00e3o sexual no munic\u00edpio.<\/p>\n<p>Este ano, o tema escolhido para a campanha alusiva ao 18 de maio foi \u201cEsse monstro \u00e9 bem real\u201d. A a\u00e7\u00e3o intensifica e refor\u00e7a a mobiliza\u00e7\u00e3o, sensibiliza\u00e7\u00e3o e informa\u00e7\u00e3o de toda a sociedade para a defesa dos direitos de crian\u00e7as e adolescentes.<\/p>\n<p><a href=\"http:\/\/oeiras.pi.gov.br\/wp-content\/uploads\/2023\/05\/maio1.jpg\"><img loading=\"lazy\" decoding=\"async\" class=\"alignnone size-full wp-image-33575\" src=\"http:\/\/oeiras.pi.gov.br\/wp-content\/uploads\/2023\/05\/maio1.jpg\" alt=\"\" width=\"1200\" height=\"900\" srcset=\"https:\/\/oeiras.pi.gov.br\/wp-content\/uploads\/2023\/05\/maio1.jpg 1200w, https:\/\/oeiras.pi.gov.br\/wp-content\/uploads\/2023\/05\/maio1-300x225.jpg 300w, https:\/\/oeiras.pi.gov.br\/wp-content\/uploads\/2023\/05\/maio1-768x576.jpg 768w, https:\/\/oeiras.pi.gov.br\/wp-content\/uploads\/2023\/05\/maio1-1024x768.jpg 1024w, https:\/\/oeiras.pi.gov.br\/wp-content\/uploads\/2023\/05\/maio1-80x60.jpg 80w, https:\/\/oeiras.pi.gov.br\/wp-content\/uploads\/2023\/05\/maio1-265x198.jpg 265w, https:\/\/oeiras.pi.gov.br\/wp-content\/uploads\/2023\/05\/maio1-696x522.jpg 696w, https:\/\/oeiras.pi.gov.br\/wp-content\/uploads\/2023\/05\/maio1-1068x801.jpg 1068w, https:\/\/oeiras.pi.gov.br\/wp-content\/uploads\/2023\/05\/maio1-560x420.jpg 560w\" sizes=\"auto, (max-width: 1200px) 100vw, 1200px\"\/><\/a> <a href=\"http:\/\/oeiras.pi.gov.br\/wp-content\/uploads\/2023\/05\/maio2.jpg\"><img loading=\"lazy\" decoding=\"async\" class=\"alignnone size-full wp-image-33576\" src=\"http:\/\/oeiras.pi.gov.br\/wp-content\/uploads\/2023\/05\/maio2.jpg\" alt=\"\" width=\"1440\" height=\"1085\" srcset=\"https:\/\/oeiras.pi.gov.br\/wp-content\/uploads\/2023\/05\/maio2.jpg 1440w, https:\/\/oeiras.pi.gov.br\/wp-content\/uploads\/2023\/05\/maio2-300x226.jpg 300w, https:\/\/oeiras.pi.gov.br\/wp-content\/uploads\/2023\/05\/maio2-768x579.jpg 768w, https:\/\/oeiras.pi.gov.br\/wp-content\/uploads\/2023\/05\/maio2-1024x772.jpg 1024w, https:\/\/oeiras.pi.gov.br\/wp-content\/uploads\/2023\/05\/maio2-80x60.jpg 80w, https:\/\/oeiras.pi.gov.br\/wp-content\/uploads\/2023\/05\/maio2-696x524.jpg 696w, https:\/\/oeiras.pi.gov.br\/wp-content\/uploads\/2023\/05\/maio2-1068x805.jpg 1068w, https:\/\/oeiras.pi.gov.br\/wp-content\/uploads\/2023\/05\/maio2-557x420.jpg 557w\" sizes=\"auto, (max-width: 1440px) 100vw, 1440px\"\/><\/a> <a href=\"http:\/\/oeiras.pi.gov.br\/wp-content\/uploads\/2023\/05\/maio3.jpg\"><img loading=\"lazy\" decoding=\"async\" class=\"alignnone size-full wp-image-33577\" src=\"http:\/\/oeiras.pi.gov.br\/wp-content\/uploads\/2023\/05\/maio3.jpg\" alt=\"\" width=\"1440\" height=\"1080\" srcset=\"https:\/\/oeiras.pi.gov.br\/wp-content\/uploads\/2023\/05\/maio3.jpg 1440w, https:\/\/oeiras.pi.gov.br\/wp-content\/uploads\/2023\/05\/maio3-300x225.jpg 300w, https:\/\/oeiras.pi.gov.br\/wp-content\/uploads\/2023\/05\/maio3-768x576.jpg 768w, https:\/\/oeiras.pi.gov.br\/wp-content\/uploads\/2023\/05\/maio3-1024x768.jpg 1024w, https:\/\/oeiras.pi.gov.br\/wp-content\/uploads\/2023\/05\/maio3-80x60.jpg 80w, https:\/\/oeiras.pi.gov.br\/wp-content\/uploads\/2023\/05\/maio3-265x198.jpg 265w, https:\/\/oeiras.pi.gov.br\/wp-content\/uploads\/2023\/05\/maio3-696x522.jpg 696w, https:\/\/oeiras.pi.gov.br\/wp-content\/uploads\/2023\/05\/maio3-1068x801.jpg 1068w, https:\/\/oeiras.pi.gov.br\/wp-content\/uploads\/2023\/05\/maio3-560x420.jpg 560w\" sizes=\"auto, (max-width: 1440px) 100vw, 1440px\"\/><\/a> <a href=\"http:\/\/oeiras.pi.gov.br\/wp-content\/uploads\/2023\/05\/maio4.jpg\"><img loading=\"lazy\" decoding=\"async\" class=\"alignnone size-full wp-image-33578\" src=\"http:\/\/oeiras.pi.gov.br\/wp-content\/uploads\/2023\/05\/maio4.jpg\" alt=\"\" width=\"1440\" height=\"1083\" srcset=\"https:\/\/oeiras.pi.gov.br\/wp-content\/uploads\/2023\/05\/maio4.jpg 1440w, https:\/\/oeiras.pi.gov.br\/wp-content\/uploads\/2023\/05\/maio4-300x226.jpg 300w, https:\/\/oeiras.pi.gov.br\/wp-content\/uploads\/2023\/05\/maio4-768x578.jpg 768w, https:\/\/oeiras.pi.gov.br\/wp-content\/uploads\/2023\/05\/maio4-1024x770.jpg 1024w, https:\/\/oeiras.pi.gov.br\/wp-content\/uploads\/2023\/05\/maio4-80x60.jpg 80w, https:\/\/oeiras.pi.gov.br\/wp-content\/uploads\/2023\/05\/maio4-265x198.jpg 265w, https:\/\/oeiras.pi.gov.br\/wp-content\/uploads\/2023\/05\/maio4-696x523.jpg 696w, https:\/\/oeiras.pi.gov.br\/wp-content\/uploads\/2023\/05\/maio4-1068x803.jpg 1068w, https:\/\/oeiras.pi.gov.br\/wp-content\/uploads\/2023\/05\/maio4-558x420.jpg 558w\" sizes=\"auto, (max-width: 1440px) 100vw, 1440px\"\/><\/a> <a href=\"http:\/\/oeiras.pi.gov.br\/wp-content\/uploads\/2023\/05\/maio5.jpg\"><img loading=\"lazy\" decoding=\"async\" class=\"alignnone size-full wp-image-33579\" src=\"http:\/\/oeiras.pi.gov.br\/wp-content\/uploads\/2023\/05\/maio5.jpg\" alt=\"\" width=\"1440\" height=\"1085\" srcset=\"https:\/\/oeiras.pi.gov.br\/wp-content\/uploads\/2023\/05\/maio5.jpg 1440w, https:\/\/oeiras.pi.gov.br\/wp-content\/uploads\/2023\/05\/maio5-300x226.jpg 300w, https:\/\/oeiras.pi.gov.br\/wp-content\/uploads\/2023\/05\/maio5-768x579.jpg 768w, https:\/\/oeiras.pi.gov.br\/wp-content\/uploads\/2023\/05\/maio5-1024x772.jpg 1024w, https:\/\/oeiras.pi.gov.br\/wp-content\/uploads\/2023\/05\/maio5-80x60.jpg 80w, https:\/\/oeiras.pi.gov.br\/wp-content\/uploads\/2023\/05\/maio5-696x524.jpg 696w, https:\/\/oeiras.pi.gov.br\/wp-content\/uploads\/2023\/05\/maio5-1068x805.jpg 1068w, https:\/\/oeiras.pi.gov.br\/wp-content\/uploads\/2023\/05\/maio5-557x420.jpg 557w\" sizes=\"auto, (max-width: 1440px) 100vw, 1440px\"\/><\/a><\/p>\n<\/p><\/div>\n","protected":false},"excerpt":{"rendered":"<p>A Prefeitura de Oeiras, por meio da Secretaria Municipal de Assist\u00eancia Social, promoveu ao longo dos \u00faltimos dias um conjunto de atividades alusivas ao Dia Nacional de Combate ao Abuso&hellip; <\/p>\n","protected":false},"author":1,"featured_media":55367,"comment_status":"open","ping_status":"open","sticky":false,"template":"","format":"standard","meta":{"footnotes":""},"categories":[52],"tags":[],"class_list":["post-55366","post","type-post","status-publish","format-standard","has-post-thumbnail","hentry","category-oeiras"],"_links":{"self":[{"href":"https:\/\/mpiaui.com.br\/antigo\/index.php?rest_route=\/wp\/v2\/posts\/55366","targetHints":{"allow":["GET"]}}],"collection":[{"href":"https:\/\/mpiaui.com.br\/antigo\/index.php?rest_route=\/wp\/v2\/posts"}],"about":[{"href":"https:\/\/mpiaui.com.br\/antigo\/index.php?rest_route=\/wp\/v2\/types\/post"}],"author":[{"embeddable":true,"href":"https:\/\/mpiaui.com.br\/antigo\/index.php?rest_route=\/wp\/v2\/users\/1"}],"replies":[{"embeddable":true,"href":"https:\/\/mpiaui.com.br\/antigo\/index.php?rest_route=%2Fwp%2Fv2%2Fcomments&post=55366"}],"version-history":[{"count":0,"href":"https:\/\/mpiaui.com.br\/antigo\/index.php?rest_route=\/wp\/v2\/posts\/55366\/revisions"}],"wp:featuredmedia":[{"embeddable":true,"href":"https:\/\/mpiaui.com.br\/antigo\/index.php?rest_route=\/wp\/v2\/media\/55367"}],"wp:attachment":[{"href":"https:\/\/mpiaui.com.br\/antigo\/index.php?rest_route=%2Fwp%2Fv2%2Fmedia&parent=55366"}],"wp:term":[{"taxonomy":"category","embeddable":true,"href":"https:\/\/mpiaui.com.br\/antigo\/index.php?rest_route=%2Fwp%2Fv2%2Fcategories&post=55366"},{"taxonomy":"post_tag","embeddable":true,"href":"https:\/\/mpiaui.com.br\/antigo\/index.php?rest_route=%2Fwp%2Fv2%2Ftags&post=55366"}],"curies":[{"name":"wp","href":"https:\/\/api.w.org\/{rel}","templated":true}]}}