{"id":55368,"date":"2023-05-18T13:10:40","date_gmt":"2023-05-18T16:10:40","guid":{"rendered":"https:\/\/mpiaui.com.br\/imepi-procon-e-deccoterc-fiscalizam-postos-de-combustiveis-em-teresina\/"},"modified":"2023-05-18T13:10:40","modified_gmt":"2023-05-18T16:10:40","slug":"imepi-procon-e-deccoterc-fiscalizam-postos-de-combustiveis-em-teresina","status":"publish","type":"post","link":"https:\/\/mpiaui.com.br\/antigo\/?p=55368","title":{"rendered":"Imepi, Procon e Deccoterc fiscalizam postos de combust\u00edveis em Teresina"},"content":{"rendered":"<p> [ad_1]<br \/>\n<\/p>\n<div>\n<p>O Instituto de Metrologia do Estado do Piau\u00ed (Imepi), em parceria com representantes do Programa Estadual de Prote\u00e7\u00e3o e Defesa do Consumidor (Procon\/MPPI) e a Delegacia Especializada de Crimes Contra a Ordem Tribut\u00e1ria, Econ\u00f4mica e Contra as Rela\u00e7\u00f5es de Consumo (Deccoterc), realizou,\u00a0nesta quinta-feira (18), mais uma opera\u00e7\u00e3o em postos de combust\u00edveis de Teresina.<\/p>\n<p>De acordo com a diretora-geral do Imepi, Patr\u00edcia Leal, a fiscaliza\u00e7\u00e3o visa a combater poss\u00edveis irregularidades e defender o consumidor. \u201cEstamos fiscalizando todos os itens de n\u00e3o conformidade, assim como pre\u00e7o e qualidade do combust\u00edvel colocado no ve\u00edculo do consumidor\u201d, ressalta a gestora.<\/p>\n<p><img decoding=\"async\" loading=\"lazy\" class=\"alignnone wp-image-89176 size-full\" src=\"https:\/\/www.pi.gov.br\/wp-content\/uploads\/2023\/05\/IMG-20230518-WA0008-e1684425451137.jpg\" alt=\"\" width=\"1436\" height=\"664\" srcset=\"https:\/\/www.pi.gov.br\/wp-content\/uploads\/2023\/05\/IMG-20230518-WA0008-e1684425451137.jpg 1436w, https:\/\/www.pi.gov.br\/wp-content\/uploads\/2023\/05\/IMG-20230518-WA0008-e1684425451137-730x338.jpg 730w, https:\/\/www.pi.gov.br\/wp-content\/uploads\/2023\/05\/IMG-20230518-WA0008-e1684425451137-1070x495.jpg 1070w, https:\/\/www.pi.gov.br\/wp-content\/uploads\/2023\/05\/IMG-20230518-WA0008-e1684425451137-768x355.jpg 768w\" sizes=\"auto, (max-width: 1436px) 100vw, 1436px\"\/><\/p>\n<p>Segundo o delegado Sebasti\u00e3o Alencar, titular da Deccoterc, o trabalho integrado entre os \u00f3rg\u00e3os endossa o compromisso do Governo do Estado em fiscalizar os postos de combust\u00edveis, al\u00e9m de garantir mais agilidade no momento da vistoria. \u201cEstamos dando cumprimento \u00e0 portaria do secret\u00e1rio no sentido de adequar o pre\u00e7o que a distribuidora fornece com o pre\u00e7o final que \u00e9 vendido para o consumidor nos postos\u201d, finaliza o delegado.<\/p>\n<p><img decoding=\"async\" loading=\"lazy\" class=\"wp-image-89175 size-full aligncenter\" src=\"https:\/\/www.pi.gov.br\/wp-content\/uploads\/2023\/05\/IMG-20230518-WA0007-e1684425523266.jpg\" alt=\"\" width=\"1100\" height=\"720\" srcset=\"https:\/\/www.pi.gov.br\/wp-content\/uploads\/2023\/05\/IMG-20230518-WA0007-e1684425523266.jpg 1100w, https:\/\/www.pi.gov.br\/wp-content\/uploads\/2023\/05\/IMG-20230518-WA0007-e1684425523266-730x478.jpg 730w, https:\/\/www.pi.gov.br\/wp-content\/uploads\/2023\/05\/IMG-20230518-WA0007-e1684425523266-1070x700.jpg 1070w, https:\/\/www.pi.gov.br\/wp-content\/uploads\/2023\/05\/IMG-20230518-WA0007-e1684425523266-768x503.jpg 768w\" sizes=\"auto, (max-width: 1100px) 100vw, 1100px\"\/><\/p>\n<p>As fiscaliza\u00e7\u00f5es direcionadas aos postos de combust\u00edveis foram intensificadas neste m\u00eas de maio em Teresina e cidades do interior do Piau\u00ed. Em caso de irregularidades, o consumidor pode enviar uma den\u00fancia ao Imepi por meio do WhatsApp da ouvidoria do instituto, no n\u00famero (86) 99456-1921.<\/p>\n<\/p><\/div>\n<p><script async=\"\" defer=\"\" crossorigin=\"anonymous\" src=\"https:\/\/connect.facebook.net\/pt_BR\/sdk.js#xfbml=1&#038;version=v3.3\"><\/script><br \/>\n<br \/>[ad_2]<\/p>\n","protected":false},"excerpt":{"rendered":"<p>[ad_1] O Instituto de Metrologia do Estado do Piau\u00ed (Imepi), em parceria com representantes do Programa Estadual de Prote\u00e7\u00e3o e Defesa do Consumidor (Procon\/MPPI) e a Delegacia Especializada de Crimes&hellip; <\/p>\n","protected":false},"author":1,"featured_media":55369,"comment_status":"open","ping_status":"open","sticky":false,"template":"","format":"standard","meta":{"footnotes":""},"categories":[938],"tags":[],"class_list":["post-55368","post","type-post","status-publish","format-standard","has-post-thumbnail","hentry","category-governador"],"_links":{"self":[{"href":"https:\/\/mpiaui.com.br\/antigo\/index.php?rest_route=\/wp\/v2\/posts\/55368","targetHints":{"allow":["GET"]}}],"collection":[{"href":"https:\/\/mpiaui.com.br\/antigo\/index.php?rest_route=\/wp\/v2\/posts"}],"about":[{"href":"https:\/\/mpiaui.com.br\/antigo\/index.php?rest_route=\/wp\/v2\/types\/post"}],"author":[{"embeddable":true,"href":"https:\/\/mpiaui.com.br\/antigo\/index.php?rest_route=\/wp\/v2\/users\/1"}],"replies":[{"embeddable":true,"href":"https:\/\/mpiaui.com.br\/antigo\/index.php?rest_route=%2Fwp%2Fv2%2Fcomments&post=55368"}],"version-history":[{"count":0,"href":"https:\/\/mpiaui.com.br\/antigo\/index.php?rest_route=\/wp\/v2\/posts\/55368\/revisions"}],"wp:featuredmedia":[{"embeddable":true,"href":"https:\/\/mpiaui.com.br\/antigo\/index.php?rest_route=\/wp\/v2\/media\/55369"}],"wp:attachment":[{"href":"https:\/\/mpiaui.com.br\/antigo\/index.php?rest_route=%2Fwp%2Fv2%2Fmedia&parent=55368"}],"wp:term":[{"taxonomy":"category","embeddable":true,"href":"https:\/\/mpiaui.com.br\/antigo\/index.php?rest_route=%2Fwp%2Fv2%2Fcategories&post=55368"},{"taxonomy":"post_tag","embeddable":true,"href":"https:\/\/mpiaui.com.br\/antigo\/index.php?rest_route=%2Fwp%2Fv2%2Ftags&post=55368"}],"curies":[{"name":"wp","href":"https:\/\/api.w.org\/{rel}","templated":true}]}}