{"id":55374,"date":"2023-05-18T14:50:51","date_gmt":"2023-05-18T17:50:51","guid":{"rendered":"https:\/\/mpiaui.com.br\/evaldo-gomes-rebate-prefeito-e-pede-auditoria-em-pastas-da-prefeitura\/"},"modified":"2023-05-18T14:50:51","modified_gmt":"2023-05-18T17:50:51","slug":"evaldo-gomes-rebate-prefeito-e-pede-auditoria-em-pastas-da-prefeitura","status":"publish","type":"post","link":"https:\/\/mpiaui.com.br\/antigo\/?p=55374","title":{"rendered":"Evaldo Gomes rebate prefeito e pede auditoria em pastas da Prefeitura"},"content":{"rendered":"<div>\n<p>\n                                                <img decoding=\"async\" src=\"https:\/\/piauihoje.com\/uploads\/imagens\/evaldo-gomes-1684431828.jpg\" alt=\"Evaldo Gomes\" style=\"width: 100% !important;\"\/>\n                                                <\/p>\n<p>\n                                                    <span>Evaldo Gomes<\/span><br \/>\n                                                    <span>Foto: Divulga\u00e7\u00e3o Alepi<\/span>\n                                                <\/p>\n<p>O deputado Evaldo Gomes, durante a sess\u00e3o plen\u00e1ria desta quarta-feira (17) da Assembleia Legislativa do Piau\u00ed (Alepi), comentou o desacordo entre o partido Solidariedade, do qual \u00e9 presidente estadual, e a Prefeitura de Teresina, especificamente em rela\u00e7\u00e3o ao prefeito, Dr. Pessoa (Republicanos).<\/p>\n<p>Na segunda-feira (15), o Executivo municipal exonerou o ent\u00e3o presidente da Funda\u00e7\u00e3o Cultural Monsenhor Chaves (FMC), \u00canio Portela, e nomeou para seu lugar o vereador Neto do Angelim. Segundo Evaldo Gomes, Dr. Pessoa disse, em entrevista \u00e0 TV Antena 10, que iria fazer uma auditoria na Funda\u00e7\u00e3o Monsenhor Chaves. \u201cEu encaminharei por escrito que ele fa\u00e7a auditoria n\u00e3o s\u00f3 na Funda\u00e7\u00e3o Monsenhor Chaves, como na Eturb [Empresa Teresinense de Desenvolvimento Urbano], na Secretaria de Comunica\u00e7\u00e3o, na Secretaria de Educa\u00e7\u00e3o. Eu vou solicitar, atrav\u00e9s de requerimento, como sugest\u00e3o ao prefeito, que ele fa\u00e7a auditoria em todas essas pastas\u201d, afirmou Gomes.<\/p>\n<p>O deputado acrescentou que, Fernanda Gomes, vereadora pelo Solidariedade, tamb\u00e9m vai apresentar \u00e0 C\u00e2mara de Vereadores de Teresina um requerimento para que haja auditoria nessas secretarias da gest\u00e3o municipal. \u201cQuem n\u00e3o deve n\u00e3o teme. O homem p\u00fablico que tem medo de auditoria, tem medo de CPI, \u00e9 por que deve. E n\u00f3s n\u00e3o devemos\u201d, assegurou Evaldo Gomes.<\/p>\n<p><strong>COLETA DE LIXO<\/strong> &#8211; O parlamentar aproveitou o ensejo para exigir da prefeitura da capital que resolva os problemas da coleta de lixo. Afirmou que na ter\u00e7a-feira (16) \u201cfoi desclassificada uma empresa que ganhou a licita\u00e7\u00e3o. E a segunda, que eles querem se tornar a vencedora, est\u00e1 cheia de problemas onde eles administram. Em Jo\u00e3o Pessoa, por exemplo, os garis est\u00e3o em greve, \u00e9 uma empresa que deve muitos encargos sociais. E mais do que isso: \u00e9 uma empresa que est\u00e1 sendo acusada de corrup\u00e7\u00e3o\u201d, asseverou.<\/p>\n<p>B\u00e1rbara do Firmino (PP) tamb\u00e9m afirmou que recebeu den\u00fancia de irregularidades na licita\u00e7\u00e3o. \u201cApesar de ter vencido o prazo da licita\u00e7\u00e3o, do atual contrato vigente, sabemos que n\u00e3o vai ter outro processo licitat\u00f3rio, vai haver uma dispensa de licita\u00e7\u00e3o devido \u00e0 atual gest\u00e3o\u201d.<\/p>\n<p>A parlamentar disse, ainda, que \u201cn\u00e3o existe compromisso dessa gest\u00e3o com a cidade de Teresina. Inclusive os trabalhadores da empresa que cuidam dos res\u00edduos s\u00f3lidos de Teresina est\u00e3o em greve por falta de condi\u00e7\u00f5es de trabalho devido \u00e0 falta de administra\u00e7\u00e3o p\u00fablica da prefeitura\u201d, disse.<\/p>\n<\/p><\/div>\n","protected":false},"excerpt":{"rendered":"<p>Evaldo Gomes Foto: Divulga\u00e7\u00e3o Alepi O deputado Evaldo Gomes, durante a sess\u00e3o plen\u00e1ria desta quarta-feira (17) da Assembleia Legislativa do Piau\u00ed (Alepi), comentou o desacordo entre o partido Solidariedade, do&hellip; <\/p>\n","protected":false},"author":1,"featured_media":55375,"comment_status":"open","ping_status":"open","sticky":false,"template":"","format":"standard","meta":{"footnotes":""},"categories":[78],"tags":[],"class_list":["post-55374","post","type-post","status-publish","format-standard","has-post-thumbnail","hentry","category-teresina"],"_links":{"self":[{"href":"https:\/\/mpiaui.com.br\/antigo\/index.php?rest_route=\/wp\/v2\/posts\/55374","targetHints":{"allow":["GET"]}}],"collection":[{"href":"https:\/\/mpiaui.com.br\/antigo\/index.php?rest_route=\/wp\/v2\/posts"}],"about":[{"href":"https:\/\/mpiaui.com.br\/antigo\/index.php?rest_route=\/wp\/v2\/types\/post"}],"author":[{"embeddable":true,"href":"https:\/\/mpiaui.com.br\/antigo\/index.php?rest_route=\/wp\/v2\/users\/1"}],"replies":[{"embeddable":true,"href":"https:\/\/mpiaui.com.br\/antigo\/index.php?rest_route=%2Fwp%2Fv2%2Fcomments&post=55374"}],"version-history":[{"count":0,"href":"https:\/\/mpiaui.com.br\/antigo\/index.php?rest_route=\/wp\/v2\/posts\/55374\/revisions"}],"wp:featuredmedia":[{"embeddable":true,"href":"https:\/\/mpiaui.com.br\/antigo\/index.php?rest_route=\/wp\/v2\/media\/55375"}],"wp:attachment":[{"href":"https:\/\/mpiaui.com.br\/antigo\/index.php?rest_route=%2Fwp%2Fv2%2Fmedia&parent=55374"}],"wp:term":[{"taxonomy":"category","embeddable":true,"href":"https:\/\/mpiaui.com.br\/antigo\/index.php?rest_route=%2Fwp%2Fv2%2Fcategories&post=55374"},{"taxonomy":"post_tag","embeddable":true,"href":"https:\/\/mpiaui.com.br\/antigo\/index.php?rest_route=%2Fwp%2Fv2%2Ftags&post=55374"}],"curies":[{"name":"wp","href":"https:\/\/api.w.org\/{rel}","templated":true}]}}