{"id":55376,"date":"2023-05-18T15:16:09","date_gmt":"2023-05-18T18:16:09","guid":{"rendered":"https:\/\/mpiaui.com.br\/dois-postos-sao-notificados-por-nao-reduzirem-os-precos-dos-combustiveis\/"},"modified":"2023-05-18T15:16:09","modified_gmt":"2023-05-18T18:16:09","slug":"dois-postos-sao-notificados-por-nao-reduzirem-os-precos-dos-combustiveis","status":"publish","type":"post","link":"https:\/\/mpiaui.com.br\/antigo\/?p=55376","title":{"rendered":"Dois postos s\u00e3o notificados por n\u00e3o reduzirem os pre\u00e7os dos combust\u00edveis"},"content":{"rendered":"<div>\n<p>\n                                                <img decoding=\"async\" src=\"https:\/\/piauihoje.com\/uploads\/imagens\/whatsapp-image-2023-05-18-at-11-31-34-1684432832.jpeg\" alt=\"Fiscaliza\u00e7\u00e3o nos postos de combust\u00edveis de Teresina\" style=\"width: 100% !important;\"\/>\n                                                <\/p>\n<p>\n                                                    <span>Fiscaliza\u00e7\u00e3o nos postos de combust\u00edveis de Teresina<\/span><br \/>\n                                                    <span>Foto: Divulga\u00e7\u00e3o SSP\/PI<\/span>\n                                                <\/p>\n<p>Uma a\u00e7\u00e3o conjunta de fiscaliza\u00e7\u00e3o notificou dois postos de combust\u00edveis de Teresina, na manh\u00e3 desta quinta-feira, 18. Os estabelecimentos n\u00e3o cumpriram a nova pol\u00edtica de pre\u00e7os da Petrobras e n\u00e3o reduziram os pre\u00e7os dos combust\u00edveis, como prev\u00ea a orienta\u00e7\u00e3o t\u00e9cnica da Secretaria Nacional do Consumidor (Senacon) do Minist\u00e9rio da Justi\u00e7a.<\/p>\n<p>De acordo com o gerente da Diretoria de Prote\u00e7\u00e3o ao Consumidor da Secretaria de Seguran\u00e7a P\u00fablica, Hassan Said, a fiscaliza\u00e7\u00e3o ser\u00e1 realizada durante todo o dia de hoje em postos localizados em todas as zonas da capital e tamb\u00e9m nas distribuidoras de combust\u00edveis.<\/p>\n<p><img decoding=\"async\" src=\"https:\/\/piauihoje.com\/uploads\/editor\/whatsapp-image-2023-05-18-at-11_05b4bc833901c0c6e5c031d4caf1c123ff7f6b5b.jpeg\" style=\"width: 373px;\" class=\"fr-fic fr-dib\"\/><\/p>\n<p>\u201cRealizamos a vistoria em tr\u00eas redes de postos de combust\u00edveis localizados na zona leste da capital, um deles foi notificado e tem o prazo de duas horas para reduzir o pre\u00e7o da gasolina e do etanol, o outro dever\u00e1 baixar o pre\u00e7o do etanol tamb\u00e9m em duas horas\u201d, explicou o gerente.<\/p>\n<p>O secret\u00e1rio de Seguran\u00e7a P\u00fablica, Chico Lucas, informou que a redu\u00e7\u00e3o do valor dos combust\u00edveis nas refinarias dever\u00e1 ser imediatamente repassada aos consumidores pelos postos revendedores de combust\u00edveis. Em caso de descumprimento, o infrator ficar\u00e1 sujeito a san\u00e7\u00f5es administrativas, entre elas, multa, suspens\u00e3o tempor\u00e1ria da atividade, interdi\u00e7\u00e3o, total ou parcial, do estabelecimento e cassa\u00e7\u00e3o da licen\u00e7a de funcionamento.<\/p>\n<p><img decoding=\"async\" src=\"https:\/\/piauihoje.com\/uploads\/editor\/whatsapp-image-2023-05-18-at-11_9e2c6ff5e23d6a9b25a13f25e621265371c9e735.jpeg\" style=\"width: 800px;\" class=\"fr-fic fr-dib\"\/><\/p>\n<p>Participaram da a\u00e7\u00e3o: a Secretaria de Seguran\u00e7a P\u00fablica, por meio da Diretoria de Prote\u00e7\u00e3o ao Consumidor (PROCON\/SSP), o Programa Estadual de Prote\u00e7\u00e3o e Defesa do Consumidor do Minist\u00e9rio P\u00fablico (Procon\/MP-PI), o Instituto de Metrologia do Estado do Piau\u00ed (IMEPI) e a Delegacia Especializada de Crimes Contra a Ordem Tribut\u00e1ria, Econ\u00f4mica e Contra as rela\u00e7\u00f5es de Consumo (DECCOTERC).<\/p>\n<p><span class=\"fr-video fr-dvb fr-draggable\" contenteditable=\"false\" draggable=\"true\"><video class=\"fr-draggable\" controls=\"\" src=\"https:\/\/piauihoje.com\/uploads\/editor\/whatsapp-video-2023-05-18-at-11-31-35-mp4.mp4\" style=\"width: 1237px; height: 2186px;\">Your browser does not support HTML5 video.<\/video><\/span><\/p>\n<\/p><\/div>\n","protected":false},"excerpt":{"rendered":"<p>Fiscaliza\u00e7\u00e3o nos postos de combust\u00edveis de Teresina Foto: Divulga\u00e7\u00e3o SSP\/PI Uma a\u00e7\u00e3o conjunta de fiscaliza\u00e7\u00e3o notificou dois postos de combust\u00edveis de Teresina, na manh\u00e3 desta quinta-feira, 18. Os estabelecimentos n\u00e3o&hellip; <\/p>\n","protected":false},"author":1,"featured_media":55377,"comment_status":"open","ping_status":"open","sticky":false,"template":"","format":"standard","meta":{"footnotes":""},"categories":[78],"tags":[],"class_list":["post-55376","post","type-post","status-publish","format-standard","has-post-thumbnail","hentry","category-teresina"],"_links":{"self":[{"href":"https:\/\/mpiaui.com.br\/antigo\/index.php?rest_route=\/wp\/v2\/posts\/55376","targetHints":{"allow":["GET"]}}],"collection":[{"href":"https:\/\/mpiaui.com.br\/antigo\/index.php?rest_route=\/wp\/v2\/posts"}],"about":[{"href":"https:\/\/mpiaui.com.br\/antigo\/index.php?rest_route=\/wp\/v2\/types\/post"}],"author":[{"embeddable":true,"href":"https:\/\/mpiaui.com.br\/antigo\/index.php?rest_route=\/wp\/v2\/users\/1"}],"replies":[{"embeddable":true,"href":"https:\/\/mpiaui.com.br\/antigo\/index.php?rest_route=%2Fwp%2Fv2%2Fcomments&post=55376"}],"version-history":[{"count":0,"href":"https:\/\/mpiaui.com.br\/antigo\/index.php?rest_route=\/wp\/v2\/posts\/55376\/revisions"}],"wp:featuredmedia":[{"embeddable":true,"href":"https:\/\/mpiaui.com.br\/antigo\/index.php?rest_route=\/wp\/v2\/media\/55377"}],"wp:attachment":[{"href":"https:\/\/mpiaui.com.br\/antigo\/index.php?rest_route=%2Fwp%2Fv2%2Fmedia&parent=55376"}],"wp:term":[{"taxonomy":"category","embeddable":true,"href":"https:\/\/mpiaui.com.br\/antigo\/index.php?rest_route=%2Fwp%2Fv2%2Fcategories&post=55376"},{"taxonomy":"post_tag","embeddable":true,"href":"https:\/\/mpiaui.com.br\/antigo\/index.php?rest_route=%2Fwp%2Fv2%2Ftags&post=55376"}],"curies":[{"name":"wp","href":"https:\/\/api.w.org\/{rel}","templated":true}]}}